{"id":19168,"date":"2020-02-19T23:50:46","date_gmt":"2020-02-19T23:50:46","guid":{"rendered":"https:\/\/jorgezanoni.com.br\/2019\/?p=19168"},"modified":"2020-02-19T23:50:46","modified_gmt":"2020-02-19T23:50:46","slug":"1a-companhia-da-policia-militar-ira-reforcar-o-policiamento-durante-o-periodo-de-carnaval","status":"publish","type":"post","link":"https:\/\/jorgezanoni.com.br\/2019\/1a-companhia-da-policia-militar-ira-reforcar-o-policiamento-durante-o-periodo-de-carnaval\/","title":{"rendered":"1\u00aa Companhia da Pol\u00edcia Militar ir\u00e1 refor\u00e7ar o policiamento durante o per\u00edodo de Carnaval"},"content":{"rendered":"<p style=\"text-align: justify;\"><strong>A 1\u00aa Companhia que abrange as cidades de Dracena, Junqueir\u00f3polis e Ouro Verde, ir\u00e1 refor\u00e7ar o policiamento durante o per\u00edodo de carnaval.<\/strong><\/p>\n<p style=\"text-align: justify;\">Em princ\u00edpio temos alguns eventos em locais fechados, com seguran\u00e7a particular, e dois desfiles de bloco de rua, a serem realizados nos dias 21 (sexta) e 25 (ter\u00e7a).<\/p>\n<p style=\"text-align: justify;\">Sobre os desfiles, j\u00e1 houve uma reuni\u00e3o com todos os envolvidos e foram apresentadas as documenta\u00e7\u00f5es necess\u00e1rias.<\/p>\n<p style=\"text-align: justify;\">Haver\u00e1 o acompanhamento da Pol\u00edcia Militar, para fins de proporcionar seguran\u00e7a ao p\u00fablico e aos usu\u00e1rios da via. O hor\u00e1rio estipulado pela Prefeitura Municipal dever\u00e1 ser obrigatoriamente respeitado. Estaremos atentos ainda quanto ao consumo de bebida alco\u00f3lica, em especial quanto \u00e0 proibi\u00e7\u00e3o de se servir menores de idade.<\/p>\n<p style=\"text-align: justify;\">\nDentro deste contexto, outro ponto importante ser\u00e1 a fiscaliza\u00e7\u00e3o de condutores sob eventual efeito de \u00e1lcool, sendo que para tanto estar\u00e1 dispon\u00edvel com os policiais militares um equipamento comumente chamado de &#8220;Etil\u00f4metro Passivo&#8221;, sendo ele capaz de detectar ingest\u00e3o de \u00e1lcool pela simples aproxima\u00e7\u00e3o do condutor. Com esse aparelho ser\u00e1 poss\u00edvel identificar o condutor alcoolizado no mesmo instante em que se pede a documenta\u00e7\u00e3o para fins de averigua\u00e7\u00e3o. Esse ato n\u00e3o depende da autoriza\u00e7\u00e3o do condutor.<\/p>\n<p style=\"text-align: justify;\">\nSe for detectado que o condutor ingeriu \u00e1lcool, independente da quantidade, acender\u00e1 uma luz vermelha e ele ser\u00e1 convidado a fazer o teste com o etil\u00f4metro completo.<\/p>\n<p style=\"text-align: justify;\">\nSe for aceito, uma vez detectado o n\u00edvel de toler\u00e2ncia (margem de erro), ser\u00e1 liberado. Acima dessa margem poder\u00e1 ser apenas autuado administrativamente (R$ 2.934,70) ou, al\u00e9m disso, tamb\u00e9m receber voz de pris\u00e3o em flagrante por embriaguez ao volante.<\/p>\n<p style=\"text-align: justify;\">\nSe houver recusa em soprar o etil\u00f4metro completo, ser\u00e1 autuado por recusa (R$ 2.934,70) e estar\u00e1 sujeito \u00e0 interpreta\u00e7\u00e3o do policial militar sobre os sinais de embriaguez. Havendo pelo menos dois sinais t\u00edpicos de embriaguez, al\u00e9m da multa ser\u00e1 autuado em flagrante delito.<\/p>\n<p style=\"text-align: justify;\">\nVale lembrar ainda que as multas s\u00e3o grav\u00edssimas e podem gerar suspens\u00e3o do direito de dirigir por at\u00e9 12 meses. Al\u00e9m disso em caso de reincid\u00eancia em per\u00edodo inferior a um ano, a multa ser\u00e1 dobrada (R$ 5.869,40).<\/p>\n<p style=\"text-align: justify;\">\nPor fim o Comandante da 1\u00aa Companhia ainda orienta sobre cuidados com a resid\u00eancia ao sair de viagem, devendo ser praticada a vizinhan\u00e7a solid\u00e1ria, ou seja, solicitar \u00e0 pessoas de absoluta confian\u00e7a que possam estar atentas \u00e0 resid\u00eancia enquanto estiver fechada, acionando a Pol\u00edcia Militar em caso de algo suspeito.<\/p>\n<p style=\"text-align: justify;\">\nAten\u00e7\u00e3o redobrada nos deslocamentos, pois a seguran\u00e7a tamb\u00e9m \u00e9 defensiva.<\/p>\n<p style=\"text-align: justify;\"><img loading=\"lazy\" decoding=\"async\" class=\"alignnone size-full wp-image-19169\" src=\"https:\/\/jorgezanoni.com.br\/2019\/wp-content\/uploads\/2020\/02\/carna.jpg\" alt=\"\" width=\"648\" height=\"1152\" srcset=\"https:\/\/jorgezanoni.com.br\/2019\/wp-content\/uploads\/2020\/02\/carna.jpg 648w, https:\/\/jorgezanoni.com.br\/2019\/wp-content\/uploads\/2020\/02\/carna-169x300.jpg 169w, https:\/\/jorgezanoni.com.br\/2019\/wp-content\/uploads\/2020\/02\/carna-576x1024.jpg 576w, https:\/\/jorgezanoni.com.br\/2019\/wp-content\/uploads\/2020\/02\/carna-236x420.jpg 236w\" sizes=\"auto, (max-width: 648px) 100vw, 648px\" \/><img loading=\"lazy\" decoding=\"async\" class=\"alignnone size-full wp-image-19170\" src=\"https:\/\/jorgezanoni.com.br\/2019\/wp-content\/uploads\/2020\/02\/carna1.jpg\" alt=\"\" width=\"648\" height=\"1152\" srcset=\"https:\/\/jorgezanoni.com.br\/2019\/wp-content\/uploads\/2020\/02\/carna1.jpg 648w, https:\/\/jorgezanoni.com.br\/2019\/wp-content\/uploads\/2020\/02\/carna1-169x300.jpg 169w, https:\/\/jorgezanoni.com.br\/2019\/wp-content\/uploads\/2020\/02\/carna1-576x1024.jpg 576w, https:\/\/jorgezanoni.com.br\/2019\/wp-content\/uploads\/2020\/02\/carna1-236x420.jpg 236w\" sizes=\"auto, (max-width: 648px) 100vw, 648px\" \/> <img loading=\"lazy\" decoding=\"async\" class=\"alignnone size-full wp-image-19171\" src=\"https:\/\/jorgezanoni.com.br\/2019\/wp-content\/uploads\/2020\/02\/carna2.jpg\" alt=\"\" width=\"1032\" height=\"581\" srcset=\"https:\/\/jorgezanoni.com.br\/2019\/wp-content\/uploads\/2020\/02\/carna2.jpg 1032w, https:\/\/jorgezanoni.com.br\/2019\/wp-content\/uploads\/2020\/02\/carna2-300x169.jpg 300w, https:\/\/jorgezanoni.com.br\/2019\/wp-content\/uploads\/2020\/02\/carna2-768x432.jpg 768w, https:\/\/jorgezanoni.com.br\/2019\/wp-content\/uploads\/2020\/02\/carna2-1024x576.jpg 1024w, https:\/\/jorgezanoni.com.br\/2019\/wp-content\/uploads\/2020\/02\/carna2-696x392.jpg 696w, https:\/\/jorgezanoni.com.br\/2019\/wp-content\/uploads\/2020\/02\/carna2-746x420.jpg 746w\" sizes=\"auto, (max-width: 1032px) 100vw, 1032px\" \/><\/p>\n<p style=\"text-align: justify;\">Pol\u00edcia Militar, a For\u00e7a Publica de S\u00e3o Paulo.<\/p>\n<p style=\"text-align: justify;\">Fonte: Com. Social da Pol\u00edcia Militar<\/p>\n","protected":false},"excerpt":{"rendered":"<p>A 1\u00aa Companhia que abrange as cidades de Dracena, Junqueir\u00f3polis e Ouro Verde, ir\u00e1 refor\u00e7ar o policiamento durante o per\u00edodo de carnaval. Em princ\u00edpio temos alguns eventos em locais fechados, com seguran\u00e7a particular, e dois desfiles de bloco de rua, a serem realizados nos dias 21 (sexta) e 25 (ter\u00e7a). Sobre os desfiles, j\u00e1 houve [&hellip;]<\/p>\n","protected":false},"author":1,"featured_media":19169,"comment_status":"closed","ping_status":"open","sticky":false,"template":"","format":"standard","meta":{"footnotes":""},"categories":[110,2],"tags":[],"class_list":["post-19168","post","type-post","status-publish","format-standard","has-post-thumbnail","hentry","category-noticiasdestaque","category-policial"],"_links":{"self":[{"href":"https:\/\/jorgezanoni.com.br\/2019\/wp-json\/wp\/v2\/posts\/19168","targetHints":{"allow":["GET"]}}],"collection":[{"href":"https:\/\/jorgezanoni.com.br\/2019\/wp-json\/wp\/v2\/posts"}],"about":[{"href":"https:\/\/jorgezanoni.com.br\/2019\/wp-json\/wp\/v2\/types\/post"}],"author":[{"embeddable":true,"href":"https:\/\/jorgezanoni.com.br\/2019\/wp-json\/wp\/v2\/users\/1"}],"replies":[{"embeddable":true,"href":"https:\/\/jorgezanoni.com.br\/2019\/wp-json\/wp\/v2\/comments?post=19168"}],"version-history":[{"count":0,"href":"https:\/\/jorgezanoni.com.br\/2019\/wp-json\/wp\/v2\/posts\/19168\/revisions"}],"wp:featuredmedia":[{"embeddable":true,"href":"https:\/\/jorgezanoni.com.br\/2019\/wp-json\/wp\/v2\/media\/19169"}],"wp:attachment":[{"href":"https:\/\/jorgezanoni.com.br\/2019\/wp-json\/wp\/v2\/media?parent=19168"}],"wp:term":[{"taxonomy":"category","embeddable":true,"href":"https:\/\/jorgezanoni.com.br\/2019\/wp-json\/wp\/v2\/categories?post=19168"},{"taxonomy":"post_tag","embeddable":true,"href":"https:\/\/jorgezanoni.com.br\/2019\/wp-json\/wp\/v2\/tags?post=19168"}],"curies":[{"name":"wp","href":"https:\/\/api.w.org\/{rel}","templated":true}]}}