{"id":19109,"date":"2020-02-19T16:05:30","date_gmt":"2020-02-19T16:05:30","guid":{"rendered":"https:\/\/jorgezanoni.com.br\/2019\/?p=19109"},"modified":"2020-02-19T16:05:30","modified_gmt":"2020-02-19T16:05:30","slug":"educacao-fisica-um-futuro-promissor","status":"publish","type":"post","link":"https:\/\/jorgezanoni.com.br\/2019\/educacao-fisica-um-futuro-promissor\/","title":{"rendered":"Educa\u00e7\u00e3o F\u00edsica: um futuro promissor"},"content":{"rendered":"<p style=\"font-weight: 400; text-align: justify;\"><strong><em>O profissional formado pela Unifadra Osmano Neto j\u00e1 \u00e9 destaque no mercado de trabalho.<\/em><\/strong><\/p>\n<p style=\"font-weight: 400; text-align: justify;\"><em>\u00a0<\/em>Quando se pensa em Educa\u00e7\u00e3o F\u00edsica, se pensa em academias. Mas a atua\u00e7\u00e3o do profissional da Educa\u00e7\u00e3o F\u00edsica vai muito al\u00e9m disso. A pr\u00e1tica de atividades f\u00edsicas \u00e9 a chave para o bem estar e para a sa\u00fade. Por isso, o profissional da \u00e1rea tem um leque de op\u00e7\u00f5es para atuar no mercado de trabalho.<br \/>\nO profissional de Educa\u00e7\u00e3o F\u00edsica tem em sua forma\u00e7\u00e3o diversas disciplinas que o permitem conhecer e avaliar cada aluno com suas individualidades biopsicossociais e entender as modifica\u00e7\u00f5es mec\u00e2nicas e fisiol\u00f3gicas proporcionadas pelo exerc\u00edcio f\u00edsico. Assim, \u00e9 apto para atuar tanto na \u00e1rea de fitness, de condicionamento f\u00edsico, treinamento esportivo, recrea\u00e7\u00e3o, reabilita\u00e7\u00e3o, quanto na inicia\u00e7\u00e3o esportiva e no est\u00edmulo ao desenvolvimento motor na \u00e1rea escolar.<br \/>\nEm tempos desafiadores, ter esp\u00edrito empreendedor n\u00e3o \u00e9 nada f\u00e1cil. \u00c9 preciso ter muito empenho, foco e criatividade para se destacar entre os demais. Osmano Neto \u00e9 profissional da Educa\u00e7\u00e3o F\u00edsica formado recentemente pela Unifadra e j\u00e1 conquistou seu espa\u00e7o no mercado de trabalho. O jovem empreendedor \u00e9 instrutor e um dos propriet\u00e1rios de uma academia local da modalidade cross training. Osmano j\u00e1 atuou na \u00e1rea escolar, no Anglo-CID, e hoje faz trabalhos de coach e instrutor f\u00edsico. \u201cO curso foi me contagiando um pouco mais a cada dia, me estimulando a sempre buscar o meu melhor. Da\u00ed nasceu a minha empresa ON Treinamento Multifuncional e hoje somos a Cross Pull Dog de Dracena\u201d, comentou o jovem.<br \/>\nAcompanhando as constantes evolu\u00e7\u00f5es, inclusive tecnol\u00f3gicas, o curso de Educa\u00e7\u00e3o F\u00edsica da Unifadra \u00e9 atualizado, bem equipado, com corpo docente titulado e qualificado. S\u00e3o oferecidas oportunidades de viv\u00eancia da pr\u00e1tica profissional em projetos que aliam ensino, pesquisa e extens\u00e3o, como exemplificado pelos diversos eventos promovidos pelo curso e pelos projetos em parceria com a Prefeitura Municipal de Dracena, como os programas Viva a Vida e Parkinson. A Unifadra tamb\u00e9m oferece aos seus alunos a disciplina extracurricular de Empreendedorismo, preparando ainda mais os estudantes para o mercado de trabalho.<br \/>\nPara mais informa\u00e7\u00f5es e vestibular agendado: (18) 3821-9004 \/ 99802-1237 e\u00a0<a href=\"http:\/\/www.fundec.edu.br\/unifadra\">www.fundec.edu.br\/unifadra<\/a><\/p>\n<p style=\"font-weight: 400; text-align: justify;\">Carolina Colnago<\/p>\n<p style=\"font-weight: 400; text-align: justify;\">Assessora de Comunica\u00e7\u00e3o da Fundec &#8211; Jornalista<\/p>\n<p style=\"text-align: justify;\">Foto: Osmano Neto, ex-aluno da Unifadra.<\/p>\n","protected":false},"excerpt":{"rendered":"<p>O profissional formado pela Unifadra Osmano Neto j\u00e1 \u00e9 destaque no mercado de trabalho. \u00a0Quando se pensa em Educa\u00e7\u00e3o F\u00edsica, se pensa em academias. Mas a atua\u00e7\u00e3o do profissional da Educa\u00e7\u00e3o F\u00edsica vai muito al\u00e9m disso. A pr\u00e1tica de atividades f\u00edsicas \u00e9 a chave para o bem estar e para a sa\u00fade. Por isso, o [&hellip;]<\/p>\n","protected":false},"author":1,"featured_media":19110,"comment_status":"closed","ping_status":"open","sticky":false,"template":"","format":"standard","meta":{"footnotes":""},"categories":[122],"tags":[],"class_list":["post-19109","post","type-post","status-publish","format-standard","has-post-thumbnail","hentry","category-saudeeducacaoeconcurso"],"_links":{"self":[{"href":"https:\/\/jorgezanoni.com.br\/2019\/wp-json\/wp\/v2\/posts\/19109","targetHints":{"allow":["GET"]}}],"collection":[{"href":"https:\/\/jorgezanoni.com.br\/2019\/wp-json\/wp\/v2\/posts"}],"about":[{"href":"https:\/\/jorgezanoni.com.br\/2019\/wp-json\/wp\/v2\/types\/post"}],"author":[{"embeddable":true,"href":"https:\/\/jorgezanoni.com.br\/2019\/wp-json\/wp\/v2\/users\/1"}],"replies":[{"embeddable":true,"href":"https:\/\/jorgezanoni.com.br\/2019\/wp-json\/wp\/v2\/comments?post=19109"}],"version-history":[{"count":0,"href":"https:\/\/jorgezanoni.com.br\/2019\/wp-json\/wp\/v2\/posts\/19109\/revisions"}],"wp:featuredmedia":[{"embeddable":true,"href":"https:\/\/jorgezanoni.com.br\/2019\/wp-json\/wp\/v2\/media\/19110"}],"wp:attachment":[{"href":"https:\/\/jorgezanoni.com.br\/2019\/wp-json\/wp\/v2\/media?parent=19109"}],"wp:term":[{"taxonomy":"category","embeddable":true,"href":"https:\/\/jorgezanoni.com.br\/2019\/wp-json\/wp\/v2\/categories?post=19109"},{"taxonomy":"post_tag","embeddable":true,"href":"https:\/\/jorgezanoni.com.br\/2019\/wp-json\/wp\/v2\/tags?post=19109"}],"curies":[{"name":"wp","href":"https:\/\/api.w.org\/{rel}","templated":true}]}}