{"id":19105,"date":"2020-02-19T15:25:06","date_gmt":"2020-02-19T15:25:06","guid":{"rendered":"https:\/\/jorgezanoni.com.br\/2019\/?p=19105"},"modified":"2020-02-19T15:25:06","modified_gmt":"2020-02-19T15:25:06","slug":"dracena-tempersul-intelli-conhece-adversarios-na-copa-lpf-e-estreia-na-liga-nacional-sera-contra-o-cascavel-no-alaor","status":"publish","type":"post","link":"https:\/\/jorgezanoni.com.br\/2019\/dracena-tempersul-intelli-conhece-adversarios-na-copa-lpf-e-estreia-na-liga-nacional-sera-contra-o-cascavel-no-alaor\/","title":{"rendered":"Dracena Tempersul Intelli conhece advers\u00e1rios na Copa LPF e estr\u00e9ia na Liga Nacional ser\u00e1 contra o Cascavel no Alaor"},"content":{"rendered":"<p style=\"font-weight: 400; text-align: justify;\"><strong>Dracena Tempersul Intelli conhece advers\u00e1rios na Copa LPF<\/strong><strong>\u00a0<\/strong><\/p>\n<p style=\"font-weight: 400; text-align: justify;\">Em conselho arbitral realizado na \u00faltima sexta-feira (14), na sede da Liga Paulista de Futsal, em S\u00e3o Paulo foram definidos o formato e as equipes que disputar\u00e3o a Copa LPF, antiga Copa Paulista de Futsal.<\/p>\n<p style=\"font-weight: 400; text-align: justify;\">O Dracena Tempersul Intelli caiu no grupo C, ao lado de Pulo do Gato, de Campinas, Uniara\/Fundesporte, de Araraquara, S\u00e3o Caetano Futsal e Hortol\u00e2ndia Futsal. A chave A ter\u00e1 Indaiatuba, Taubat\u00e9 Futsal, Bar\u00e3o de Mau\u00e1, de Ribeir\u00e3o Preto, S\u00e3o Bernardo Futsal e Futsal Tabo\u00e3o. Na B as equipes s\u00e3o o Mogi Futsal, Santo Andr\u00e9 Futsal, AA Botucatuense, N10\/Jundia\u00ed e Yoka\/Guaratinguet\u00e1.<\/p>\n<p style=\"font-weight: 400; text-align: justify;\">Para a edi\u00e7\u00e3o 2020, na fase inicial o regulamento prev\u00ea partidas disputadas em turno \u00fanico, classificando-se para a segunda fase as quatro primeiras colocadas de cada chave.<\/p>\n<p style=\"font-weight: 400; text-align: justify;\">Os playoffs ter\u00e3o confrontos em jogo \u00fanico, com prorroga\u00e7\u00e3o em caso de empate no tempo regulamentar. Se mantida a igualdade no placar, a equipe de melhor campanha avan\u00e7a \u00e0 fase seguinte. Na final haver\u00e1 disputa por penalidades em caso de empates nos tempos normal e prorroga\u00e7\u00e3o. O mando de quadra da final\u00edssima \u00e9 da Liga Paulista de Futsal.<\/p>\n<p style=\"font-weight: 400; text-align: justify;\">O arbitral tamb\u00e9m definiu que o Dracena Tempersul Intelli receber\u00e1 no gin\u00e1sio Alaor Ferrari as equipes do grupo B. J\u00e1 contra os times do A as partidas ser\u00e3o na casa do advers\u00e1rio.<\/p>\n<p style=\"font-weight: 400; text-align: justify;\">&#8220;A Copa \u00e9 um campeonato muito dif\u00edcil e que necessita de aten\u00e7\u00e3o a todo momento. O chaveamento nos imp\u00f4s viagens longas, ent\u00e3o teremos que cuidar bastante da log\u00edstica para \u00a0minimizar o desgaste do elenco&#8221;, analisou o presidente Lucas Batista.<\/p>\n<p style=\"font-weight: 400; text-align: justify;\"><strong>Dracena Tempersul Intelli estreia na Liga Nacional contra o Cascavel no Alaor<\/strong><\/p>\n<p style=\"font-weight: 400; text-align: justify;\"><em>Supervisor Cid\u00e3o participou da reuni\u00e3o que definiu os crit\u00e9rios de disputa da competi\u00e7\u00e3o.<\/em><\/p>\n<p><img loading=\"lazy\" decoding=\"async\" class=\"alignnone size-full wp-image-19106\" src=\"https:\/\/jorgezanoni.com.br\/2019\/wp-content\/uploads\/2020\/02\/Vidro.jpg\" alt=\"\" width=\"800\" height=\"1067\" srcset=\"https:\/\/jorgezanoni.com.br\/2019\/wp-content\/uploads\/2020\/02\/Vidro.jpg 800w, https:\/\/jorgezanoni.com.br\/2019\/wp-content\/uploads\/2020\/02\/Vidro-225x300.jpg 225w, https:\/\/jorgezanoni.com.br\/2019\/wp-content\/uploads\/2020\/02\/Vidro-768x1024.jpg 768w, https:\/\/jorgezanoni.com.br\/2019\/wp-content\/uploads\/2020\/02\/Vidro-696x928.jpg 696w, https:\/\/jorgezanoni.com.br\/2019\/wp-content\/uploads\/2020\/02\/Vidro-315x420.jpg 315w\" sizes=\"auto, (max-width: 800px) 100vw, 800px\" \/><\/p>\n<p style=\"font-weight: 400; text-align: justify;\">Em Assembleia Geral realizada durante esta ter\u00e7a-feira (18), a Liga Nacional de Futsal definiu a tabela provis\u00f3ria de jogos e os crit\u00e9rios de disputada da competi\u00e7\u00e3o em 2020. O Dracena Tempersul Intelli far\u00e1 sua estreia frente ao Cascavel, no gin\u00e1sio Alaor Ferrari, no dia 27 de mar\u00e7o.<\/p>\n<p style=\"font-weight: 400; text-align: justify;\">Com 21 equipes participantes confirmados, a Liga Nacional ser\u00e1 disputada em turno \u00fanico, com casa equipe fazendo dez jogos em seu gin\u00e1sio e dez jogos na casa dos advers\u00e1rios. Avan\u00e7am para a fase de playoffs as 16 melhores classificadas.<\/p>\n<p style=\"font-weight: 400; text-align: justify;\">O Dracena Tempersul Intelli esteve representado pelo supervisor Cid\u00e3o. Na ocasi\u00e3o, foram debatidos, junto aos representantes das franquias e dire\u00e7\u00e3o da entidade, o regulamento da competi\u00e7\u00e3o, crit\u00e9rios de desempate e todos os detalhes que fazem da Liga Nacional o principal campeonato da modalidade. Tamb\u00e9m foi aprovado o balan\u00e7o financeiro de 2019.<\/p>\n<p style=\"font-weight: 400; text-align: justify;\">&#8220;Essa Assembleia \u00e9 important\u00edssima porque define todas as regras do campeonato&#8221;, analisou Cid\u00e3o. &#8220;A Liga \u00e9 o campeonato mais dif\u00edcil do mundo e, assim como n\u00f3s, muitas equipes se mexeram bem no mercado e formaram bons planteis. Acredito que haja grande equil\u00edbrio de for\u00e7as. O fator casa ser\u00e1 preponderante para que tenhamos uma boa campanha&#8221;, completou.<\/p>\n<p style=\"font-weight: 400; text-align: justify;\"><strong>Tabela provis\u00f3ria<\/strong><\/p>\n<p style=\"font-weight: 400; text-align: justify;\">A Liga Nacional definiu a ordem dos confrontos da fase de classifica\u00e7\u00e3o. As datas ser\u00e3o divulgadas de forma completa posteriormente.<\/p>\n<p style=\"font-weight: 400; text-align: justify;\">Rodada 1 &#8211; Dracena Tempersul Intelli x Cascavel \u2013 Gin\u00e1sio Alaor Ferrari \u2013 27\/03\/2020<\/p>\n<p style=\"font-weight: 400; text-align: justify;\">Rodada 2 &#8211; Bras\u00edlia x Dracena Tempersul Intelli<\/p>\n<p style=\"font-weight: 400; text-align: justify;\">Rodada 3 &#8211; Dracena Tempersul Intelli x Umuarama \u2013 Gin\u00e1sio Alaor Ferrari<\/p>\n<p style=\"font-weight: 400; text-align: justify;\">Rodada 4 &#8211; Corinthians x Dracena Tempersul Intelli<\/p>\n<p style=\"font-weight: 400; text-align: justify;\">Rodada 5 &#8211; Dracena Tempersul Intelli x Minas \u2013 Gin\u00e1sio Alaor Ferrari<\/p>\n<p style=\"font-weight: 400; text-align: justify;\">Rodada 6 &#8211; Joa\u00e7aba x Dracena Tempersul Intelli<\/p>\n<p style=\"font-weight: 400; text-align: justify;\">Rodada 7 &#8211; Dracena Tempersul Intelli x Campo Mour\u00e3o &#8211; Gin\u00e1sio Alaor Ferrari<\/p>\n<p style=\"font-weight: 400; text-align: justify;\">Rodada 8 \u2013 FOLGA<\/p>\n<p style=\"font-weight: 400; text-align: justify;\">Rodada 9 \u2013 Carlos Barbosa x Dracena Tempersul Intelli<\/p>\n<p style=\"font-weight: 400; text-align: justify;\">Rodada 10 &#8211; Dracena Tempersul Intelli x Magnus Sorocaba &#8211; Gin\u00e1sio Alaor Ferrari<\/p>\n<p style=\"font-weight: 400; text-align: justify;\">Rodada 11 \u2013 Foz Cataratas x Dracena Tempersul Intelli<\/p>\n<p style=\"font-weight: 400; text-align: justify;\">Rodada 12 &#8211; Dracena Tempersul Intelli x Assoeva &#8211; Gin\u00e1sio Alaor Ferrari<\/p>\n<p style=\"font-weight: 400; text-align: justify;\">Rodada 13 \u2013 Joinville x Dracena Tempersul Intelli<\/p>\n<p style=\"font-weight: 400; text-align: justify;\">Rodada 14 &#8211; Dracena Tempersul Intelli\u00a0 x Jaragu\u00e1 &#8211; Gin\u00e1sio Alaor Ferrari<\/p>\n<p style=\"font-weight: 400; text-align: justify;\">Rodada 15 &#8211; Praia Clube x Dracena Tempersul Intelli<\/p>\n<p style=\"font-weight: 400; text-align: justify;\">Rodada 16 &#8211; Dracena Tempersul Intelli\u00a0 x Atl\u00e2ntico &#8211; Gin\u00e1sio Alaor Ferrari<\/p>\n<p style=\"font-weight: 400; text-align: justify;\">Rodada 17 \u2013 Blumenau x Dracena Tempersul Intelli<\/p>\n<p style=\"font-weight: 400; text-align: justify;\">Rodada 18 \u2013 Dracena Tempersul Intelli x Pato &#8211; Gin\u00e1sio Alaor Ferrari<\/p>\n<p style=\"font-weight: 400; text-align: justify;\">Rodada 19 \u2013 Tubar\u00e3o x Dracena Tempersul Intelli<\/p>\n<p style=\"font-weight: 400; text-align: justify;\">Rodada 20 &#8211; Dracena Tempersul Intelli x S\u00e3o Jos\u00e9 &#8211; Gin\u00e1sio Alaor Ferrari<\/p>\n<p style=\"font-weight: 400; text-align: justify;\">Rodada 21 \u2013 Marreco x Dracena Tempersul Intellli<\/p>\n<p style=\"text-align: justify;\">Fonte: Assessoria de Imprensa<\/p>\n","protected":false},"excerpt":{"rendered":"<p>Dracena Tempersul Intelli conhece advers\u00e1rios na Copa LPF\u00a0 Em conselho arbitral realizado na \u00faltima sexta-feira (14), na sede da Liga Paulista de Futsal, em S\u00e3o Paulo foram definidos o formato e as equipes que disputar\u00e3o a Copa LPF, antiga Copa Paulista de Futsal. O Dracena Tempersul Intelli caiu no grupo C, ao lado de Pulo [&hellip;]<\/p>\n","protected":false},"author":1,"featured_media":19107,"comment_status":"closed","ping_status":"open","sticky":false,"template":"","format":"standard","meta":{"footnotes":""},"categories":[111],"tags":[],"class_list":["post-19105","post","type-post","status-publish","format-standard","has-post-thumbnail","hentry","category-esporteecultura"],"_links":{"self":[{"href":"https:\/\/jorgezanoni.com.br\/2019\/wp-json\/wp\/v2\/posts\/19105","targetHints":{"allow":["GET"]}}],"collection":[{"href":"https:\/\/jorgezanoni.com.br\/2019\/wp-json\/wp\/v2\/posts"}],"about":[{"href":"https:\/\/jorgezanoni.com.br\/2019\/wp-json\/wp\/v2\/types\/post"}],"author":[{"embeddable":true,"href":"https:\/\/jorgezanoni.com.br\/2019\/wp-json\/wp\/v2\/users\/1"}],"replies":[{"embeddable":true,"href":"https:\/\/jorgezanoni.com.br\/2019\/wp-json\/wp\/v2\/comments?post=19105"}],"version-history":[{"count":0,"href":"https:\/\/jorgezanoni.com.br\/2019\/wp-json\/wp\/v2\/posts\/19105\/revisions"}],"wp:featuredmedia":[{"embeddable":true,"href":"https:\/\/jorgezanoni.com.br\/2019\/wp-json\/wp\/v2\/media\/19107"}],"wp:attachment":[{"href":"https:\/\/jorgezanoni.com.br\/2019\/wp-json\/wp\/v2\/media?parent=19105"}],"wp:term":[{"taxonomy":"category","embeddable":true,"href":"https:\/\/jorgezanoni.com.br\/2019\/wp-json\/wp\/v2\/categories?post=19105"},{"taxonomy":"post_tag","embeddable":true,"href":"https:\/\/jorgezanoni.com.br\/2019\/wp-json\/wp\/v2\/tags?post=19105"}],"curies":[{"name":"wp","href":"https:\/\/api.w.org\/{rel}","templated":true}]}}