{"id":19090,"date":"2020-02-19T12:21:07","date_gmt":"2020-02-19T12:21:07","guid":{"rendered":"https:\/\/jorgezanoni.com.br\/2019\/?p=19090"},"modified":"2020-02-19T12:21:07","modified_gmt":"2020-02-19T12:21:07","slug":"caminhoes-sao-destruidos-pelo-fogo-apos-batida-em-rodovia","status":"publish","type":"post","link":"https:\/\/jorgezanoni.com.br\/2019\/caminhoes-sao-destruidos-pelo-fogo-apos-batida-em-rodovia\/","title":{"rendered":"Caminh\u00f5es s\u00e3o destru\u00eddos pelo fogo ap\u00f3s batida em Rodovia"},"content":{"rendered":"<h2 class=\"content-head__subtitle\" style=\"text-align: justify;\"><strong>Ningu\u00e9m se feriu em decorr\u00eancia do acidente registrado no trecho de Taciba na rodovia Jorge Bassil Dower. Per\u00edcia deve apontar as causas da colis\u00e3o.<\/strong><\/h2>\n<div class=\"mc-column content-text active-extra-styles \" data-block-type=\"unstyled\" data-block-weight=\"30\" data-block-id=\"2\">\n<p class=\"content-text__container \" style=\"text-align: justify;\" data-track-category=\"Link no Texto\" data-track-links=\"\">Dois caminh\u00f5es se envolveram em um acidente de tr\u00e2nsito na Rodovia Jorge Bassil Dower (SP-421), em\u00a0<a href=\"http:\/\/g1.globo.com\/sp\/presidente-prudente-regiao\/cidade\/taciba.html\">Taciba<\/a>, nesta ter\u00e7a-feira (18). Os ve\u00edculos pegaram fogo e ficaram destru\u00eddos. Ningu\u00e9m se feriu.<\/p>\n<\/div>\n<div class=\"wall protected-content\">\n<div class=\"mc-column content-text active-extra-styles \" style=\"text-align: justify;\" data-block-type=\"unstyled\" data-block-weight=\"25\" data-block-id=\"3\">\n<p class=\"content-text__container \" data-track-category=\"Link no Texto\" data-track-links=\"\">&#8220;Quando bateu j\u00e1 pegou fogo. N\u00e3o consegui pegar nada. Foi s\u00f3 o tempo de eu &#8216;voar&#8217; da cabine&#8221;, disse o caminhoneiro Jodezio Cesar Macena Dutra.<\/p>\n<\/div>\n<div class=\"mc-column content-text active-extra-styles \" style=\"text-align: justify;\" data-block-type=\"unstyled\" data-block-weight=\"13\" data-block-id=\"4\">\n<p class=\"content-text__container \" data-track-category=\"Link no Texto\" data-track-links=\"\">Uma das carretas estava carregada com grafite e a outra n\u00e3o levava carga.<\/p>\n<\/div>\n<div class=\"mc-column content-text active-extra-styles \" data-block-type=\"unstyled\" data-block-weight=\"8\" data-block-id=\"5\">\n<p class=\"content-text__container \" style=\"text-align: justify;\" data-track-category=\"Link no Texto\" data-track-links=\"\">A per\u00edcia deve apontar as causas do acidente.<\/p>\n<p data-track-category=\"Link no Texto\" data-track-links=\"\"><img loading=\"lazy\" decoding=\"async\" class=\"alignnone size-full wp-image-19092\" src=\"https:\/\/jorgezanoni.com.br\/2019\/wp-content\/uploads\/2020\/02\/fogo1-1.jpeg\" alt=\"\" width=\"640\" height=\"360\" srcset=\"https:\/\/jorgezanoni.com.br\/2019\/wp-content\/uploads\/2020\/02\/fogo1-1.jpeg 640w, https:\/\/jorgezanoni.com.br\/2019\/wp-content\/uploads\/2020\/02\/fogo1-1-300x169.jpeg 300w\" sizes=\"auto, (max-width: 640px) 100vw, 640px\" \/> <img loading=\"lazy\" decoding=\"async\" class=\"alignnone size-full wp-image-19093\" src=\"https:\/\/jorgezanoni.com.br\/2019\/wp-content\/uploads\/2020\/02\/fogo2-1.jpeg\" alt=\"\" width=\"640\" height=\"360\" srcset=\"https:\/\/jorgezanoni.com.br\/2019\/wp-content\/uploads\/2020\/02\/fogo2-1.jpeg 640w, https:\/\/jorgezanoni.com.br\/2019\/wp-content\/uploads\/2020\/02\/fogo2-1-300x169.jpeg 300w\" sizes=\"auto, (max-width: 640px) 100vw, 640px\" \/> <img loading=\"lazy\" decoding=\"async\" class=\"alignnone size-full wp-image-19094\" src=\"https:\/\/jorgezanoni.com.br\/2019\/wp-content\/uploads\/2020\/02\/fogo3.jpeg\" alt=\"\" width=\"640\" height=\"360\" srcset=\"https:\/\/jorgezanoni.com.br\/2019\/wp-content\/uploads\/2020\/02\/fogo3.jpeg 640w, https:\/\/jorgezanoni.com.br\/2019\/wp-content\/uploads\/2020\/02\/fogo3-300x169.jpeg 300w\" sizes=\"auto, (max-width: 640px) 100vw, 640px\" \/>Caminh\u00f5es ficaram destru\u00eddos ap\u00f3s pegarem fogo \u2014 Foto: David de Tarso\/TV Fronteira<\/p>\n<p data-track-category=\"Link no Texto\" data-track-links=\"\">Fonte: G1<\/p>\n<div class=\"content-ads content-ads--reveal\" data-block-type=\"ads\" data-block-id=\"8\"><\/div>\n<div class=\"row medium-uncollapsed content-media content-photo\" data-block-type=\"backstage-photo\" data-block-id=\"9\">\n<div class=\"mc-column content-media__container\">\n<div class=\"progressive-img can-open-lightbox\" data-min-size=\"1008x567\" data-min-size-url=\"https:\/\/s2.glbimg.com\/OZEV291JxdmlgdovciCVXtyU1I4=\/0x0:1280x720\/1008x0\/smart\/filters:strip_icc()\/i.s3.glbimg.com\/v1\/AUTH_59edd422c0c84a879bd37670ae4f538a\/internal_photos\/bs\/2020\/L\/A\/3qIcquTlSBkgUiPz3yBA\/whatsapp-image-2020-02-19-at-08.51.35.jpeg\" data-max-size=\"1600x900\" data-max-size-url=\"https:\/\/s2.glbimg.com\/_KWrXDslOOIz7dO27mpnvnB3MrA=\/0x0:1280x720\/1600x0\/smart\/filters:strip_icc()\/i.s3.glbimg.com\/v1\/AUTH_59edd422c0c84a879bd37670ae4f538a\/internal_photos\/bs\/2020\/L\/A\/3qIcquTlSBkgUiPz3yBA\/whatsapp-image-2020-02-19-at-08.51.35.jpeg\" data-media-index=\"2\"><\/div>\n<\/div>\n<\/div>\n<\/div>\n<\/div>\n<p>&nbsp;<\/p>\n","protected":false},"excerpt":{"rendered":"<p>Ningu\u00e9m se feriu em decorr\u00eancia do acidente registrado no trecho de Taciba na rodovia Jorge Bassil Dower. Per\u00edcia deve apontar as causas da colis\u00e3o. Dois caminh\u00f5es se envolveram em um acidente de tr\u00e2nsito na Rodovia Jorge Bassil Dower (SP-421), em\u00a0Taciba, nesta ter\u00e7a-feira (18). Os ve\u00edculos pegaram fogo e ficaram destru\u00eddos. Ningu\u00e9m se feriu. &#8220;Quando bateu [&hellip;]<\/p>\n","protected":false},"author":1,"featured_media":19095,"comment_status":"closed","ping_status":"open","sticky":false,"template":"","format":"standard","meta":{"footnotes":""},"categories":[170,110],"tags":[],"class_list":["post-19090","post","type-post","status-publish","format-standard","has-post-thumbnail","hentry","category-acidentes","category-noticiasdestaque"],"_links":{"self":[{"href":"https:\/\/jorgezanoni.com.br\/2019\/wp-json\/wp\/v2\/posts\/19090","targetHints":{"allow":["GET"]}}],"collection":[{"href":"https:\/\/jorgezanoni.com.br\/2019\/wp-json\/wp\/v2\/posts"}],"about":[{"href":"https:\/\/jorgezanoni.com.br\/2019\/wp-json\/wp\/v2\/types\/post"}],"author":[{"embeddable":true,"href":"https:\/\/jorgezanoni.com.br\/2019\/wp-json\/wp\/v2\/users\/1"}],"replies":[{"embeddable":true,"href":"https:\/\/jorgezanoni.com.br\/2019\/wp-json\/wp\/v2\/comments?post=19090"}],"version-history":[{"count":0,"href":"https:\/\/jorgezanoni.com.br\/2019\/wp-json\/wp\/v2\/posts\/19090\/revisions"}],"wp:featuredmedia":[{"embeddable":true,"href":"https:\/\/jorgezanoni.com.br\/2019\/wp-json\/wp\/v2\/media\/19095"}],"wp:attachment":[{"href":"https:\/\/jorgezanoni.com.br\/2019\/wp-json\/wp\/v2\/media?parent=19090"}],"wp:term":[{"taxonomy":"category","embeddable":true,"href":"https:\/\/jorgezanoni.com.br\/2019\/wp-json\/wp\/v2\/categories?post=19090"},{"taxonomy":"post_tag","embeddable":true,"href":"https:\/\/jorgezanoni.com.br\/2019\/wp-json\/wp\/v2\/tags?post=19090"}],"curies":[{"name":"wp","href":"https:\/\/api.w.org\/{rel}","templated":true}]}}