{"id":19071,"date":"2020-02-19T00:28:29","date_gmt":"2020-02-19T00:28:29","guid":{"rendered":"https:\/\/jorgezanoni.com.br\/2019\/?p=19071"},"modified":"2020-02-19T00:28:29","modified_gmt":"2020-02-19T00:28:29","slug":"enfermeiro-acaba-preso-apos-encurralar-e-ameacar-com-facas-secretaria-municipal-de-saude-de-osvaldo-cruz","status":"publish","type":"post","link":"https:\/\/jorgezanoni.com.br\/2019\/enfermeiro-acaba-preso-apos-encurralar-e-ameacar-com-facas-secretaria-municipal-de-saude-de-osvaldo-cruz\/","title":{"rendered":"Enfermeiro acaba preso ap\u00f3s encurralar e amea\u00e7ar com facas secret\u00e1ria municipal de Sa\u00fade de Osvaldo Cruz"},"content":{"rendered":"<h2 class=\"content-head__subtitle\" style=\"text-align: justify;\"><strong>Conforme a Pol\u00edcia Militar, o homem, de 55 anos, estava \u2018bastante agressivo e descontrolado\u2019, quando foi abordado em sua resid\u00eancia, na manh\u00e3 desta ter\u00e7a-feira (18).<\/strong><\/h2>\n<div class=\"mc-column content-text active-extra-styles \" data-block-type=\"unstyled\" data-block-weight=\"28\" data-block-id=\"2\">\n<p class=\"content-text__container \" style=\"text-align: justify;\" data-track-category=\"Link no Texto\" data-track-links=\"\">Um enfermeiro de 55 anos foi preso em flagrante na manh\u00e3 desta ter\u00e7a-feira (18) ap\u00f3s amea\u00e7ar a secret\u00e1ria municipal de Sa\u00fade de\u00a0<a href=\"https:\/\/g1.globo.com\/sp\/presidente-prudente-regiao\/cidade\/osvaldo-cruz\/\">Osvaldo Cruz (SP)<\/a>, Ivete Alves Conca.<\/p>\n<\/div>\n<div class=\"wall protected-content\">\n<div class=\"mc-column content-text active-extra-styles \" style=\"text-align: justify;\" data-block-type=\"unstyled\" data-block-weight=\"12\" data-block-id=\"3\">\n<p class=\"content-text__container \" data-track-category=\"Link no Texto\" data-track-links=\"\">Com ele, a Pol\u00edcia Militar ainda apreendeu quatro facas e uma foice.<\/p>\n<\/div>\n<div class=\"mc-column content-text active-extra-styles \" style=\"text-align: justify;\" data-block-type=\"unstyled\" data-block-weight=\"40\" data-block-id=\"4\">\n<p class=\"content-text__container \" data-track-category=\"Link no Texto\" data-track-links=\"\">A Prefeitura informou que o enfermeiro, lotado no Centro de Sa\u00fade de Osvaldo Cruz, dirigiu-se at\u00e9 a sede da Secretaria Municipal de Sa\u00fade, onde proferiu amea\u00e7as e ofensas contra Ivete Alves Conca, de 64 anos, atrav\u00e9s do uso de facas.<\/p>\n<\/div>\n<div class=\"mc-column content-text active-extra-styles \" style=\"text-align: justify;\" data-block-type=\"unstyled\" data-block-weight=\"27\" data-block-id=\"5\">\n<p class=\"content-text__container \" data-track-category=\"Link no Texto\" data-track-links=\"\">Segundo a Pol\u00edcia Militar, a v\u00edtima informou que o funcion\u00e1rio, na posse de uma faca, a encurralou em um c\u00f4modo, proferindo palavras de amea\u00e7a e baixo cal\u00e3o.<\/p>\n<\/div>\n<div class=\"mc-column content-text active-extra-styles \" style=\"text-align: justify;\" data-block-type=\"unstyled\" data-block-weight=\"14\" data-block-id=\"6\">\n<p class=\"content-text__container \" data-track-category=\"Link no Texto\" data-track-links=\"\">Com a interven\u00e7\u00e3o de outros funcion\u00e1rios, o servidor p\u00fablico municipal acabou deixando o local.<\/p>\n<\/div>\n<div class=\"mc-column content-text active-extra-styles \" style=\"text-align: justify;\" data-block-type=\"unstyled\" data-block-weight=\"26\" data-block-id=\"7\">\n<p class=\"content-text__container \" data-track-category=\"Link no Texto\" data-track-links=\"\">No entanto, depois de acionados para o atendimento do caso, os militares realizaram patrulhamento e localizaram o enfermeiro em sua resid\u00eancia, onde sua m\u00e3e tentava cont\u00ea-lo.<\/p>\n<\/div>\n<div class=\"mc-column content-text active-extra-styles \" style=\"text-align: justify;\" data-block-type=\"unstyled\" data-block-weight=\"39\" data-block-id=\"8\">\n<p class=\"content-text__container \" data-track-category=\"Link no Texto\" data-track-links=\"\">Conforme a Pol\u00edcia Militar, o homem estava \u201cbastante agressivo e descontrolado\u201d e tinha em m\u00e3os uma faca e uma foice. Al\u00e9m disso, ele ainda portava outras facas na cintura e passou a se autolesionar, impedindo a aproxima\u00e7\u00e3o dos militares.<\/p>\n<\/div>\n<div class=\"mc-column content-text active-extra-styles \" style=\"text-align: justify;\" data-block-type=\"unstyled\" data-block-weight=\"20\" data-block-id=\"9\">\n<p class=\"content-text__container \" data-track-category=\"Link no Texto\" data-track-links=\"\">Por\u00e9m, os policiais conseguiram fazer com que o enfermeiro se acalmasse e abandonasse as armas e em seguida o prenderam.<\/p>\n<\/div>\n<div class=\"mc-column content-text active-extra-styles \" style=\"text-align: justify;\" data-block-type=\"unstyled\" data-block-weight=\"23\" data-block-id=\"11\">\n<p class=\"content-text__container \" data-track-category=\"Link no Texto\" data-track-links=\"\">Depois de receber voz de pris\u00e3o em flagrante, o homem foi levado \u00e0 Delegacia da Pol\u00edcia Civil e permaneceu \u00e0 disposi\u00e7\u00e3o da Justi\u00e7a.<\/p>\n<\/div>\n<div class=\"mc-column content-text active-extra-styles \" style=\"text-align: justify;\" data-block-type=\"unstyled\" data-block-weight=\"37\" data-block-id=\"12\">\n<p class=\"content-text__container \" data-track-category=\"Link no Texto\" data-track-links=\"\">A Prefeitura de Osvaldo Cruz informou que o caso foi documentado na Pol\u00edcia Civil, atrav\u00e9s de um Boletim de Ocorr\u00eancia, e que ir\u00e1 solicitar c\u00f3pia do expediente policial para posterior apura\u00e7\u00e3o do ocorrido em \u00e2mbito pr\u00f3prio administrativo.<\/p>\n<\/div>\n<div class=\"mc-column content-text active-extra-styles \" style=\"text-align: justify;\" data-block-type=\"unstyled\" data-block-weight=\"19\" data-block-id=\"13\">\n<p class=\"content-text__container \" data-track-category=\"Link no Texto\" data-track-links=\"\">Segundo a Prefeitura, o mesmo funcion\u00e1rio respondeu recentemente a procedimento interno, atrav\u00e9s do qual recebeu advert\u00eancia por outro fato.<\/p>\n<\/div>\n<div class=\"mc-column content-text active-extra-styles \" data-block-type=\"unstyled\" data-block-weight=\"27\" data-block-id=\"14\">\n<p class=\"content-text__container \" style=\"text-align: justify;\" data-track-category=\"Link no Texto\" data-track-links=\"\">\u201cA Prefeitura lamenta o ocorrido e se solidariza com a Secret\u00e1ria Municipal de Sa\u00fade e eventuais outros servidores que tenham sido possivelmente amea\u00e7ados\u201d, pontuou o Poder Executivo.<\/p>\n<p style=\"text-align: justify;\" data-track-category=\"Link no Texto\" data-track-links=\"\">Fonte: G1 e PM<\/p>\n<\/div>\n<\/div>\n","protected":false},"excerpt":{"rendered":"<p>Conforme a Pol\u00edcia Militar, o homem, de 55 anos, estava \u2018bastante agressivo e descontrolado\u2019, quando foi abordado em sua resid\u00eancia, na manh\u00e3 desta ter\u00e7a-feira (18). Um enfermeiro de 55 anos foi preso em flagrante na manh\u00e3 desta ter\u00e7a-feira (18) ap\u00f3s amea\u00e7ar a secret\u00e1ria municipal de Sa\u00fade de\u00a0Osvaldo Cruz (SP), Ivete Alves Conca. Com ele, a [&hellip;]<\/p>\n","protected":false},"author":1,"featured_media":19072,"comment_status":"closed","ping_status":"open","sticky":false,"template":"","format":"standard","meta":{"footnotes":""},"categories":[110,2],"tags":[],"class_list":["post-19071","post","type-post","status-publish","format-standard","has-post-thumbnail","hentry","category-noticiasdestaque","category-policial"],"_links":{"self":[{"href":"https:\/\/jorgezanoni.com.br\/2019\/wp-json\/wp\/v2\/posts\/19071","targetHints":{"allow":["GET"]}}],"collection":[{"href":"https:\/\/jorgezanoni.com.br\/2019\/wp-json\/wp\/v2\/posts"}],"about":[{"href":"https:\/\/jorgezanoni.com.br\/2019\/wp-json\/wp\/v2\/types\/post"}],"author":[{"embeddable":true,"href":"https:\/\/jorgezanoni.com.br\/2019\/wp-json\/wp\/v2\/users\/1"}],"replies":[{"embeddable":true,"href":"https:\/\/jorgezanoni.com.br\/2019\/wp-json\/wp\/v2\/comments?post=19071"}],"version-history":[{"count":0,"href":"https:\/\/jorgezanoni.com.br\/2019\/wp-json\/wp\/v2\/posts\/19071\/revisions"}],"wp:featuredmedia":[{"embeddable":true,"href":"https:\/\/jorgezanoni.com.br\/2019\/wp-json\/wp\/v2\/media\/19072"}],"wp:attachment":[{"href":"https:\/\/jorgezanoni.com.br\/2019\/wp-json\/wp\/v2\/media?parent=19071"}],"wp:term":[{"taxonomy":"category","embeddable":true,"href":"https:\/\/jorgezanoni.com.br\/2019\/wp-json\/wp\/v2\/categories?post=19071"},{"taxonomy":"post_tag","embeddable":true,"href":"https:\/\/jorgezanoni.com.br\/2019\/wp-json\/wp\/v2\/tags?post=19071"}],"curies":[{"name":"wp","href":"https:\/\/api.w.org\/{rel}","templated":true}]}}