{"id":19044,"date":"2020-02-18T12:13:03","date_gmt":"2020-02-18T12:13:03","guid":{"rendered":"https:\/\/jorgezanoni.com.br\/2019\/?p=19044"},"modified":"2020-02-18T12:13:03","modified_gmt":"2020-02-18T12:13:03","slug":"pai-e-filho-se-salvam-ilesos-de-incendio-que-destruiu-residencia-de-madeira-em-adamantina","status":"publish","type":"post","link":"https:\/\/jorgezanoni.com.br\/2019\/pai-e-filho-se-salvam-ilesos-de-incendio-que-destruiu-residencia-de-madeira-em-adamantina\/","title":{"rendered":"Pai e filho se salvam ilesos de inc\u00eandio que destruiu resid\u00eancia de madeira em Adamantina"},"content":{"rendered":"<h2 class=\"content-head__subtitle\" style=\"text-align: justify;\"><strong>Chamas atingiram o im\u00f3vel, no Jardim Adamantina, na madrugada desta segunda-feira (17). Quando os bombeiros chegaram ao local, todos os c\u00f4modos j\u00e1 haviam sido afetados pelo fogo.<\/strong><\/h2>\n<div class=\"mc-column content-text active-extra-styles \" data-block-type=\"unstyled\" data-block-weight=\"15\" data-block-id=\"2\">\n<p class=\"content-text__container \" style=\"text-align: justify;\" data-track-category=\"Link no Texto\" data-track-links=\"\">Um inc\u00eandio destruiu na madrugada desta segunda-feira (17) uma resid\u00eancia de madeira, em\u00a0<a href=\"https:\/\/g1.globo.com\/sp\/presidente-prudente-regiao\/cidade\/adamantina\/\">Adamantina (SP)<\/a>.<\/p>\n<\/div>\n<div class=\"wall protected-content\">\n<div class=\"mc-column content-text active-extra-styles \" style=\"text-align: justify;\" data-block-type=\"unstyled\" data-block-weight=\"31\" data-block-id=\"3\">\n<p class=\"content-text__container \" data-track-category=\"Link no Texto\" data-track-links=\"\">O Corpo de Bombeiros foi acionado para o combate \u00e0s chamas e, quando as equipes chegaram ao local, no Jardim Adamantina, o fogo j\u00e1 havia consumido todos os c\u00f4modos da casa.<\/p>\n<\/div>\n<div class=\"mc-column content-text active-extra-styles \" style=\"text-align: justify;\" data-block-type=\"unstyled\" data-block-weight=\"16\" data-block-id=\"4\">\n<p class=\"content-text__container \" data-track-category=\"Link no Texto\" data-track-links=\"\">Ainda conforme os bombeiros, havia duas pessoas no local durante o inc\u00eandio, mas ningu\u00e9m ficou ferido.<\/p>\n<\/div>\n<div class=\"mc-column content-text active-extra-styles \" style=\"text-align: justify;\" data-block-type=\"unstyled\" data-block-weight=\"12\" data-block-id=\"5\">\n<p class=\"content-text__container \" data-track-category=\"Link no Texto\" data-track-links=\"\">A per\u00edcia realizada pela Pol\u00edcia Cient\u00edfica dever\u00e1 apontar as causas do inc\u00eandio.<\/p>\n<\/div>\n<div class=\"mc-column content-text active-extra-styles \" style=\"text-align: justify;\" data-block-type=\"unstyled\" data-block-weight=\"34\" data-block-id=\"6\">\n<p class=\"content-text__container \" data-track-category=\"Link no Texto\" data-track-links=\"\">O morador da casa, Willian Fernando In\u00e1cio, 32 anos, contou que ele e o filho, de seis anos, estavam dormindo na sala quando sentiram o calor e logo notaram o fogo vindo do quarto.<\/p>\n<\/div>\n<div class=\"mc-column content-text active-extra-styles \" style=\"text-align: justify;\" data-block-type=\"unstyled\" data-block-weight=\"10\" data-block-id=\"7\">\n<p class=\"content-text__container \" data-track-category=\"Link no Texto\" data-track-links=\"\">&#8220;S\u00f3 pensei nele&#8221;, disse o pai sobre o seu filho.<\/p>\n<\/div>\n<div class=\"mc-column content-text active-extra-styles \" data-block-type=\"unstyled\" data-block-weight=\"29\" data-block-id=\"8\">\n<p class=\"content-text__container \" style=\"text-align: justify;\" data-track-category=\"Link no Texto\" data-track-links=\"\">In\u00e1cio disse que est\u00e1 na casa da m\u00e3e e recebendo doa\u00e7\u00f5es de familiares, amigos e comunidade, uma vez que, segundo o pr\u00f3prio morador, o inc\u00eandio destruiu toda a casa.<\/p>\n<p class=\"content-text__container \" style=\"text-align: justify;\" data-track-category=\"Link no Texto\" data-track-links=\"\"><img loading=\"lazy\" decoding=\"async\" class=\"alignnone size-full wp-image-19045\" src=\"https:\/\/jorgezanoni.com.br\/2019\/wp-content\/uploads\/2020\/02\/fogo1.jpeg\" alt=\"\" width=\"640\" height=\"480\" srcset=\"https:\/\/jorgezanoni.com.br\/2019\/wp-content\/uploads\/2020\/02\/fogo1.jpeg 640w, https:\/\/jorgezanoni.com.br\/2019\/wp-content\/uploads\/2020\/02\/fogo1-300x225.jpeg 300w, https:\/\/jorgezanoni.com.br\/2019\/wp-content\/uploads\/2020\/02\/fogo1-80x60.jpeg 80w, https:\/\/jorgezanoni.com.br\/2019\/wp-content\/uploads\/2020\/02\/fogo1-265x198.jpeg 265w, https:\/\/jorgezanoni.com.br\/2019\/wp-content\/uploads\/2020\/02\/fogo1-560x420.jpeg 560w\" sizes=\"auto, (max-width: 640px) 100vw, 640px\" \/>Inc\u00eandio destruiu casa de madeira em Adamantina \u2014 Foto: Siga Mais<\/p>\n<p style=\"text-align: justify;\" data-track-category=\"Link no Texto\" data-track-links=\"\"><img loading=\"lazy\" decoding=\"async\" class=\"alignnone size-full wp-image-19046\" src=\"https:\/\/jorgezanoni.com.br\/2019\/wp-content\/uploads\/2020\/02\/fogo2.jpeg\" alt=\"\" width=\"640\" height=\"480\" srcset=\"https:\/\/jorgezanoni.com.br\/2019\/wp-content\/uploads\/2020\/02\/fogo2.jpeg 640w, https:\/\/jorgezanoni.com.br\/2019\/wp-content\/uploads\/2020\/02\/fogo2-300x225.jpeg 300w, https:\/\/jorgezanoni.com.br\/2019\/wp-content\/uploads\/2020\/02\/fogo2-80x60.jpeg 80w, https:\/\/jorgezanoni.com.br\/2019\/wp-content\/uploads\/2020\/02\/fogo2-265x198.jpeg 265w, https:\/\/jorgezanoni.com.br\/2019\/wp-content\/uploads\/2020\/02\/fogo2-560x420.jpeg 560w\" sizes=\"auto, (max-width: 640px) 100vw, 640px\" \/>Inc\u00eandio destruiu casa de madeira em Adamantina \u2014 Foto: Siga Mais<\/p>\n<p style=\"text-align: justify;\" data-track-category=\"Link no Texto\" data-track-links=\"\">Fonte: G1<\/p>\n<p style=\"text-align: justify;\" data-track-category=\"Link no Texto\" data-track-links=\"\">\n<\/div>\n<\/div>\n","protected":false},"excerpt":{"rendered":"<p>Chamas atingiram o im\u00f3vel, no Jardim Adamantina, na madrugada desta segunda-feira (17). Quando os bombeiros chegaram ao local, todos os c\u00f4modos j\u00e1 haviam sido afetados pelo fogo. Um inc\u00eandio destruiu na madrugada desta segunda-feira (17) uma resid\u00eancia de madeira, em\u00a0Adamantina (SP). O Corpo de Bombeiros foi acionado para o combate \u00e0s chamas e, quando as [&hellip;]<\/p>\n","protected":false},"author":1,"featured_media":19047,"comment_status":"closed","ping_status":"open","sticky":false,"template":"","format":"standard","meta":{"footnotes":""},"categories":[110,2],"tags":[],"class_list":["post-19044","post","type-post","status-publish","format-standard","has-post-thumbnail","hentry","category-noticiasdestaque","category-policial"],"_links":{"self":[{"href":"https:\/\/jorgezanoni.com.br\/2019\/wp-json\/wp\/v2\/posts\/19044","targetHints":{"allow":["GET"]}}],"collection":[{"href":"https:\/\/jorgezanoni.com.br\/2019\/wp-json\/wp\/v2\/posts"}],"about":[{"href":"https:\/\/jorgezanoni.com.br\/2019\/wp-json\/wp\/v2\/types\/post"}],"author":[{"embeddable":true,"href":"https:\/\/jorgezanoni.com.br\/2019\/wp-json\/wp\/v2\/users\/1"}],"replies":[{"embeddable":true,"href":"https:\/\/jorgezanoni.com.br\/2019\/wp-json\/wp\/v2\/comments?post=19044"}],"version-history":[{"count":0,"href":"https:\/\/jorgezanoni.com.br\/2019\/wp-json\/wp\/v2\/posts\/19044\/revisions"}],"wp:featuredmedia":[{"embeddable":true,"href":"https:\/\/jorgezanoni.com.br\/2019\/wp-json\/wp\/v2\/media\/19047"}],"wp:attachment":[{"href":"https:\/\/jorgezanoni.com.br\/2019\/wp-json\/wp\/v2\/media?parent=19044"}],"wp:term":[{"taxonomy":"category","embeddable":true,"href":"https:\/\/jorgezanoni.com.br\/2019\/wp-json\/wp\/v2\/categories?post=19044"},{"taxonomy":"post_tag","embeddable":true,"href":"https:\/\/jorgezanoni.com.br\/2019\/wp-json\/wp\/v2\/tags?post=19044"}],"curies":[{"name":"wp","href":"https:\/\/api.w.org\/{rel}","templated":true}]}}