{"id":19013,"date":"2020-02-18T03:22:40","date_gmt":"2020-02-18T03:22:40","guid":{"rendered":"https:\/\/jorgezanoni.com.br\/2019\/?p=19013"},"modified":"2020-02-18T03:22:40","modified_gmt":"2020-02-18T03:22:40","slug":"operacao-que-apura-movimentacoes-financeiras-da-santa-casa-de-andradina-e-fernandopolis-prende-12-suspeitos","status":"publish","type":"post","link":"https:\/\/jorgezanoni.com.br\/2019\/operacao-que-apura-movimentacoes-financeiras-da-santa-casa-de-andradina-e-fernandopolis-prende-12-suspeitos\/","title":{"rendered":"Opera\u00e7\u00e3o que apura movimenta\u00e7\u00f5es financeiras da Santa Casa de Andradina e Fernand\u00f3polis, prende 12 suspeitos"},"content":{"rendered":"<h2 class=\"content-head__subtitle\" style=\"text-align: justify;\"><strong>Policiais cumpriram mandados em Fernand\u00f3polis e Andradina (SP). Onze presos s\u00e3o encaminhados para uma cadeia da regi\u00e3o e outro cumprir\u00e1 pris\u00e3o domiciliar.<\/strong><\/h2>\n<div class=\"mc-column content-text active-extra-styles \" data-block-type=\"unstyled\" data-block-weight=\"26\" data-block-id=\"2\">\n<p class=\"content-text__container \" style=\"text-align: justify;\" data-track-category=\"Link no Texto\" data-track-links=\"\">Doze pessoas foram presas nesta segunda-feira (17) durante opera\u00e7\u00e3o da Pol\u00edcia Civil que investiga fraudes na administra\u00e7\u00e3o da Santa Casa de Fernand\u00f3polis e Andradina (SP).<\/p>\n<\/div>\n<div class=\"wall protected-content\">\n<div class=\"mc-column content-text active-extra-styles \" style=\"text-align: justify;\" data-block-type=\"unstyled\" data-block-weight=\"35\" data-block-id=\"3\">\n<p class=\"content-text__container \" data-track-category=\"Link no Texto\" data-track-links=\"\">Um dos suspeitos cumprir\u00e1 pris\u00e3o domiciliar e o outros 11 ser\u00e3o encaminhados para um pres\u00eddio de Guarani D&#8217;Oeste (SP). Todos s\u00e3o suspeitos de participarem de um esquema respons\u00e1vel por desviar recursos das duas entidades.<\/p>\n<\/div>\n<div class=\"mc-column content-text active-extra-styles \" style=\"text-align: justify;\" data-block-type=\"unstyled\" data-block-weight=\"20\" data-block-id=\"4\">\n<p class=\"content-text__container \" data-track-category=\"Link no Texto\" data-track-links=\"\">Durante opera\u00e7\u00e3o, policiais cumpriram mandados em pelo menos tr\u00eas cidades da regi\u00e3o noroeste paulista e apreenderam computadores e documentos.<\/p>\n<\/div>\n<div class=\"mc-column content-text active-extra-styles \" data-block-type=\"unstyled\" data-block-weight=\"41\" data-block-id=\"5\">\n<p class=\"content-text__container \" style=\"text-align: justify;\" data-track-category=\"Link no Texto\" data-track-links=\"\">Em Fernand\u00f3polis, equipes estiveram na casa e escrit\u00f3rio de suspeitos. Eles tamb\u00e9m foram na sede da Secretaria de Recursos Humanos da prefeitura, onde um dos investigados trabalha, no Ambulat\u00f3rio M\u00e9dico de Especialidades (AME) e no Instituto de Reabilita\u00e7\u00e3o Lucy Montoro.<\/p>\n<p style=\"text-align: justify;\" data-track-category=\"Link no Texto\" data-track-links=\"\"><img loading=\"lazy\" decoding=\"async\" class=\"alignnone size-full wp-image-19017\" src=\"https:\/\/jorgezanoni.com.br\/2019\/wp-content\/uploads\/2020\/02\/pris\u00e3o-1.jpg\" alt=\"\" width=\"640\" height=\"360\" srcset=\"https:\/\/jorgezanoni.com.br\/2019\/wp-content\/uploads\/2020\/02\/pris\u00e3o-1.jpg 640w, https:\/\/jorgezanoni.com.br\/2019\/wp-content\/uploads\/2020\/02\/pris\u00e3o-1-300x169.jpg 300w\" sizes=\"auto, (max-width: 640px) 100vw, 640px\" \/>Policias cumprira mandados na rede Lucy Montoro \u2014 Foto: Reprodu\u00e7\u00e3o\/TV TEM<\/p>\n<div class=\"mc-column content-text active-extra-styles \" style=\"text-align: justify;\" data-block-type=\"unstyled\" data-block-weight=\"30\" data-block-id=\"8\">\n<p class=\"content-text__container \" data-track-category=\"Link no Texto\" data-track-links=\"\">Al\u00e9m dos mandados de busca e apreens\u00e3o, 14 mandados de pris\u00e3o foram cumpridos. Entre os presos est\u00e3o conselheiros da atual administra\u00e7\u00e3o da Santa Casa de Fernand\u00f3polis e um ex-deputado.<\/p>\n<\/div>\n<div class=\"mc-column content-text active-extra-styles \" style=\"text-align: justify;\" data-block-type=\"unstyled\" data-block-weight=\"28\" data-block-id=\"9\">\n<p class=\"content-text__container \" data-track-category=\"Link no Texto\" data-track-links=\"\">Gilmar Menezes foi deputado estadual na legislatura anterior depois de assumir uma cadeira como suplente. Ele foi levado para a seda da Delegacia Seccional de Fernand\u00f3polis (SP).<\/p>\n<\/div>\n<div class=\"mc-column content-text active-extra-styles \" style=\"text-align: justify;\" data-block-type=\"unstyled\" data-block-weight=\"29\" data-block-id=\"10\">\n<p class=\"content-text__container \" data-track-category=\"Link no Texto\" data-track-links=\"\">O advogado de defesa do ex-deputado confirmou que a pris\u00e3o dele \u00e9 tempor\u00e1ria, inicialmente de cinco dias, e negou o envolvimento do cliente com qualquer tipo de irregularidade.<\/p>\n<\/div>\n<div class=\"mc-column content-text active-extra-styles\" style=\"text-align: justify;\" data-block-type=\"raw\" data-block-weight=\"25\" data-block-id=\"11\">\n<blockquote class=\"content-blockquote theme-border-color-primary-before\"><p>\u201cEles est\u00e3o levando a coisa de uma maneira que est\u00e1 resvalando em uma sujeira que n\u00e3o vai ser descoberta porque n\u00e3o existe\u201d, diz Ricardo Franco.<\/p><\/blockquote>\n<\/div>\n<div class=\"mc-column content-text active-extra-styles \" style=\"text-align: justify;\" data-block-type=\"unstyled\" data-block-weight=\"42\" data-block-id=\"12\">\n<p class=\"content-text__container \" data-track-category=\"Link no Texto\" data-track-links=\"\">Essa \u00e9 a segunda opera\u00e7\u00e3o comandada pela Pol\u00edcia Civil nos \u00faltimos meses envolvendo a Santa Casa de Fernand\u00f3polis. Em julho do ano passado, diversos documentos do hospital foram apreendidos. A suspeita \u00e9 de poss\u00edveis irregularidades em transa\u00e7\u00f5es financeiras e desvio de recursos.<\/p>\n<\/div>\n<div class=\"mc-column content-text active-extra-styles\" style=\"text-align: justify;\" data-block-type=\"raw\" data-block-weight=\"1\" data-block-id=\"13\">\n<div class=\"content-intertitle\">\n<h2>Andradina<\/h2>\n<\/div>\n<\/div>\n<div class=\"mc-column content-text active-extra-styles \" style=\"text-align: justify;\" data-block-type=\"unstyled\" data-block-weight=\"43\" data-block-id=\"14\">\n<p class=\"content-text__container \" data-track-category=\"Link no Texto\" data-track-links=\"\">Em Andradina, foram expedidos cinco mandados de pris\u00e3o e sete de busca e apreens\u00e3o na cidade. Os alvos da pol\u00edcia foram casas e escrit\u00f3rios de pessoas ligadas \u00e0 Organiza\u00e7\u00e3o Social, al\u00e9m da pr\u00f3pria Santa Casa do munic\u00edpio, onde foram recolhidos v\u00e1rios documentos.<\/p>\n<\/div>\n<div class=\"mc-column content-text active-extra-styles \" style=\"text-align: justify;\" data-block-type=\"unstyled\" data-block-weight=\"41\" data-block-id=\"15\">\n<p class=\"content-text__container \" data-track-category=\"Link no Texto\" data-track-links=\"\">Um dos mandados era contra o presidente da OSS, que foi levado para Delegacia Seccional da cidade. Policiais estiveram na casa dele, onde foram encontrados R$ 35 mil, e no escrit\u00f3rio de advocacia. Os outros quatro suspeitos n\u00e3o foram encontrados.<\/p>\n<\/div>\n<div class=\"mc-column content-text active-extra-styles \" style=\"text-align: justify;\" data-block-type=\"unstyled\" data-block-weight=\"54\" data-block-id=\"16\">\n<p class=\"content-text__container \" data-track-category=\"Link no Texto\" data-track-links=\"\">Um segundo homem tamb\u00e9m foi detido e levado para a delegacia. No im\u00f3vel onde ele mora, um dos locais do cumprimento de mandado de busca, foi encontrado um rev\u00f3lver calibre 32. Ele foi preso em flagrante por pose irregular de arma de fogo. Outros dois suspeitos de participa\u00e7\u00e3o no esquema s\u00e3o considerados foragidos.<\/p>\n<\/div>\n<div class=\"mc-column content-text active-extra-styles \" style=\"text-align: justify;\" data-block-type=\"unstyled\" data-block-weight=\"35\" data-block-id=\"17\">\n<p class=\"content-text__container \" data-track-category=\"Link no Texto\" data-track-links=\"\">De acordo com a Pol\u00edcia Civil, os investigados v\u00e3o ser indiciados por peculato, fraude em licita\u00e7\u00f5es, falsidade ideol\u00f3gica, organiza\u00e7\u00e3o criminosa, homic\u00eddio doloso, e aborto. A pol\u00edcia n\u00e3o deu detalhes sobre essas duas \u00faltimas acusa\u00e7\u00f5es.<\/p>\n<div class=\"mc-column content-text active-extra-styles \" data-block-type=\"unstyled\" data-block-weight=\"17\" data-block-id=\"20\">\n<p class=\"content-text__container \" data-track-category=\"Link no Texto\" data-track-links=\"\">Em nota, o AME e a rede Lucy Montoro disseram que v\u00e3o colaborar com as investiga\u00e7\u00f5es.<\/p>\n<\/div>\n<div class=\"mc-column content-text active-extra-styles \" data-block-type=\"unstyled\" data-block-weight=\"29\" data-block-id=\"21\">\n<p class=\"content-text__container \" data-track-category=\"Link no Texto\" data-track-links=\"\">A assessoria da Organiza\u00e7\u00e3o Social que administra a Santa Casa de Andradina e a dire\u00e7\u00e3o da Santa Casa de Fernand\u00f3polis disseram que n\u00e3o v\u00e3o se pronunciar sobre a opera\u00e7\u00e3o<\/p>\n<\/div>\n<div class=\"mc-column content-text active-extra-styles \" data-block-type=\"unstyled\" data-block-weight=\"43\" data-block-id=\"22\">\n<p class=\"content-text__container \" data-track-category=\"Link no Texto\" data-track-links=\"\">A Prefeitura de Fernand\u00f3polis confirmou que o secret\u00e1rio municipal de recursos humanos, Ant\u00f4nio Luiz Aiello, foi preso e que a secretaria Municipal de Gest\u00e3o passa a assumir temporariamente as fun\u00e7\u00f5es administrativas da secretaria de Recursos Humanos at\u00e9 que todos os fatos sejam esclarecidos.<\/p>\n<\/div>\n<div class=\"mc-column content-text active-extra-styles \" data-block-type=\"unstyled\" data-block-weight=\"20\" data-block-id=\"23\">\n<p class=\"content-text__container \" data-track-category=\"Link no Texto\" data-track-links=\"\">A\u00a0<strong>TV TEM<\/strong>\u00a0tamb\u00e9m entrou em contato com o advogado do agora ex-secret\u00e1rio, mas n\u00e3o conseguiu falar com ele.<\/p>\n<p data-track-category=\"Link no Texto\" data-track-links=\"\">Fonte: https:\/\/g1.globo.com\/sp\/sao-jose-do-rio-preto-aracatuba\/noticia\/2020\/02\/17\/operacao-que-apura-movimentacoes-financeiras-da-santa-casa-prende-12-suspeitos.ghtml<\/p>\n<\/div>\n<\/div>\n<div class=\"content-ads content-ads--reveal\" data-block-type=\"ads\" data-block-id=\"7\">\n<div id=\"banner_materia2\" class=\"tag-manager-publicidade-container mc-has-reveal mc-has-ad-lazyload tag-manager-publicidade-banner_materia2 tag-manager-publicidade-container--carregado tag-manager-publicidade-container--visivel\" style=\"text-align: justify;\" data-id=\"banner_materia2\" data-google-query-id=\"CNf5ypSS2ucCFQUC1AodyrIKig\" data-cid=\"138303313895\" data-lid=\"5300720398\"><\/div>\n<\/div>\n<\/div>\n<\/div>\n","protected":false},"excerpt":{"rendered":"<p>Policiais cumpriram mandados em Fernand\u00f3polis e Andradina (SP). Onze presos s\u00e3o encaminhados para uma cadeia da regi\u00e3o e outro cumprir\u00e1 pris\u00e3o domiciliar. Doze pessoas foram presas nesta segunda-feira (17) durante opera\u00e7\u00e3o da Pol\u00edcia Civil que investiga fraudes na administra\u00e7\u00e3o da Santa Casa de Fernand\u00f3polis e Andradina (SP). Um dos suspeitos cumprir\u00e1 pris\u00e3o domiciliar e o [&hellip;]<\/p>\n","protected":false},"author":1,"featured_media":19018,"comment_status":"closed","ping_status":"open","sticky":false,"template":"","format":"standard","meta":{"footnotes":""},"categories":[110,2],"tags":[],"class_list":["post-19013","post","type-post","status-publish","format-standard","has-post-thumbnail","hentry","category-noticiasdestaque","category-policial"],"_links":{"self":[{"href":"https:\/\/jorgezanoni.com.br\/2019\/wp-json\/wp\/v2\/posts\/19013","targetHints":{"allow":["GET"]}}],"collection":[{"href":"https:\/\/jorgezanoni.com.br\/2019\/wp-json\/wp\/v2\/posts"}],"about":[{"href":"https:\/\/jorgezanoni.com.br\/2019\/wp-json\/wp\/v2\/types\/post"}],"author":[{"embeddable":true,"href":"https:\/\/jorgezanoni.com.br\/2019\/wp-json\/wp\/v2\/users\/1"}],"replies":[{"embeddable":true,"href":"https:\/\/jorgezanoni.com.br\/2019\/wp-json\/wp\/v2\/comments?post=19013"}],"version-history":[{"count":0,"href":"https:\/\/jorgezanoni.com.br\/2019\/wp-json\/wp\/v2\/posts\/19013\/revisions"}],"wp:featuredmedia":[{"embeddable":true,"href":"https:\/\/jorgezanoni.com.br\/2019\/wp-json\/wp\/v2\/media\/19018"}],"wp:attachment":[{"href":"https:\/\/jorgezanoni.com.br\/2019\/wp-json\/wp\/v2\/media?parent=19013"}],"wp:term":[{"taxonomy":"category","embeddable":true,"href":"https:\/\/jorgezanoni.com.br\/2019\/wp-json\/wp\/v2\/categories?post=19013"},{"taxonomy":"post_tag","embeddable":true,"href":"https:\/\/jorgezanoni.com.br\/2019\/wp-json\/wp\/v2\/tags?post=19013"}],"curies":[{"name":"wp","href":"https:\/\/api.w.org\/{rel}","templated":true}]}}