{"id":1888,"date":"2019-07-23T23:03:22","date_gmt":"2019-07-23T23:03:22","guid":{"rendered":"http:\/\/jorgezanoni.com.br\/2019\/?p=1888"},"modified":"2019-07-23T23:03:22","modified_gmt":"2019-07-23T23:03:22","slug":"sensei-michel-vendramin-disputa-jogos-regionais-por-marilia-e-ganha-2-medalhas","status":"publish","type":"post","link":"https:\/\/jorgezanoni.com.br\/2019\/sensei-michel-vendramin-disputa-jogos-regionais-por-marilia-e-ganha-2-medalhas\/","title":{"rendered":"Sensei Michel Vendramin disputa jogos regionais por Mar\u00edlia e ganha 2 medalhas."},"content":{"rendered":"<p>Em sua postagem o dracenense Michel Vendramin, sensei e propriet\u00e1rio da academia de jud\u00f4 que fica localizada na rod. Byron de Azevedo Nogueira, km 0, ao lado da Faculdade Reges, agradece o apoio que teve da cidade de Mar\u00edlia e os companheiros de categoria. N\u00f3s do jornal Interativo, desejamos sucesso em sua caminhada e parab\u00e9ns pelo bel\u00edssimo trabalho que executa com as crian\u00e7as de Dracena. Pena que a prefeitura de nossa cidade, n\u00e3o o reconhece como tal. PARAB\u00c9NS MICHEL.<\/p>\n<p>VEJA POSTAGEM DO FECEBOOK DE MICHEL VENDRAMIN<\/p>\n<p>A palavra de hoje \u00e9 \u201cGratid\u00e3o\u201d<br \/>\nA muito tempo , talvez em toda a minha carreira no Jud\u00f4 nunca fui t\u00e3o bem recebido e tratado como fui este ano .Tive o prazer de representar a cidade de Mar\u00edlia -Sp e seu Respons\u00e1vel T\u00e9cnico Sensei\u00a0<a class=\"profileLink\" title=\"Marcos Y Kassada\" href=\"https:\/\/www.facebook.com\/profile.php?id=100001172022464&amp;__tn__=%2CdK-R-R&amp;eid=ARAGVrFjGeiATMmvisq3xMui9e89tavCiphG7zjaz5zUzbq7a_s7_RHHjcv3idHRGuGSvpPLOFXTywdw&amp;fref=mentions\" data-hovercard=\"\/ajax\/hovercard\/user.php?id=100001172022464&amp;extragetparams=%7B%22__tn__%22%3A%22%2CdK-R-R%22%2C%22eid%22%3A%22ARAGVrFjGeiATMmvisq3xMui9e89tavCiphG7zjaz5zUzbq7a_s7_RHHjcv3idHRGuGSvpPLOFXTywdw%22%2C%22fref%22%3A%22mentions%22%7D\" data-hovercard-prefer-more-content-show=\"1\">Marcos Y Kassada<\/a>\u00a0, que al\u00e9m de ser um grande amigo , para mim \u00e9 uma refer\u00eancia .<\/p>\n<p><img loading=\"lazy\" decoding=\"async\" class=\"alignnone size-full wp-image-1889\" src=\"http:\/\/jorgezanoni.com.br\/2019\/wp-content\/uploads\/2019\/07\/vendra1.jpg\" alt=\"\" width=\"720\" height=\"960\" srcset=\"https:\/\/jorgezanoni.com.br\/2019\/wp-content\/uploads\/2019\/07\/vendra1.jpg 720w, https:\/\/jorgezanoni.com.br\/2019\/wp-content\/uploads\/2019\/07\/vendra1-225x300.jpg 225w, https:\/\/jorgezanoni.com.br\/2019\/wp-content\/uploads\/2019\/07\/vendra1-696x928.jpg 696w, https:\/\/jorgezanoni.com.br\/2019\/wp-content\/uploads\/2019\/07\/vendra1-315x420.jpg 315w\" sizes=\"auto, (max-width: 720px) 100vw, 720px\" \/><br \/>\nDeus est\u00e1 sempre me mostrando o caminho certo a seguir , e me livrando de todas a pessoas que n\u00e3o querem o meu bem , pessoas desonestas e mau car\u00e1ter.<br \/>\nMais eu n\u00e3o precis<span class=\"text_exposed_show\">o falar nada ! Minha resposta eu sempre vou dar aqui ! Dentro do tatame !<\/p>\n<p>63\u00ba Jogos Regionais 2019<\/span><\/p>\n<div class=\"text_exposed_show\">\n<p>3\u00ba Lugar na Equipe<br \/>\n3\u00ba Lugar no Peso (m\u00e9dio) at\u00e9 90 kg<br \/>\n2\u00ba Lugar no Geral<\/p>\n<p><img loading=\"lazy\" decoding=\"async\" class=\"alignnone size-full wp-image-1890\" src=\"http:\/\/jorgezanoni.com.br\/2019\/wp-content\/uploads\/2019\/07\/vendra2.jpg\" alt=\"\" width=\"960\" height=\"540\" srcset=\"https:\/\/jorgezanoni.com.br\/2019\/wp-content\/uploads\/2019\/07\/vendra2.jpg 960w, https:\/\/jorgezanoni.com.br\/2019\/wp-content\/uploads\/2019\/07\/vendra2-300x169.jpg 300w, https:\/\/jorgezanoni.com.br\/2019\/wp-content\/uploads\/2019\/07\/vendra2-768x432.jpg 768w, https:\/\/jorgezanoni.com.br\/2019\/wp-content\/uploads\/2019\/07\/vendra2-696x392.jpg 696w, https:\/\/jorgezanoni.com.br\/2019\/wp-content\/uploads\/2019\/07\/vendra2-747x420.jpg 747w\" sizes=\"auto, (max-width: 960px) 100vw, 960px\" \/><\/p>\n<p>Obrigado a todos ! Obrigado Deus !<\/p>\n<p>Fonte: Jornal Interativo<\/p>\n<\/div>\n","protected":false},"excerpt":{"rendered":"<p>Em sua postagem o dracenense Michel Vendramin, sensei e propriet\u00e1rio da academia de jud\u00f4 que fica localizada na rod. Byron de Azevedo Nogueira, km 0, ao lado da Faculdade Reges, agradece o apoio que teve da cidade de Mar\u00edlia e os companheiros de categoria. N\u00f3s do jornal Interativo, desejamos sucesso em sua caminhada e parab\u00e9ns [&hellip;]<\/p>\n","protected":false},"author":1,"featured_media":1891,"comment_status":"open","ping_status":"open","sticky":false,"template":"","format":"standard","meta":{"footnotes":""},"categories":[111,110],"tags":[],"class_list":["post-1888","post","type-post","status-publish","format-standard","has-post-thumbnail","hentry","category-esporteecultura","category-noticiasdestaque"],"_links":{"self":[{"href":"https:\/\/jorgezanoni.com.br\/2019\/wp-json\/wp\/v2\/posts\/1888","targetHints":{"allow":["GET"]}}],"collection":[{"href":"https:\/\/jorgezanoni.com.br\/2019\/wp-json\/wp\/v2\/posts"}],"about":[{"href":"https:\/\/jorgezanoni.com.br\/2019\/wp-json\/wp\/v2\/types\/post"}],"author":[{"embeddable":true,"href":"https:\/\/jorgezanoni.com.br\/2019\/wp-json\/wp\/v2\/users\/1"}],"replies":[{"embeddable":true,"href":"https:\/\/jorgezanoni.com.br\/2019\/wp-json\/wp\/v2\/comments?post=1888"}],"version-history":[{"count":0,"href":"https:\/\/jorgezanoni.com.br\/2019\/wp-json\/wp\/v2\/posts\/1888\/revisions"}],"wp:featuredmedia":[{"embeddable":true,"href":"https:\/\/jorgezanoni.com.br\/2019\/wp-json\/wp\/v2\/media\/1891"}],"wp:attachment":[{"href":"https:\/\/jorgezanoni.com.br\/2019\/wp-json\/wp\/v2\/media?parent=1888"}],"wp:term":[{"taxonomy":"category","embeddable":true,"href":"https:\/\/jorgezanoni.com.br\/2019\/wp-json\/wp\/v2\/categories?post=1888"},{"taxonomy":"post_tag","embeddable":true,"href":"https:\/\/jorgezanoni.com.br\/2019\/wp-json\/wp\/v2\/tags?post=1888"}],"curies":[{"name":"wp","href":"https:\/\/api.w.org\/{rel}","templated":true}]}}