{"id":18866,"date":"2020-02-18T01:36:24","date_gmt":"2020-02-18T01:36:24","guid":{"rendered":"https:\/\/jorgezanoni.com.br\/2019\/?p=18866"},"modified":"2020-02-18T01:36:24","modified_gmt":"2020-02-18T01:36:24","slug":"alunos-da-unifadra-participaram-de-programa-de-bolsa-de-iniciacao-a-docencia","status":"publish","type":"post","link":"https:\/\/jorgezanoni.com.br\/2019\/alunos-da-unifadra-participaram-de-programa-de-bolsa-de-iniciacao-a-docencia\/","title":{"rendered":"Alunos da Unifadra participaram de Programa de Bolsa de Inicia\u00e7\u00e3o \u00e0 Doc\u00eancia"},"content":{"rendered":"<p style=\"font-weight: 400; text-align: justify;\"><strong><em>O programa, denominado PIBID, \u00e9 uma proposta da CAPES\/MEC e levou os alunos ao campo de atua\u00e7\u00e3o em escolas de Dracena e Ouro Verde.<\/em><\/strong><\/p>\n<p style=\"font-weight: 400; text-align: justify;\">Os alunos da Faculdade Unifadra participaram de atividades do Programa Institucional de Bolsa de Inicia\u00e7\u00e3o \u00e0 Doc\u00eancia (PIBID) de agosto de 2018 at\u00e9 dezembro de 2019. Os alunos dos cursos de Educa\u00e7\u00e3o F\u00edsica e Pedagogia atuaram nas escolas EMEFI Jo\u00e3o Vendramini (Dracena) e EMEF Profa. Julia Roseira (Ouro Verde) e, em contrapartida, tiveram bolsas de estudo.<br \/>\nA coordenadora do curso de Pedagogia da Unifadra Profa. Dra. Vanessa Andreto explicou que a proposta apresentada para a CAPES\/MEC possui um car\u00e1ter interdisciplinar entre as \u00e1reas de Educa\u00e7\u00e3o F\u00edsica e Pedagogia. O PIBID \u00e9 um programa criado pelo Governo Federal. Diante disso, o objetivo essencial \u00e9 contribuir para o processo de forma\u00e7\u00e3o inicial dos estudantes destes dois cursos da Unifadra, levando para a pr\u00e1tica docente no contexto da educa\u00e7\u00e3o b\u00e1sica.<br \/>\nOs 24 alunos bolsistas realizaram as atividades nas escolas, constru\u00edram relat\u00f3rios sobre suas experi\u00eancias e compartilharam essas informa\u00e7\u00f5es em reuni\u00f5es mensais realizadas com a coordena\u00e7\u00e3o do Programa, feita pelas professoras da Unifadra Dra. Vanessa Andreto e Ma. Marcela Alexandra da Silva. \u201cFoi percept\u00edvel que a experi\u00eancia de desenvolver o PIBID alavancou o processo de reflex\u00e3o de nossos alunos bolsistas, que puderam compreender a realidade da escola e construir de forma cr\u00edtica conhecimentos acerca do processo de alfabetiza\u00e7\u00e3o, ancorados em princ\u00edpios da psicomotricidade\u201d, comentou Vanessa Andreto.<br \/>\nEm janeiro de 2020, a CAPES publicou um novo edital para o PIBID e Resid\u00eancia Pedag\u00f3gica. A Unifadra est\u00e1 pleiteando novamente o processo.\u00a0Para mais informa\u00e7\u00f5es do programa:\u00a0<a href=\"http:\/\/www.fundec.edu.br\/unifadra\/pibid\">http:\/\/www.fundec.edu.br\/unifadra\/pibid<\/a><\/p>\n<p style=\"font-weight: 400; text-align: justify;\">Carolina Colnago<\/p>\n<p style=\"font-weight: 400; text-align: justify;\">Assessora de Comunica\u00e7\u00e3o da Fundec &#8211; Jornalista<\/p>\n<p style=\"text-align: justify;\">Foto:\u00a0Professoras Ma. Marcela Alexandra da Silva e Dra. Vanessa Andreto.<\/p>\n","protected":false},"excerpt":{"rendered":"<p>O programa, denominado PIBID, \u00e9 uma proposta da CAPES\/MEC e levou os alunos ao campo de atua\u00e7\u00e3o em escolas de Dracena e Ouro Verde. Os alunos da Faculdade Unifadra participaram de atividades do Programa Institucional de Bolsa de Inicia\u00e7\u00e3o \u00e0 Doc\u00eancia (PIBID) de agosto de 2018 at\u00e9 dezembro de 2019. Os alunos dos cursos de [&hellip;]<\/p>\n","protected":false},"author":1,"featured_media":18867,"comment_status":"closed","ping_status":"open","sticky":false,"template":"","format":"standard","meta":{"footnotes":""},"categories":[122],"tags":[],"class_list":["post-18866","post","type-post","status-publish","format-standard","has-post-thumbnail","hentry","category-saudeeducacaoeconcurso"],"_links":{"self":[{"href":"https:\/\/jorgezanoni.com.br\/2019\/wp-json\/wp\/v2\/posts\/18866","targetHints":{"allow":["GET"]}}],"collection":[{"href":"https:\/\/jorgezanoni.com.br\/2019\/wp-json\/wp\/v2\/posts"}],"about":[{"href":"https:\/\/jorgezanoni.com.br\/2019\/wp-json\/wp\/v2\/types\/post"}],"author":[{"embeddable":true,"href":"https:\/\/jorgezanoni.com.br\/2019\/wp-json\/wp\/v2\/users\/1"}],"replies":[{"embeddable":true,"href":"https:\/\/jorgezanoni.com.br\/2019\/wp-json\/wp\/v2\/comments?post=18866"}],"version-history":[{"count":0,"href":"https:\/\/jorgezanoni.com.br\/2019\/wp-json\/wp\/v2\/posts\/18866\/revisions"}],"wp:featuredmedia":[{"embeddable":true,"href":"https:\/\/jorgezanoni.com.br\/2019\/wp-json\/wp\/v2\/media\/18867"}],"wp:attachment":[{"href":"https:\/\/jorgezanoni.com.br\/2019\/wp-json\/wp\/v2\/media?parent=18866"}],"wp:term":[{"taxonomy":"category","embeddable":true,"href":"https:\/\/jorgezanoni.com.br\/2019\/wp-json\/wp\/v2\/categories?post=18866"},{"taxonomy":"post_tag","embeddable":true,"href":"https:\/\/jorgezanoni.com.br\/2019\/wp-json\/wp\/v2\/tags?post=18866"}],"curies":[{"name":"wp","href":"https:\/\/api.w.org\/{rel}","templated":true}]}}