{"id":18845,"date":"2020-02-18T00:12:22","date_gmt":"2020-02-18T00:12:22","guid":{"rendered":"https:\/\/jorgezanoni.com.br\/2019\/?p=18845"},"modified":"2020-02-18T00:12:22","modified_gmt":"2020-02-18T00:12:22","slug":"policia-civil-promove-orientacoes-sobre-maleficios-das-drogas-para-jovens-do-projeto-semente-da-vida-em-junqueiropolis","status":"publish","type":"post","link":"https:\/\/jorgezanoni.com.br\/2019\/policia-civil-promove-orientacoes-sobre-maleficios-das-drogas-para-jovens-do-projeto-semente-da-vida-em-junqueiropolis\/","title":{"rendered":"Pol\u00edcia Civil promove orienta\u00e7\u00f5es sobre malef\u00edcios das drogas para jovens do Projeto Semente da Vida em Junqueir\u00f3polis"},"content":{"rendered":"<p style=\"text-align: justify;\"><strong>Pol\u00edcia Civil promove orienta\u00e7\u00f5es sobre malef\u00edcios das drogas para jovens do Projeto Semente da Vida em Junqueir\u00f3polis.<\/strong><\/p>\n<p style=\"text-align: justify;\">O Projeto Semente da Vida realiza a capacita\u00e7\u00e3o de jovens aprendizes em busca do primeiro emprego e na forma\u00e7\u00e3o cidad\u00e3.<\/p>\n<p style=\"text-align: justify;\">A Policia Civil, por interm\u00e9dio da Delegacia Seccional de Pol\u00edcia de Dracena, esteve na cidade de Junqueir\u00f3polis, no Centro Comunit\u00e1rio do Projeto Semente da Vida, nesta segunda-feira (17), palestrando sobre preven\u00e7\u00e3o ao uso nocivo de drogas para jovens que fazem parte do Programa de Qualifica\u00e7\u00e3o e Aprendizagem.<\/p>\n<p style=\"text-align: justify;\">O evento objetivou levar conhecimento e orienta\u00e7\u00f5es sobre a import\u00e2ncia da preven\u00e7\u00e3o ao consumo prematuro de drogas, sejam elas, l\u00edcitas (\u00e1lcool e tabaco) ou il\u00edcitas (maconha, crack, coca\u00edna, etc). Durante a apresenta\u00e7\u00e3o, o agente policial Reginaldo Rosa, explicou, para 34 jovens aprendizes, sobre as caracter\u00edsticas das drogas, seus efeitos mal\u00e9ficos e as dificuldades causadas pela depend\u00eancia qu\u00edmica.<\/p>\n<p style=\"text-align: justify;\">Ap\u00f3s a realiza\u00e7\u00e3o da palestra e ao agradecer a Policia Civil, a coordenadora do Projeto Semente da Vida, Sheila Mara Gatti Sampaio, enalteceu a import\u00e2ncia do encontro, sendo fundamental para o desenvolvimento dos menores aprendizes, na conviv\u00eancia em fam\u00edlia e junto a sociedade.<\/p>\n<p><img loading=\"lazy\" decoding=\"async\" class=\"alignnone size-full wp-image-18846\" src=\"https:\/\/jorgezanoni.com.br\/2019\/wp-content\/uploads\/2020\/02\/Civil.jpg\" alt=\"\" width=\"1094\" height=\"1280\" srcset=\"https:\/\/jorgezanoni.com.br\/2019\/wp-content\/uploads\/2020\/02\/Civil.jpg 1094w, https:\/\/jorgezanoni.com.br\/2019\/wp-content\/uploads\/2020\/02\/Civil-256x300.jpg 256w, https:\/\/jorgezanoni.com.br\/2019\/wp-content\/uploads\/2020\/02\/Civil-768x899.jpg 768w, https:\/\/jorgezanoni.com.br\/2019\/wp-content\/uploads\/2020\/02\/Civil-875x1024.jpg 875w, https:\/\/jorgezanoni.com.br\/2019\/wp-content\/uploads\/2020\/02\/Civil-696x814.jpg 696w, https:\/\/jorgezanoni.com.br\/2019\/wp-content\/uploads\/2020\/02\/Civil-1068x1250.jpg 1068w, https:\/\/jorgezanoni.com.br\/2019\/wp-content\/uploads\/2020\/02\/Civil-359x420.jpg 359w\" sizes=\"auto, (max-width: 1094px) 100vw, 1094px\" \/> <img loading=\"lazy\" decoding=\"async\" class=\"alignnone size-full wp-image-18847\" src=\"https:\/\/jorgezanoni.com.br\/2019\/wp-content\/uploads\/2020\/02\/civil1.jpg\" alt=\"\" width=\"1280\" height=\"720\" srcset=\"https:\/\/jorgezanoni.com.br\/2019\/wp-content\/uploads\/2020\/02\/civil1.jpg 1280w, https:\/\/jorgezanoni.com.br\/2019\/wp-content\/uploads\/2020\/02\/civil1-300x169.jpg 300w, https:\/\/jorgezanoni.com.br\/2019\/wp-content\/uploads\/2020\/02\/civil1-768x432.jpg 768w, https:\/\/jorgezanoni.com.br\/2019\/wp-content\/uploads\/2020\/02\/civil1-1024x576.jpg 1024w, https:\/\/jorgezanoni.com.br\/2019\/wp-content\/uploads\/2020\/02\/civil1-696x392.jpg 696w, https:\/\/jorgezanoni.com.br\/2019\/wp-content\/uploads\/2020\/02\/civil1-1068x601.jpg 1068w, https:\/\/jorgezanoni.com.br\/2019\/wp-content\/uploads\/2020\/02\/civil1-747x420.jpg 747w\" sizes=\"auto, (max-width: 1280px) 100vw, 1280px\" \/> <img loading=\"lazy\" decoding=\"async\" class=\"alignnone size-full wp-image-18848\" src=\"https:\/\/jorgezanoni.com.br\/2019\/wp-content\/uploads\/2020\/02\/civil2.jpg\" alt=\"\" width=\"1280\" height=\"720\" srcset=\"https:\/\/jorgezanoni.com.br\/2019\/wp-content\/uploads\/2020\/02\/civil2.jpg 1280w, https:\/\/jorgezanoni.com.br\/2019\/wp-content\/uploads\/2020\/02\/civil2-300x169.jpg 300w, https:\/\/jorgezanoni.com.br\/2019\/wp-content\/uploads\/2020\/02\/civil2-768x432.jpg 768w, https:\/\/jorgezanoni.com.br\/2019\/wp-content\/uploads\/2020\/02\/civil2-1024x576.jpg 1024w, https:\/\/jorgezanoni.com.br\/2019\/wp-content\/uploads\/2020\/02\/civil2-696x392.jpg 696w, https:\/\/jorgezanoni.com.br\/2019\/wp-content\/uploads\/2020\/02\/civil2-1068x601.jpg 1068w, https:\/\/jorgezanoni.com.br\/2019\/wp-content\/uploads\/2020\/02\/civil2-747x420.jpg 747w\" sizes=\"auto, (max-width: 1280px) 100vw, 1280px\" \/><img loading=\"lazy\" decoding=\"async\" class=\"alignnone size-full wp-image-18850\" src=\"https:\/\/jorgezanoni.com.br\/2019\/wp-content\/uploads\/2020\/02\/civil4.jpg\" alt=\"\" width=\"960\" height=\"1280\" srcset=\"https:\/\/jorgezanoni.com.br\/2019\/wp-content\/uploads\/2020\/02\/civil4.jpg 960w, https:\/\/jorgezanoni.com.br\/2019\/wp-content\/uploads\/2020\/02\/civil4-225x300.jpg 225w, https:\/\/jorgezanoni.com.br\/2019\/wp-content\/uploads\/2020\/02\/civil4-768x1024.jpg 768w, https:\/\/jorgezanoni.com.br\/2019\/wp-content\/uploads\/2020\/02\/civil4-696x928.jpg 696w, https:\/\/jorgezanoni.com.br\/2019\/wp-content\/uploads\/2020\/02\/civil4-315x420.jpg 315w\" sizes=\"auto, (max-width: 960px) 100vw, 960px\" \/> <img loading=\"lazy\" decoding=\"async\" class=\"alignnone size-full wp-image-18851\" src=\"https:\/\/jorgezanoni.com.br\/2019\/wp-content\/uploads\/2020\/02\/civil5.jpg\" alt=\"\" width=\"1280\" height=\"960\" srcset=\"https:\/\/jorgezanoni.com.br\/2019\/wp-content\/uploads\/2020\/02\/civil5.jpg 1280w, https:\/\/jorgezanoni.com.br\/2019\/wp-content\/uploads\/2020\/02\/civil5-300x225.jpg 300w, https:\/\/jorgezanoni.com.br\/2019\/wp-content\/uploads\/2020\/02\/civil5-768x576.jpg 768w, https:\/\/jorgezanoni.com.br\/2019\/wp-content\/uploads\/2020\/02\/civil5-1024x768.jpg 1024w, https:\/\/jorgezanoni.com.br\/2019\/wp-content\/uploads\/2020\/02\/civil5-80x60.jpg 80w, https:\/\/jorgezanoni.com.br\/2019\/wp-content\/uploads\/2020\/02\/civil5-265x198.jpg 265w, https:\/\/jorgezanoni.com.br\/2019\/wp-content\/uploads\/2020\/02\/civil5-696x522.jpg 696w, https:\/\/jorgezanoni.com.br\/2019\/wp-content\/uploads\/2020\/02\/civil5-1068x801.jpg 1068w, https:\/\/jorgezanoni.com.br\/2019\/wp-content\/uploads\/2020\/02\/civil5-560x420.jpg 560w\" sizes=\"auto, (max-width: 1280px) 100vw, 1280px\" \/><\/p>\n<p style=\"text-align: justify;\">Fonte: Com. Social Pol\u00edcia Civil<\/p>\n","protected":false},"excerpt":{"rendered":"<p>Pol\u00edcia Civil promove orienta\u00e7\u00f5es sobre malef\u00edcios das drogas para jovens do Projeto Semente da Vida em Junqueir\u00f3polis. O Projeto Semente da Vida realiza a capacita\u00e7\u00e3o de jovens aprendizes em busca do primeiro emprego e na forma\u00e7\u00e3o cidad\u00e3. A Policia Civil, por interm\u00e9dio da Delegacia Seccional de Pol\u00edcia de Dracena, esteve na cidade de Junqueir\u00f3polis, no [&hellip;]<\/p>\n","protected":false},"author":1,"featured_media":18849,"comment_status":"closed","ping_status":"open","sticky":false,"template":"","format":"standard","meta":{"footnotes":""},"categories":[2],"tags":[],"class_list":["post-18845","post","type-post","status-publish","format-standard","has-post-thumbnail","hentry","category-policial"],"_links":{"self":[{"href":"https:\/\/jorgezanoni.com.br\/2019\/wp-json\/wp\/v2\/posts\/18845","targetHints":{"allow":["GET"]}}],"collection":[{"href":"https:\/\/jorgezanoni.com.br\/2019\/wp-json\/wp\/v2\/posts"}],"about":[{"href":"https:\/\/jorgezanoni.com.br\/2019\/wp-json\/wp\/v2\/types\/post"}],"author":[{"embeddable":true,"href":"https:\/\/jorgezanoni.com.br\/2019\/wp-json\/wp\/v2\/users\/1"}],"replies":[{"embeddable":true,"href":"https:\/\/jorgezanoni.com.br\/2019\/wp-json\/wp\/v2\/comments?post=18845"}],"version-history":[{"count":0,"href":"https:\/\/jorgezanoni.com.br\/2019\/wp-json\/wp\/v2\/posts\/18845\/revisions"}],"wp:featuredmedia":[{"embeddable":true,"href":"https:\/\/jorgezanoni.com.br\/2019\/wp-json\/wp\/v2\/media\/18849"}],"wp:attachment":[{"href":"https:\/\/jorgezanoni.com.br\/2019\/wp-json\/wp\/v2\/media?parent=18845"}],"wp:term":[{"taxonomy":"category","embeddable":true,"href":"https:\/\/jorgezanoni.com.br\/2019\/wp-json\/wp\/v2\/categories?post=18845"},{"taxonomy":"post_tag","embeddable":true,"href":"https:\/\/jorgezanoni.com.br\/2019\/wp-json\/wp\/v2\/tags?post=18845"}],"curies":[{"name":"wp","href":"https:\/\/api.w.org\/{rel}","templated":true}]}}