{"id":1883,"date":"2019-07-23T22:38:52","date_gmt":"2019-07-23T22:38:52","guid":{"rendered":"http:\/\/jorgezanoni.com.br\/2019\/?p=1883"},"modified":"2019-07-23T22:38:52","modified_gmt":"2019-07-23T22:38:52","slug":"governo-autoriza-concessao-da-rodovia-e-cria-pedagios","status":"publish","type":"post","link":"https:\/\/jorgezanoni.com.br\/2019\/governo-autoriza-concessao-da-rodovia-e-cria-pedagios\/","title":{"rendered":"Governo autoriza concess\u00e3o da rodovia e cria ped\u00e1gios"},"content":{"rendered":"<h2><strong>A publica\u00e7\u00e3o n\u00e3o define datas para a divulga\u00e7\u00e3o do edital que vai trazer detalhes sobre a obra nos trechos concedidos, mas confirma que algumas das solicita\u00e7\u00f5es foram atendidas e o projeto de investimento ser\u00e1 alterado para incluir novas demandas.<\/strong><\/h2>\n<article id=\"conteudo-artigo\">\n<div id=\"HOTWordsTxt91119\">\n<div id=\"divSpdInText\">O governo do Estado publicou no Di\u00e1rio Oficial, edi\u00e7\u00e3o de s\u00e1bado, decreto que autoriza a Artesp a abrir processo de concorr\u00eancia internacional para a concess\u00e3o do lote de rodovias entre Piracicaba e Panorama, incluindo a SP-294, at\u00e9 Panorama, e outras rodovias na regi\u00e3o.<\/p>\n<p>O decreto ratifica as decis\u00f5es do conselho diretor do Programa Estadual de Privatiza\u00e7\u00e3o, que rejeitou pedidos de mudan\u00e7as e manteve previs\u00e3o de 16 novas pra\u00e7as de ped\u00e1gio no trecho a ser concedido, incluindo uma em Tup\u00e3, pr\u00f3ximo de Universo. A minuta do edital indica sete pra\u00e7as de ped\u00e1gios entre Panorama e Bauru.<\/p>\n<p>A publica\u00e7\u00e3o ainda n\u00e3o define datas para a divulga\u00e7\u00e3o do edital que vai trazer detalhes sobre a obra nos trechos concedidos, mas confirma que algumas das solicita\u00e7\u00f5es foram atendidas e o projeto de investimento ser\u00e1 alterado para incluir novas demandas.<\/p>\n<p>Os ped\u00e1gios iniciam opera\u00e7\u00e3o no primeiro m\u00eas para um trecho de rodovias que j\u00e1 est\u00e1 em opera\u00e7\u00e3o pela Centrovias e ser\u00e1 transferido para a nova concession\u00e1ria.<\/p>\n<p>As outras pra\u00e7as de ped\u00e1gios v\u00e3o iniciar a cobran\u00e7a no 13\u00ba m\u00eas de contrato, ou seja, no in\u00edcio do segundo ano. A arrecada\u00e7\u00e3o come\u00e7a um ano antes das obras consideradas &#8220;relevantes\u201d, que ser\u00e3o iniciadas no terceiro ano de contrato.<\/p>\n<p>A confirma\u00e7\u00e3o da concess\u00e3o e da onda de ped\u00e1gios mudou o foco de autoridades pol\u00edticas na regi\u00e3o, com a instala\u00e7\u00e3o de ped\u00e1gios sendo relegada a um terceiro plano.<\/p>\n<p>Os pol\u00edticos que atuam nas regi\u00f5es onde haver\u00e1 o leil\u00e3o, que praticamente vai privatizar toda a malha rodovi\u00e1ria paulista com alguma relev\u00e2ncia, disputam agora a &#8220;paternidade\u201d por obras que ningu\u00e9m sabe se ser\u00e3o feitas ou quando v\u00e3o acontecer.<\/p>\n<p>O decreto envolve a concess\u00e3o de 1.273 quil\u00f4metros, sendo 1.118 quil\u00f4metros de rodovias e 155 de acessos, abrangendo 21 pra\u00e7as de ped\u00e1gios, sendo cinco existentes e 16 novas.<\/p>\n<p>O projeto envolve obras de duplica\u00e7\u00f5es, implanta\u00e7\u00e3o de faixas adicionais, contornos vi\u00e1rios e novas pistas em trechos de serra, 23 km de vias marginais, 30 passarelas, 140 dispositivos, 700 km de novos acostamentos, 20 paradas de \u00f4nibus, e 600 km de duplica\u00e7\u00f5es e novas pistas.<\/p>\n<p>As rodovias v\u00e3o ganhar sete \u00e1reas de descanso para caminhoneiros, 30 novas bases de servi\u00e7o de atendimento ao usu\u00e1rio, 90 km de ciclovias, 38 postos policiais e demais equipamentos e sistemas.<\/p>\n<\/div>\n<\/div>\n<\/article>\n<div class=\"credito\">Fonte: Jornal Di\u00e1rio<\/div>\n","protected":false},"excerpt":{"rendered":"<p>A publica\u00e7\u00e3o n\u00e3o define datas para a divulga\u00e7\u00e3o do edital que vai trazer detalhes sobre a obra nos trechos concedidos, mas confirma que algumas das solicita\u00e7\u00f5es foram atendidas e o projeto de investimento ser\u00e1 alterado para incluir novas demandas. O governo do Estado publicou no Di\u00e1rio Oficial, edi\u00e7\u00e3o de s\u00e1bado, decreto que autoriza a Artesp [&hellip;]<\/p>\n","protected":false},"author":1,"featured_media":1884,"comment_status":"open","ping_status":"open","sticky":false,"template":"","format":"standard","meta":{"footnotes":""},"categories":[110],"tags":[],"class_list":["post-1883","post","type-post","status-publish","format-standard","has-post-thumbnail","hentry","category-noticiasdestaque"],"_links":{"self":[{"href":"https:\/\/jorgezanoni.com.br\/2019\/wp-json\/wp\/v2\/posts\/1883","targetHints":{"allow":["GET"]}}],"collection":[{"href":"https:\/\/jorgezanoni.com.br\/2019\/wp-json\/wp\/v2\/posts"}],"about":[{"href":"https:\/\/jorgezanoni.com.br\/2019\/wp-json\/wp\/v2\/types\/post"}],"author":[{"embeddable":true,"href":"https:\/\/jorgezanoni.com.br\/2019\/wp-json\/wp\/v2\/users\/1"}],"replies":[{"embeddable":true,"href":"https:\/\/jorgezanoni.com.br\/2019\/wp-json\/wp\/v2\/comments?post=1883"}],"version-history":[{"count":0,"href":"https:\/\/jorgezanoni.com.br\/2019\/wp-json\/wp\/v2\/posts\/1883\/revisions"}],"wp:featuredmedia":[{"embeddable":true,"href":"https:\/\/jorgezanoni.com.br\/2019\/wp-json\/wp\/v2\/media\/1884"}],"wp:attachment":[{"href":"https:\/\/jorgezanoni.com.br\/2019\/wp-json\/wp\/v2\/media?parent=1883"}],"wp:term":[{"taxonomy":"category","embeddable":true,"href":"https:\/\/jorgezanoni.com.br\/2019\/wp-json\/wp\/v2\/categories?post=1883"},{"taxonomy":"post_tag","embeddable":true,"href":"https:\/\/jorgezanoni.com.br\/2019\/wp-json\/wp\/v2\/tags?post=1883"}],"curies":[{"name":"wp","href":"https:\/\/api.w.org\/{rel}","templated":true}]}}