{"id":18827,"date":"2020-02-17T16:17:16","date_gmt":"2020-02-17T16:17:16","guid":{"rendered":"https:\/\/jorgezanoni.com.br\/2019\/?p=18827"},"modified":"2020-02-17T16:17:16","modified_gmt":"2020-02-17T16:17:16","slug":"policia-civil-prende-segundo-envolvido-no-homicidio-ocorrido-no-bairro-jardim-brasilandia-em-dracena","status":"publish","type":"post","link":"https:\/\/jorgezanoni.com.br\/2019\/policia-civil-prende-segundo-envolvido-no-homicidio-ocorrido-no-bairro-jardim-brasilandia-em-dracena\/","title":{"rendered":"Pol\u00edcia Civil prende segundo envolvido no homic\u00eddio ocorrido no bairro Jardim Brasil\u00e2ndia em Dracena"},"content":{"rendered":"<p style=\"text-align: justify;\"><strong>O homic\u00eddio ocorreu no dia 30 de janeiro. A v\u00edtima, que estava prestes a completar 30 anos, teria sido agredida com socos, chutes e tamb\u00e9m estrangulada conforme constatado por laudo pericial.<\/strong><\/p>\n<p style=\"text-align: justify;\">A Pol\u00edcia Civil, por interm\u00e9dio das Unidades Agrupadas 1\u00ba e 2\u00ba DP, deu cumprimento a um mandado de pris\u00e3o preventiva expedido pela 3\u00aa Vara Criminal da Comarca de Dracena, em desfavor do segundo suspeito apontado na participa\u00e7\u00e3o do assassinato ocorrido no dia 30 de janeiro passado, que vitimou uma mulher de 29 anos. A mulher faria anivers\u00e1rio no dia que foi sepultada.<\/p>\n<p style=\"text-align: justify;\">De posse da ordem judicial, policiais civis da Unidades Agrupadas 1 \u00ba e 2\u00ba DP diligenciaram pelo bairro Jardim Brasil\u00e2ndia, em Dracena, localizaram e prenderam o segundo suspeito de participar da morte, tratando-se de uma mulher de 25 anos.<\/p>\n<p style=\"text-align: justify;\">A suspeita foi apresentada a autoridade policial que cumpriu a determina\u00e7\u00e3o judicial, formalizando o indiciamento da suspeita. Ap\u00f3s os tr\u00e2mites dos procedimentos de pol\u00edcia judici\u00e1ria, a mulher seria transferida para uma unidade prisional da regi\u00e3o, ficando \u00e0 disposi\u00e7\u00e3o da Justi\u00e7a.<\/p>\n<p style=\"text-align: justify;\">No dia do homic\u00eddio um homem, apontando com prov\u00e1vel autor, foi preso em flagrante delito. A \u00e9poca, o suspeito autuado em flagrante confessou a autoria do crime, alegando que havia cometido tal delito em virtude do ci\u00fame da amizade mantida entre a sua ex-companheira e a v\u00edtima do homic\u00eddio.<\/p>\n<p style=\"text-align: justify;\">Com o prosseguimento das investiga\u00e7\u00f5es desenvolvidas pela Pol\u00edcia Civil foi poss\u00edvel comprovar-se o envolvimento de uma segunda pessoa na autoria do crime, tratando-se da ex-companheira do indiv\u00edduo autuado em flagrante na data do delito.<\/p>\n<p style=\"text-align: justify;\">As investiga\u00e7\u00f5es demonstraram que a mulher detida na manh\u00e3 de hoje, em virtude de um desentendimento anterior, havia tramado a morte da v\u00edtima, sendo auxiliada na execu\u00e7\u00e3o do crime pelo individuo preso em flagrante na ocasi\u00e3o dos fatos.<\/p>\n<p style=\"text-align: justify;\">Diante das provas colhidas a autoridade policial respons\u00e1vel pelas investiga\u00e7\u00f5es representou pela pris\u00e3o da suspeita, sendo esta medida deferida pelo ju\u00edzo desta comarca.<\/p>\n<p style=\"text-align: justify;\">Fonte: Com. Social Pol\u00edcia Civil<\/p>\n","protected":false},"excerpt":{"rendered":"<p>O homic\u00eddio ocorreu no dia 30 de janeiro. A v\u00edtima, que estava prestes a completar 30 anos, teria sido agredida com socos, chutes e tamb\u00e9m estrangulada conforme constatado por laudo pericial. A Pol\u00edcia Civil, por interm\u00e9dio das Unidades Agrupadas 1\u00ba e 2\u00ba DP, deu cumprimento a um mandado de pris\u00e3o preventiva expedido pela 3\u00aa Vara [&hellip;]<\/p>\n","protected":false},"author":1,"featured_media":18828,"comment_status":"closed","ping_status":"open","sticky":false,"template":"","format":"standard","meta":{"footnotes":""},"categories":[110,2],"tags":[],"class_list":["post-18827","post","type-post","status-publish","format-standard","has-post-thumbnail","hentry","category-noticiasdestaque","category-policial"],"_links":{"self":[{"href":"https:\/\/jorgezanoni.com.br\/2019\/wp-json\/wp\/v2\/posts\/18827","targetHints":{"allow":["GET"]}}],"collection":[{"href":"https:\/\/jorgezanoni.com.br\/2019\/wp-json\/wp\/v2\/posts"}],"about":[{"href":"https:\/\/jorgezanoni.com.br\/2019\/wp-json\/wp\/v2\/types\/post"}],"author":[{"embeddable":true,"href":"https:\/\/jorgezanoni.com.br\/2019\/wp-json\/wp\/v2\/users\/1"}],"replies":[{"embeddable":true,"href":"https:\/\/jorgezanoni.com.br\/2019\/wp-json\/wp\/v2\/comments?post=18827"}],"version-history":[{"count":0,"href":"https:\/\/jorgezanoni.com.br\/2019\/wp-json\/wp\/v2\/posts\/18827\/revisions"}],"wp:featuredmedia":[{"embeddable":true,"href":"https:\/\/jorgezanoni.com.br\/2019\/wp-json\/wp\/v2\/media\/18828"}],"wp:attachment":[{"href":"https:\/\/jorgezanoni.com.br\/2019\/wp-json\/wp\/v2\/media?parent=18827"}],"wp:term":[{"taxonomy":"category","embeddable":true,"href":"https:\/\/jorgezanoni.com.br\/2019\/wp-json\/wp\/v2\/categories?post=18827"},{"taxonomy":"post_tag","embeddable":true,"href":"https:\/\/jorgezanoni.com.br\/2019\/wp-json\/wp\/v2\/tags?post=18827"}],"curies":[{"name":"wp","href":"https:\/\/api.w.org\/{rel}","templated":true}]}}