{"id":18824,"date":"2020-02-17T16:03:41","date_gmt":"2020-02-17T16:03:41","guid":{"rendered":"https:\/\/jorgezanoni.com.br\/2019\/?p=18824"},"modified":"2020-02-17T16:03:41","modified_gmt":"2020-02-17T16:03:41","slug":"confira-o-plantao-policial-das-ultimas-horas-17-02-20","status":"publish","type":"post","link":"https:\/\/jorgezanoni.com.br\/2019\/confira-o-plantao-policial-das-ultimas-horas-17-02-20\/","title":{"rendered":"Confira o Plant\u00e3o Policial das \u00faltimas horas 17\/02\/20"},"content":{"rendered":"<p style=\"text-align: justify;\"><strong>POL\u00cdCIA MILITAR PRENDE EM UMA \u00daNICA ABORDAGEM EM LUC\u00c9LIA UM INDIV\u00cdDUO POR TR\u00c1FICO DE DROGAS E OUTRO POR PORTE.<\/strong><\/p>\n<p style=\"text-align: justify;\">Tr\u00e1fico de drogas &#8211; Flagrante<\/p>\n<p style=\"text-align: justify;\">Data: 16FEV20 \u00e0s 16h00min.<\/p>\n<p style=\"text-align: justify;\">Local: Rua das Aroeiras, Bairro Morada do Sol- Luc\u00e9lia\/SP.<\/p>\n<p style=\"text-align: justify;\">Indiciado: 20 anos<\/p>\n<p style=\"text-align: justify;\">Indiciado: 39 anos<\/p>\n<p style=\"text-align: justify;\">Neste domingo, 16, por volta das 16 horas, durante patrulhamento pelo Bairro Morada do Sol (Rua Aroeiras) os militares visualizaram um indiv\u00edduo (39 anos) saindo da resid\u00eancia de outro indiv\u00edduo (20 anos) este, conhecido nos meios policiais pelo envolvimento com a venda de drogas. Diante disso indiv\u00edduo de deixar a o local, foi abordado sendo localizado em seu t\u00eanis uma por\u00e7\u00e3o de maconha. Questionado, confessou ter acabado de &#8220;ganhar&#8221; o entorpecente do morador, onde imediatamente policias deslocaram at\u00e9 a resid\u00eancia onde o morador foi abordado e questionado a respeito da venda de drogas. \u00c0 princ\u00edpio, negou, por\u00e9m confessou ter umas por\u00e7\u00f5es em seu quarto sendo localizado (3) por\u00e7\u00f5es de maconha, (1) tesoura, (6) aparelhos celulares e $ 60,00 em dinheiro recebendo voz pris\u00e3o em flagrante delito pelo cometimento crime de tr\u00e1fico de drogas permanecendo preso. Indiv\u00edduo autuado por porte de entorpecente foi liberado ap\u00f3s apresenta\u00e7\u00e3o da ocorr\u00eancia.<\/p>\n<p style=\"text-align: justify;\">Pol\u00edcia Militar, a For\u00e7a P\u00fablica de S\u00e3o Paulo!<\/p>\n<p style=\"text-align: justify;\"><strong>EM LUC\u00c9LIA POL\u00cdCIA MILITAR LOCALIZA PRODUTO FURTADO E PRENDE HOMEM POR RECEPTA\u00c7\u00c3O DE MOTOCICLETA<\/strong><\/p>\n<p style=\"text-align: justify;\">Recepta\u00e7\u00e3o &#8211; Flagrante<\/p>\n<p style=\"text-align: justify;\">Data: 15FEV20 \u00e0s 21h55min.<\/p>\n<p style=\"text-align: justify;\">Local: Rua Joaquim Dias Lima- Luc\u00e9lia\/SP.<\/p>\n<p style=\"text-align: justify;\">Indiciado: 24 anos<\/p>\n<p style=\"text-align: justify;\">Durante patrulhamento pela rua Joaquim Dias Lima, militares visualizaram um indiv\u00edduo (24 anos) na condu\u00e7\u00e3o de uma motocicleta, o qual, avistando a viatura policial-militar, mudou bruscamente seu comportamento motivando sua abordagem. Na ocasi\u00e3o, nada de il\u00edcito foi encontrado em seu poder, por\u00e9m, em pesquisa ao emplacamento da\u00a0motocicleta, Honda CG Titan ES na cor verde, foi constatado tratar-se de ve\u00edculo furtado. Questionado, o indiv\u00edduo informou ter &#8220;adquirido&#8221; a moto atrav\u00e9s de um site das m\u00eddias sociais de um indiv\u00edduo desconhecido, pagando a quantia de R$ 1000,00, dizendo n\u00e3o saber que se tratava de produto de furto. Diante dos fatos, indiv\u00edduo que n\u00e3o possu\u00eda CNH ou PPD, recebeu voz de pris\u00e3o por recepta\u00e7\u00e3o, sendo liberado posteriormente; j\u00e1 o ve\u00edculo, foi recolhido p\u00e1tio.<\/p>\n<p style=\"text-align: justify;\">Pol\u00edcia Militar, a For\u00e7a P\u00fablica de S\u00e3o Paulo!<\/p>\n<p style=\"text-align: justify;\"><strong>EM IRAPURU POL\u00cdCIA MILITAR PRENDE MULHER QUE TENTAVA ENTRAR EM VISITA NO SISTEMA PRISIONAL COM DROGA.<\/strong><\/p>\n<p style=\"text-align: justify;\">Tr\u00e1fico de drogas &#8211; Flagrante<\/p>\n<p style=\"text-align: justify;\">Data: 15FEV20 \u00e0s 11h26min.<\/p>\n<p style=\"text-align: justify;\">Local: Estrada Municipal Iru, Km 3,5 \u2013 Zona Rural- Irapuru\/SP.<\/p>\n<p style=\"text-align: justify;\">Indiciada: 32 anos<\/p>\n<p style=\"text-align: justify;\">No dia 15 por volta das 11h26min a Pol\u00edcia Militar apoiou os agentes de seguran\u00e7a Penitenci\u00e1ria at\u00e9 a Santa Casa de Junqueir\u00f3polis, tendo em vista detec\u00e7\u00e3o de corpo estranho em uma visita pelo local. Durante a busca minuciosa \u00e0 indiciada, ocasi\u00e3o em que fora localizado um inv\u00f3lucro aparentando ser maconha, e ao indaga-la ela confessou espontaneamente que a droga seria entregue a seu esposo, o qual encontra-se preso, complementando que na pens\u00e3o na qual estaria hospedada \u2013 Centro \u2013 Pacaemb\u00fa\/SP, teria mais drogas no interior de uma bolsa vermelha de sua propriedade. Diante da declara\u00e7\u00e3o da indiciada, foi diligenciado at\u00e9 o local para averigua\u00e7\u00e3o, e no endere\u00e7o mencionado pela indiciada, localizaram no interior do quarto 03 (tr\u00eas) inv\u00f3lucros contendo 01 (um) aparelho celular em cada e 01 um inv\u00f3lucro contendo subst\u00e2ncia aparentando maconha.\u00a0 Foi dada voz de pris\u00e3o a indiciada por tr\u00e1fico de drogas permanecendo presa.<\/p>\n<p style=\"text-align: justify;\"><strong>EM JUNQUEIR\u00d3POLIS, POL\u00cdCIA MILITAR PRENDE HOMEM POR LES\u00c3O CORPORAL\/MARIA DA PENHA.<\/strong><\/p>\n<p style=\"text-align: justify;\">Lei Maria da Penha &#8211; Flagrante<\/p>\n<p style=\"text-align: justify;\">Data: 16FEV20 \u00e0s 08h44min.<\/p>\n<p style=\"text-align: justify;\">Local: Ria das Andorinhas \u2013 Jardim dos P\u00e1ssaros- Junqueir\u00f3polis\/SP.<\/p>\n<p style=\"text-align: justify;\">Indiciado: 24 anos<\/p>\n<p style=\"text-align: justify;\">V\u00edtima: 25 anos<\/p>\n<p style=\"text-align: justify;\">Na data de ontem (16) por volta das 08h44min ap\u00f3s ser acionada via Copom, a equipe da Pol\u00edcia Militar contato com a v\u00edtima de 25 anos, teve o conhecimento que ela conviveu com o indiciado (24 anos) por 04 (quatro) meses, estando separados por\u00e9m residem na mesma casa e na data de ontem houve uma briga na qual ele cortou o dedo da v\u00edtima, e hoje voltou na resid\u00eancia, adentrando atrav\u00e9s do muro veio a danificar alguns m\u00f3veis, al\u00e9m disso mencionou por gestos que estaria armado e que voltaria para mat\u00e1-la. Com a\u00a0\u00a0 chegada da equipe policial ele evadiu do local sendo localizado numa resid\u00eancia na Rua Goi\u00e2nia, e ap\u00f3s ser dado voz de pris\u00e3o, tentou empreender fuga sendo contido. O indiciado foi conduzido ao pronto socorro pois estava com os dedos cortados devido os socos que havia deferido contra a televis\u00e3o e janelas danificadas, por\u00e9m recusou o atendimento. O indiciado em todo tempo do atendimento estava muito agressivo e continuava com as amea\u00e7as a v\u00edtima, dada a voz de pris\u00e3o permanecendo preso \u00e0 disposi\u00e7\u00e3o da Justi\u00e7a.<strong>\u00a0<\/strong><\/p>\n<p style=\"text-align: justify;\"><strong>Fonte: #25BPMI\u00a0 \u00a0 \u00a0 \u00a0 \u00a0 \u00a0<\/strong><\/p>\n<p style=\"text-align: justify;\"><strong>#POLICIAMILITARSP<\/strong><\/p>\n<p>&nbsp;<\/p>\n","protected":false},"excerpt":{"rendered":"<p>POL\u00cdCIA MILITAR PRENDE EM UMA \u00daNICA ABORDAGEM EM LUC\u00c9LIA UM INDIV\u00cdDUO POR TR\u00c1FICO DE DROGAS E OUTRO POR PORTE. Tr\u00e1fico de drogas &#8211; Flagrante Data: 16FEV20 \u00e0s 16h00min. Local: Rua das Aroeiras, Bairro Morada do Sol- Luc\u00e9lia\/SP. Indiciado: 20 anos Indiciado: 39 anos Neste domingo, 16, por volta das 16 horas, durante patrulhamento pelo Bairro [&hellip;]<\/p>\n","protected":false},"author":1,"featured_media":18825,"comment_status":"closed","ping_status":"open","sticky":false,"template":"","format":"standard","meta":{"footnotes":""},"categories":[110,2],"tags":[],"class_list":["post-18824","post","type-post","status-publish","format-standard","has-post-thumbnail","hentry","category-noticiasdestaque","category-policial"],"_links":{"self":[{"href":"https:\/\/jorgezanoni.com.br\/2019\/wp-json\/wp\/v2\/posts\/18824","targetHints":{"allow":["GET"]}}],"collection":[{"href":"https:\/\/jorgezanoni.com.br\/2019\/wp-json\/wp\/v2\/posts"}],"about":[{"href":"https:\/\/jorgezanoni.com.br\/2019\/wp-json\/wp\/v2\/types\/post"}],"author":[{"embeddable":true,"href":"https:\/\/jorgezanoni.com.br\/2019\/wp-json\/wp\/v2\/users\/1"}],"replies":[{"embeddable":true,"href":"https:\/\/jorgezanoni.com.br\/2019\/wp-json\/wp\/v2\/comments?post=18824"}],"version-history":[{"count":0,"href":"https:\/\/jorgezanoni.com.br\/2019\/wp-json\/wp\/v2\/posts\/18824\/revisions"}],"wp:featuredmedia":[{"embeddable":true,"href":"https:\/\/jorgezanoni.com.br\/2019\/wp-json\/wp\/v2\/media\/18825"}],"wp:attachment":[{"href":"https:\/\/jorgezanoni.com.br\/2019\/wp-json\/wp\/v2\/media?parent=18824"}],"wp:term":[{"taxonomy":"category","embeddable":true,"href":"https:\/\/jorgezanoni.com.br\/2019\/wp-json\/wp\/v2\/categories?post=18824"},{"taxonomy":"post_tag","embeddable":true,"href":"https:\/\/jorgezanoni.com.br\/2019\/wp-json\/wp\/v2\/tags?post=18824"}],"curies":[{"name":"wp","href":"https:\/\/api.w.org\/{rel}","templated":true}]}}