{"id":18819,"date":"2020-02-17T15:43:06","date_gmt":"2020-02-17T15:43:06","guid":{"rendered":"https:\/\/jorgezanoni.com.br\/2019\/?p=18819"},"modified":"2020-02-17T15:43:06","modified_gmt":"2020-02-17T15:43:06","slug":"reclamacao-da-populacao-motoristas-deixam-veiculos-em-cima-de-calcada-impedindo-passagem-de-pedestres","status":"publish","type":"post","link":"https:\/\/jorgezanoni.com.br\/2019\/reclamacao-da-populacao-motoristas-deixam-veiculos-em-cima-de-calcada-impedindo-passagem-de-pedestres\/","title":{"rendered":"Reclama\u00e7\u00e3o da Popula\u00e7\u00e3o: Motoristas deixam ve\u00edculos em cima de cal\u00e7ada impedindo passagem de pedestres"},"content":{"rendered":"<p style=\"text-align: justify;\">Um mun\u00edcipe que passa diariamente pelo local, reclama que motoristas deixam constantemente ve\u00edculos estacionados no passeio p\u00fablico impedindo a passagem de pedestres.<\/p>\n<p><img loading=\"lazy\" decoding=\"async\" class=\"alignnone size-full wp-image-18822\" src=\"https:\/\/jorgezanoni.com.br\/2019\/wp-content\/uploads\/2020\/02\/arte2.jpg\" alt=\"\" width=\"720\" height=\"1280\" srcset=\"https:\/\/jorgezanoni.com.br\/2019\/wp-content\/uploads\/2020\/02\/arte2.jpg 720w, https:\/\/jorgezanoni.com.br\/2019\/wp-content\/uploads\/2020\/02\/arte2-169x300.jpg 169w, https:\/\/jorgezanoni.com.br\/2019\/wp-content\/uploads\/2020\/02\/arte2-576x1024.jpg 576w, https:\/\/jorgezanoni.com.br\/2019\/wp-content\/uploads\/2020\/02\/arte2-696x1237.jpg 696w, https:\/\/jorgezanoni.com.br\/2019\/wp-content\/uploads\/2020\/02\/arte2-236x420.jpg 236w\" sizes=\"auto, (max-width: 720px) 100vw, 720px\" \/><\/p>\n<p style=\"text-align: justify;\">O fato foi registrado na esquina da avenida Jos\u00e9 Bonif\u00e1cio com a rua Dom Pedro. &#8220;Pode passar l\u00e1 qualquer hora porque direto est\u00e1 estacionado deste jeito&#8221; disse o reclamante.<\/p>\n<p><img loading=\"lazy\" decoding=\"async\" class=\"alignnone size-full wp-image-18820\" src=\"https:\/\/jorgezanoni.com.br\/2019\/wp-content\/uploads\/2020\/02\/arte.jpg\" alt=\"\" width=\"1280\" height=\"768\" srcset=\"https:\/\/jorgezanoni.com.br\/2019\/wp-content\/uploads\/2020\/02\/arte.jpg 1280w, https:\/\/jorgezanoni.com.br\/2019\/wp-content\/uploads\/2020\/02\/arte-300x180.jpg 300w, https:\/\/jorgezanoni.com.br\/2019\/wp-content\/uploads\/2020\/02\/arte-768x461.jpg 768w, https:\/\/jorgezanoni.com.br\/2019\/wp-content\/uploads\/2020\/02\/arte-1024x614.jpg 1024w, https:\/\/jorgezanoni.com.br\/2019\/wp-content\/uploads\/2020\/02\/arte-696x418.jpg 696w, https:\/\/jorgezanoni.com.br\/2019\/wp-content\/uploads\/2020\/02\/arte-1068x641.jpg 1068w, https:\/\/jorgezanoni.com.br\/2019\/wp-content\/uploads\/2020\/02\/arte-700x420.jpg 700w\" sizes=\"auto, (max-width: 1280px) 100vw, 1280px\" \/><\/p>\n<p style=\"text-align: justify;\">Jorge Zanoni<\/p>\n<h1 class=\"entry-title\" style=\"text-align: justify;\">Veja a Pontua\u00e7\u00e3o e o Valor da Multa Por Estacionar na Cal\u00e7ada.<\/h1>\n<p style=\"text-align: justify;\">\u00daltima atualiza\u00e7\u00e3o em\u00a0<time class=\"post-last-modified-td\" datetime=\"2019-12-23T15:09:28-03:00\">23 de dezembro de 2019 at 15:09<\/time><\/p>\n<p style=\"text-align: justify;\">Deve<strong>\u00a0pagar o valor da multa por estacionar na cal\u00e7ada<\/strong>\u00a0o motorista que atrapalhou o livre fluxo de pedestres no local destinado a eles.<\/p>\n<p style=\"text-align: justify;\">Afinal, uma via p\u00fablica urbana \u00e9 composta pela pista de rolamento, destinada ao tr\u00e2nsito de ve\u00edculos automotores, e pela cal\u00e7ada, onde s\u00f3 pode circular quem est\u00e1 a p\u00e9.<\/p>\n<p style=\"text-align: justify;\">Da mesma forma que uma pessoa n\u00e3o pode parar no meio da rua, um ve\u00edculo n\u00e3o pode obstruir a passagem das pessoas nas cal\u00e7adas.<\/p>\n<p style=\"text-align: justify;\">A cobran\u00e7a do valor da multa por estacionar na cal\u00e7ada serve, portanto, para garantir os direitos dos pedestres.<\/p>\n<p style=\"text-align: justify;\">Nessa ou em qualquer outra situa\u00e7\u00e3o, a melhor maneira de evitar cometer uma infra\u00e7\u00e3o e sofrer as respectivas penalidades \u00e9 conhecendo a lei.<\/p>\n<p style=\"text-align: justify;\">\u00c9 para isso que estamos aqui. Nesse artigo, voc\u00ea vai saber qual \u00e9 o valor da multa por estacionar na cal\u00e7ada e saber em detalhes tudo a respeito dessa infra\u00e7\u00e3o.<\/p>\n<p style=\"text-align: justify;\">Claro que nem sempre que um motorista \u00e9 autuado \u00e9 com justi\u00e7a. \u00c9 por isso que \u00e9 garantido a todos o direito de\u00a0<strong>recorrer de uma multa<\/strong>.<\/p>\n<h2 style=\"text-align: justify;\">Valor da Multa Por Estacionar na Cal\u00e7ada 2017<\/h2>\n<div id=\"page\">\n<div id=\"main-container\">\n<div class=\"wrap\"><main id=\"content\" class=\"content content-right\" role=\"main\"><\/p>\n<article id=\"post-11740\" class=\"entry author-drgustavo post-11740 post type-post status-publish format-standard has-post-thumbnail category-multas format-default\">\n<div class=\"entry-content\">\n<p style=\"text-align: justify;\">Os\u00a0<a href=\"https:\/\/doutormultas.com.br\/novos-valores-multas\/\" target=\"_blank\" rel=\"noopener noreferrer\"><strong>valores das multas de tr\u00e2nsito<\/strong><\/a>\u00a0do CTB variam de acordo com a natureza da infra\u00e7\u00e3o, conforme estabelecido no artigo 258:<\/p>\n<blockquote><p><em>\u201cArt. 258. As infra\u00e7\u00f5es punidas com multa classificam-se, de acordo com sua gravidade, em quatro categorias:<\/em><\/p>\n<p><em>I \u2013 infra\u00e7\u00e3o de natureza grav\u00edssima, punida com multa no valor de R$ 293,47 (duzentos e noventa e tr\u00eas reais e quarenta e sete centavos);<\/em><\/p>\n<p><em>II \u2013 infra\u00e7\u00e3o de natureza grave, punida com multa no valor de R$ 195,23 (cento e noventa e cinco reais e vinte e tr\u00eas centavos);<\/em><\/p>\n<p><em>III \u2013 infra\u00e7\u00e3o de natureza m\u00e9dia, punida com multa no valor de R$ 130,16 (cento e trinta reais e dezesseis centavos);<\/em><\/p>\n<p><em>IV \u2013 infra\u00e7\u00e3o de natureza leve, punida com multa no valor de R$ 88,38 (oitenta e oito reais e trinta e oito centavos).\u201d<\/em><\/p><\/blockquote>\n<p style=\"text-align: justify;\">O valor da multa por estacionar na cal\u00e7ada \u00e9, portanto,\u00a0<strong>R$ 195,23<\/strong>, porque se trata de uma\u00a0<a href=\"https:\/\/doutormultas.com.br\/valor-multa-grave-tabela\/\" target=\"_blank\" rel=\"noopener noreferrer\">infra\u00e7\u00e3o de natureza grave<\/a>.<\/p>\n<p style=\"text-align: justify;\">J\u00e1 a infra\u00e7\u00e3o de parar sobre a cal\u00e7ada \u00e9, segundo o artigo 182 do CTB, de\u00a0<a href=\"https:\/\/doutormultas.com.br\/valor-multa-leve-tabela\/\" target=\"_blank\" rel=\"noopener noreferrer\">natureza leve<\/a>. Ela resulta, portanto, em uma multa bem mais branda, de\u00a0<strong>R$ 88,38<\/strong>.<\/p>\n<h2 style=\"text-align: justify;\">Pontua\u00e7\u00e3o na CNH<\/h2>\n<p style=\"text-align: justify;\">Al\u00e9m do valor da multa por estacionar na cal\u00e7ada, o n\u00famero de\u00a0<a href=\"https:\/\/doutormultas.com.br\/pontos-cnh\/\" target=\"_blank\" rel=\"noopener noreferrer\">pontos<\/a>\u00a0computados na Carteira Nacional de Habilita\u00e7\u00e3o (<a href=\"https:\/\/doutormultas.com.br\/cnh\/\" target=\"_blank\" rel=\"noopener noreferrer\">CNH<\/a>) do infrator tamb\u00e9m \u00e9 definido por conta da natureza da infra\u00e7\u00e3o.<\/p>\n<p style=\"text-align: justify;\">Segundo o artigo 259 do CTB, a\u00a0<strong>infra\u00e7\u00e3o grave resulta em cinco pontos<\/strong>. J\u00e1 a consequ\u00eancia da parada na cal\u00e7ada, de natureza leve, s\u00e3o tr\u00eas pontos na habilita\u00e7\u00e3o.<\/p>\n<p style=\"text-align: justify;\">Vale destacar que, nesse caso, de infra\u00e7\u00e3o leve, \u00e9 poss\u00edvel solicitar \u00e0 autoridade de tr\u00e2nsito que\u00a0<a href=\"https:\/\/doutormultas.com.br\/como-converter-multa-em-advertencia\/\" target=\"_blank\" rel=\"noopener noreferrer\">converta a multa em advert\u00eancia<\/a>\u00a0por escrito, nos termos do artigo 267, desde que o motorista n\u00e3o tenha cometido a mesma infra\u00e7\u00e3o nos \u00faltimos 12 meses.<\/p>\n<p style=\"text-align: justify;\">Se a multa for convertida, n\u00e3o entram os pontos na CNH e nem ser\u00e1 necess\u00e1rio pagar a multa.<\/p>\n<p style=\"text-align: justify;\">No caso da multa grave, em que n\u00e3o \u00e9 poss\u00edvel converter a penalidade, \u00e9 preciso cuidar para n\u00e3o estourar o\u00a0<a href=\"https:\/\/doutormultas.com.br\/pontuacao-maxima-cnh\/\" target=\"_blank\" rel=\"noopener noreferrer\">limite de pontos<\/a>.<\/p>\n<p style=\"text-align: justify;\">Segundo o artigo 261 do CTB, o motorista que atinge\u00a0<a href=\"https:\/\/doutormultas.com.br\/quantos-pontos-posso-ter-cnh\/\" target=\"_blank\" rel=\"noopener noreferrer\">20 pontos<\/a>\u00a0em 12 meses tem o\u00a0<a href=\"https:\/\/doutormultas.com.br\/cnh-suspensa-ajuda\/\" target=\"_blank\" rel=\"noopener noreferrer\"><strong>direito de dirigir suspenso<\/strong><\/a>.<\/p>\n<p style=\"text-align: justify;\">Fonte: https:\/\/doutormultas.com.br\/valor-multa-estacionar-calcada\/<\/p>\n<div class=\"ai-viewport-1 ai-viewport-2\" style=\"text-align: justify;\" data-insertion=\"after\" data-selector=\".ai-insert-37-51478605\" data-insertion-no-dbg=\"\" data-code=\"PGRpdiBjbGFzcz0nY29kZS1ibG9jayBjb2RlLWJsb2NrLTM3IGFpLXRyYWNrJyBkYXRhLWFpPSdXek0zTERBc0lreEZRVVJRUVVkRlV5QXRJRU5CVTFOQnc0ZkRnMDhnTFNCRVJWTkxWRTlRSURVZ0tFSkJUazVGVWlCQlRVRlNSVXhQS1NJc0lpSmQnIHN0eWxlPSdtYXJnaW46IDhweCBhdXRvOyB0ZXh0LWFsaWduOiBjZW50ZXI7IGRpc3BsYXk6IGJsb2NrOyBjbGVhcjogYm90aDsnPgo8c2NyaXB0IHNyYz0iLy9zdGF0aWMubGVhZHBhZ2VzLm5ldC9sZWFkYm94ZXMvY3VycmVudC9lbWJlZC5qcyIgYXN5bmMgZGVmZXI+PC9zY3JpcHQ+IDxpbWcgc3R5bGU9ImN1cnNvcjpwb2ludGVyOyIgZGF0YS1sZWFkYm94LXBvcHVwPSJmaUJUMkpMbW12QlZocTJKWlJYUUdNIiBkYXRhLWxlYWRib3gtZG9tYWluPSJkb3V0b3JtdWx0YXMubHBhZ2VzLmNvIiBzcmM9Imh0dHBzOi8vbGgzLmdvb2dsZXVzZXJjb250ZW50LmNvbS9zODdsWGdpTUlfNGJUSFJlbzYxamhMOFQ5Y19nbE5pU2MzdXNNMTk0Wmw1bGVoQUh6Q0dwalFlVEF3T1QyOHBOMmxMamd5MkpzSEJ1RkpQNzlHdmt3YkU9czAiIGFsdD0iQ2xpcXVlIEFRVUkgZSBiYWl4ZSBncsOhdGlzIG8gUERGIGRlIGNvbW8gcmVjb3JyZXIgZGUgbXVsdGFzIGRlIHRyw6Juc2l0byBlbSAyMDIwIi8+IDwvZGl2Pgo=\" data-block=\"37\"><\/div>\n<div class=\"code-block code-block-37 ai-track\" data-ai=\"WzM3LDAsIkxFQURQQUdFUyAtIENBU1NBw4fDg08gLSBERVNLVE9QIDUgKEJBTk5FUiBBTUFSRUxPKSIsIiJd\"><\/div>\n<\/div>\n<\/article>\n<p><\/main><\/div>\n<\/div>\n<\/div>\n<p>&nbsp;<\/p>\n","protected":false},"excerpt":{"rendered":"<p>Um mun\u00edcipe que passa diariamente pelo local, reclama que motoristas deixam constantemente ve\u00edculos estacionados no passeio p\u00fablico impedindo a passagem de pedestres. O fato foi registrado na esquina da avenida Jos\u00e9 Bonif\u00e1cio com a rua Dom Pedro. &#8220;Pode passar l\u00e1 qualquer hora porque direto est\u00e1 estacionado deste jeito&#8221; disse o reclamante. Jorge Zanoni Veja a [&hellip;]<\/p>\n","protected":false},"author":1,"featured_media":18821,"comment_status":"closed","ping_status":"open","sticky":false,"template":"","format":"standard","meta":{"footnotes":""},"categories":[180,110],"tags":[],"class_list":["post-18819","post","type-post","status-publish","format-standard","has-post-thumbnail","hentry","category-estradastransitoveiculos","category-noticiasdestaque"],"_links":{"self":[{"href":"https:\/\/jorgezanoni.com.br\/2019\/wp-json\/wp\/v2\/posts\/18819","targetHints":{"allow":["GET"]}}],"collection":[{"href":"https:\/\/jorgezanoni.com.br\/2019\/wp-json\/wp\/v2\/posts"}],"about":[{"href":"https:\/\/jorgezanoni.com.br\/2019\/wp-json\/wp\/v2\/types\/post"}],"author":[{"embeddable":true,"href":"https:\/\/jorgezanoni.com.br\/2019\/wp-json\/wp\/v2\/users\/1"}],"replies":[{"embeddable":true,"href":"https:\/\/jorgezanoni.com.br\/2019\/wp-json\/wp\/v2\/comments?post=18819"}],"version-history":[{"count":0,"href":"https:\/\/jorgezanoni.com.br\/2019\/wp-json\/wp\/v2\/posts\/18819\/revisions"}],"wp:featuredmedia":[{"embeddable":true,"href":"https:\/\/jorgezanoni.com.br\/2019\/wp-json\/wp\/v2\/media\/18821"}],"wp:attachment":[{"href":"https:\/\/jorgezanoni.com.br\/2019\/wp-json\/wp\/v2\/media?parent=18819"}],"wp:term":[{"taxonomy":"category","embeddable":true,"href":"https:\/\/jorgezanoni.com.br\/2019\/wp-json\/wp\/v2\/categories?post=18819"},{"taxonomy":"post_tag","embeddable":true,"href":"https:\/\/jorgezanoni.com.br\/2019\/wp-json\/wp\/v2\/tags?post=18819"}],"curies":[{"name":"wp","href":"https:\/\/api.w.org\/{rel}","templated":true}]}}