{"id":18764,"date":"2020-02-17T00:57:22","date_gmt":"2020-02-17T00:57:22","guid":{"rendered":"https:\/\/jorgezanoni.com.br\/2019\/?p=18764"},"modified":"2020-02-17T00:57:22","modified_gmt":"2020-02-17T00:57:22","slug":"carro-sai-da-pista-e-cai-em-ribanceira-entre-florida-paulista-e-adamantina","status":"publish","type":"post","link":"https:\/\/jorgezanoni.com.br\/2019\/carro-sai-da-pista-e-cai-em-ribanceira-entre-florida-paulista-e-adamantina\/","title":{"rendered":"Carro sai da pista e cai em ribanceira entre Fl\u00f3rida Paulista e Adamantina"},"content":{"rendered":"<p style=\"text-align: justify;\">Um ve\u00edculo HB20 foi parar na linha f\u00e9rrea ap\u00f3s sair da pista e avan\u00e7ar al\u00e9m de um barranco na altura do km 600 da Rodovia Comandante Jo\u00e3o Ribeiro de Barros \u2013 (SP-294), trecho entre Fl\u00f3rida Paulista e Adamantina.<\/p>\n<p style=\"text-align: justify;\">O acidente ocorreu na tarde deste s\u00e1bado (15) e mobilizou o Corpo de Bombeiros de Adamantina, Pol\u00edcia Militar Rodovi\u00e1ria e profissionais da Unidade B\u00e1sica de Atendimento do Departamento de Estradas de Rodagem.<\/p>\n<p style=\"text-align: justify;\">O ve\u00edculo ficou em local de dif\u00edcil acesso, em uma ribanceira ao lado da linha f\u00e9rrea e precisou ser i\u00e7ado com o uso de equipamentos especiais para que fosse novamente colocado no n\u00edvel da pista em um amplo e dif\u00edcil trabalho dos homens do DER.<\/p>\n<p style=\"text-align: justify;\">Ainda n\u00e3o foi divulgada nenhuma informa\u00e7\u00e3o sobre as v\u00edtimas.<\/p>\n<p style=\"text-align: justify;\">A nossa reportagem segue acompanhando esta ocorr\u00eancia e maiores informa\u00e7\u00f5es ser\u00e3o adicionadas nesta reportagem a qualquer momento.<\/p>\n<p style=\"text-align: justify;\">Fonte: Folha Regional<\/p>\n","protected":false},"excerpt":{"rendered":"<p>Um ve\u00edculo HB20 foi parar na linha f\u00e9rrea ap\u00f3s sair da pista e avan\u00e7ar al\u00e9m de um barranco na altura do km 600 da Rodovia Comandante Jo\u00e3o Ribeiro de Barros \u2013 (SP-294), trecho entre Fl\u00f3rida Paulista e Adamantina. O acidente ocorreu na tarde deste s\u00e1bado (15) e mobilizou o Corpo de Bombeiros de Adamantina, Pol\u00edcia [&hellip;]<\/p>\n","protected":false},"author":1,"featured_media":18765,"comment_status":"closed","ping_status":"open","sticky":false,"template":"","format":"standard","meta":{"footnotes":""},"categories":[170,110],"tags":[],"class_list":["post-18764","post","type-post","status-publish","format-standard","has-post-thumbnail","hentry","category-acidentes","category-noticiasdestaque"],"_links":{"self":[{"href":"https:\/\/jorgezanoni.com.br\/2019\/wp-json\/wp\/v2\/posts\/18764","targetHints":{"allow":["GET"]}}],"collection":[{"href":"https:\/\/jorgezanoni.com.br\/2019\/wp-json\/wp\/v2\/posts"}],"about":[{"href":"https:\/\/jorgezanoni.com.br\/2019\/wp-json\/wp\/v2\/types\/post"}],"author":[{"embeddable":true,"href":"https:\/\/jorgezanoni.com.br\/2019\/wp-json\/wp\/v2\/users\/1"}],"replies":[{"embeddable":true,"href":"https:\/\/jorgezanoni.com.br\/2019\/wp-json\/wp\/v2\/comments?post=18764"}],"version-history":[{"count":0,"href":"https:\/\/jorgezanoni.com.br\/2019\/wp-json\/wp\/v2\/posts\/18764\/revisions"}],"wp:featuredmedia":[{"embeddable":true,"href":"https:\/\/jorgezanoni.com.br\/2019\/wp-json\/wp\/v2\/media\/18765"}],"wp:attachment":[{"href":"https:\/\/jorgezanoni.com.br\/2019\/wp-json\/wp\/v2\/media?parent=18764"}],"wp:term":[{"taxonomy":"category","embeddable":true,"href":"https:\/\/jorgezanoni.com.br\/2019\/wp-json\/wp\/v2\/categories?post=18764"},{"taxonomy":"post_tag","embeddable":true,"href":"https:\/\/jorgezanoni.com.br\/2019\/wp-json\/wp\/v2\/tags?post=18764"}],"curies":[{"name":"wp","href":"https:\/\/api.w.org\/{rel}","templated":true}]}}