{"id":18758,"date":"2020-02-17T00:41:45","date_gmt":"2020-02-17T00:41:45","guid":{"rendered":"https:\/\/jorgezanoni.com.br\/2019\/?p=18758"},"modified":"2020-02-17T00:41:45","modified_gmt":"2020-02-17T00:41:45","slug":"acidente-entre-dois-caminhoes-deixa-uma-pessoa-ferida","status":"publish","type":"post","link":"https:\/\/jorgezanoni.com.br\/2019\/acidente-entre-dois-caminhoes-deixa-uma-pessoa-ferida\/","title":{"rendered":"Acidente entre dois caminh\u00f5es deixa uma pessoa ferida"},"content":{"rendered":"<p style=\"text-align: justify;\">Um acidente de tr\u00e2nsito entre dois caminh\u00f5es deixou uma pessoa ferida na madrugada deste domingo (16), na Rodovia Raposo Tavares (SP-270), em\u00a0Presidente Bernardes.<\/p>\n<p style=\"text-align: justify;\">Conforme informa\u00e7\u00f5es da Pol\u00edcia Militar Rodovi\u00e1ria, por volta das 3h40 os ve\u00edculos se envolveram em uma colis\u00e3o traseira.<\/p>\n<p style=\"text-align: justify;\">O motorista do caminh\u00e3o que bateu na traseira do outro ve\u00edculo teve ferimentos leves, segundo a pol\u00edcia.<\/p>\n<p style=\"text-align: justify;\">Ele foi socorrido e encaminhado para receber atendimento m\u00e9dico no Hospital Regional, em\u00a0Presidente Prudente.<\/p>\n<p><img loading=\"lazy\" decoding=\"async\" class=\"alignnone size-full wp-image-18760\" src=\"https:\/\/jorgezanoni.com.br\/2019\/wp-content\/uploads\/2020\/02\/camin1.jpg\" alt=\"\" width=\"600\" height=\"277\" srcset=\"https:\/\/jorgezanoni.com.br\/2019\/wp-content\/uploads\/2020\/02\/camin1.jpg 600w, https:\/\/jorgezanoni.com.br\/2019\/wp-content\/uploads\/2020\/02\/camin1-300x139.jpg 300w\" sizes=\"auto, (max-width: 600px) 100vw, 600px\" \/><\/p>\n<p style=\"text-align: justify;\">Fonte: G1<\/p>\n","protected":false},"excerpt":{"rendered":"<p>Um acidente de tr\u00e2nsito entre dois caminh\u00f5es deixou uma pessoa ferida na madrugada deste domingo (16), na Rodovia Raposo Tavares (SP-270), em\u00a0Presidente Bernardes. Conforme informa\u00e7\u00f5es da Pol\u00edcia Militar Rodovi\u00e1ria, por volta das 3h40 os ve\u00edculos se envolveram em uma colis\u00e3o traseira. O motorista do caminh\u00e3o que bateu na traseira do outro ve\u00edculo teve ferimentos leves, [&hellip;]<\/p>\n","protected":false},"author":1,"featured_media":18759,"comment_status":"closed","ping_status":"open","sticky":false,"template":"","format":"standard","meta":{"footnotes":""},"categories":[170,110],"tags":[],"class_list":["post-18758","post","type-post","status-publish","format-standard","has-post-thumbnail","hentry","category-acidentes","category-noticiasdestaque"],"_links":{"self":[{"href":"https:\/\/jorgezanoni.com.br\/2019\/wp-json\/wp\/v2\/posts\/18758","targetHints":{"allow":["GET"]}}],"collection":[{"href":"https:\/\/jorgezanoni.com.br\/2019\/wp-json\/wp\/v2\/posts"}],"about":[{"href":"https:\/\/jorgezanoni.com.br\/2019\/wp-json\/wp\/v2\/types\/post"}],"author":[{"embeddable":true,"href":"https:\/\/jorgezanoni.com.br\/2019\/wp-json\/wp\/v2\/users\/1"}],"replies":[{"embeddable":true,"href":"https:\/\/jorgezanoni.com.br\/2019\/wp-json\/wp\/v2\/comments?post=18758"}],"version-history":[{"count":0,"href":"https:\/\/jorgezanoni.com.br\/2019\/wp-json\/wp\/v2\/posts\/18758\/revisions"}],"wp:featuredmedia":[{"embeddable":true,"href":"https:\/\/jorgezanoni.com.br\/2019\/wp-json\/wp\/v2\/media\/18759"}],"wp:attachment":[{"href":"https:\/\/jorgezanoni.com.br\/2019\/wp-json\/wp\/v2\/media?parent=18758"}],"wp:term":[{"taxonomy":"category","embeddable":true,"href":"https:\/\/jorgezanoni.com.br\/2019\/wp-json\/wp\/v2\/categories?post=18758"},{"taxonomy":"post_tag","embeddable":true,"href":"https:\/\/jorgezanoni.com.br\/2019\/wp-json\/wp\/v2\/tags?post=18758"}],"curies":[{"name":"wp","href":"https:\/\/api.w.org\/{rel}","templated":true}]}}