{"id":1872,"date":"2019-07-23T21:41:09","date_gmt":"2019-07-23T21:41:09","guid":{"rendered":"http:\/\/jorgezanoni.com.br\/2019\/?p=1872"},"modified":"2019-07-23T21:41:09","modified_gmt":"2019-07-23T21:41:09","slug":"policia-rodoviaria-apreende-mais-de-90-kg-de-maconha-apos-abordagem-na-rodovia-arlindo-bettio","status":"publish","type":"post","link":"https:\/\/jorgezanoni.com.br\/2019\/policia-rodoviaria-apreende-mais-de-90-kg-de-maconha-apos-abordagem-na-rodovia-arlindo-bettio\/","title":{"rendered":"Pol\u00edcia Rodovi\u00e1ria apreende mais de 90 kg de maconha ap\u00f3s abordagem na Rodovia Arlindo B\u00e9ttio"},"content":{"rendered":"<h2 class=\"content-head__subtitle\"><strong>Droga estava dentro de tr\u00eas malas que eram transportadas em um autom\u00f3vel conduzido por um homem, de 46 anos; ele foi preso. Ocorr\u00eancia foi em Rosana.<\/strong><\/h2>\n<p><img loading=\"lazy\" decoding=\"async\" class=\"alignnone size-full wp-image-1873\" src=\"http:\/\/jorgezanoni.com.br\/2019\/wp-content\/uploads\/2019\/07\/rosana.jpeg\" alt=\"\" width=\"1000\" height=\"563\" srcset=\"https:\/\/jorgezanoni.com.br\/2019\/wp-content\/uploads\/2019\/07\/rosana.jpeg 1000w, https:\/\/jorgezanoni.com.br\/2019\/wp-content\/uploads\/2019\/07\/rosana-300x169.jpeg 300w, https:\/\/jorgezanoni.com.br\/2019\/wp-content\/uploads\/2019\/07\/rosana-768x432.jpeg 768w, https:\/\/jorgezanoni.com.br\/2019\/wp-content\/uploads\/2019\/07\/rosana-696x392.jpeg 696w, https:\/\/jorgezanoni.com.br\/2019\/wp-content\/uploads\/2019\/07\/rosana-746x420.jpeg 746w\" sizes=\"auto, (max-width: 1000px) 100vw, 1000px\" \/><\/p>\n<div class=\"mc-column content-text active-extra-styles \" data-block-type=\"unstyled\" data-block-weight=\"36\" data-block-id=\"2\">\n<p class=\"content-text__container \" data-track-category=\"Link no Texto\" data-track-links=\"\">Um homem, de 46 anos, foi preso nesta segunda-feira (22) por tr\u00e1fico de droga ap\u00f3s abordagem policial na Rodovia Arlindo B\u00e9ttio (SP-613), em Rosana. Com ele, a Pol\u00edcia Rodovi\u00e1ria apreendeu mais de 90 quilos de maconha.<\/p>\n<\/div>\n<div class=\"wall protected-content\">\n<div class=\"mc-column content-text active-extra-styles \" data-block-type=\"unstyled\" data-block-weight=\"25\" data-block-id=\"3\">\n<p class=\"content-text__container \" data-track-category=\"Link no Texto\" data-track-links=\"\">Durante fiscaliza\u00e7\u00e3o de tr\u00e2nsito, a Pol\u00edcia Militar Rodovi\u00e1ria abordou um autom\u00f3vel, com placas de Bauru, momento em que o \u00fanico ocupante apresentou um certo nervosismo.<\/p>\n<\/div>\n<div class=\"mc-column content-text active-extra-styles \" data-block-type=\"unstyled\" data-block-weight=\"25\" data-block-id=\"4\">\n<p class=\"content-text__container \" data-track-category=\"Link no Texto\" data-track-links=\"\">Os policiais realizaram vistoria veicular e no porta-malas encontraram tr\u00eas malas contendo em seu interior um total de 118 tabletes, que ap\u00f3s pesados totalizaram 92,720.<\/p>\n<\/div>\n<div class=\"mc-column content-text active-extra-styles \" data-block-type=\"unstyled\" data-block-weight=\"30\" data-block-id=\"5\">\n<p class=\"content-text__container \" data-track-category=\"Link no Texto\" data-track-links=\"\">Com os fatos, o homem recebeu voz de pris\u00e3o em flagrante por tr\u00e1fico de droga e foi conduzido \u00e0 Delegacia da Pol\u00edcia Civil, onde permaneceu \u00e0 disposi\u00e7\u00e3o da Justi\u00e7a.<\/p>\n<p data-track-category=\"Link no Texto\" data-track-links=\"\">Fonte: G1<\/p>\n<\/div>\n<\/div>\n","protected":false},"excerpt":{"rendered":"<p>Droga estava dentro de tr\u00eas malas que eram transportadas em um autom\u00f3vel conduzido por um homem, de 46 anos; ele foi preso. Ocorr\u00eancia foi em Rosana. Um homem, de 46 anos, foi preso nesta segunda-feira (22) por tr\u00e1fico de droga ap\u00f3s abordagem policial na Rodovia Arlindo B\u00e9ttio (SP-613), em Rosana. Com ele, a Pol\u00edcia Rodovi\u00e1ria [&hellip;]<\/p>\n","protected":false},"author":1,"featured_media":1874,"comment_status":"open","ping_status":"open","sticky":false,"template":"","format":"standard","meta":{"footnotes":""},"categories":[2],"tags":[],"class_list":["post-1872","post","type-post","status-publish","format-standard","has-post-thumbnail","hentry","category-policial"],"_links":{"self":[{"href":"https:\/\/jorgezanoni.com.br\/2019\/wp-json\/wp\/v2\/posts\/1872","targetHints":{"allow":["GET"]}}],"collection":[{"href":"https:\/\/jorgezanoni.com.br\/2019\/wp-json\/wp\/v2\/posts"}],"about":[{"href":"https:\/\/jorgezanoni.com.br\/2019\/wp-json\/wp\/v2\/types\/post"}],"author":[{"embeddable":true,"href":"https:\/\/jorgezanoni.com.br\/2019\/wp-json\/wp\/v2\/users\/1"}],"replies":[{"embeddable":true,"href":"https:\/\/jorgezanoni.com.br\/2019\/wp-json\/wp\/v2\/comments?post=1872"}],"version-history":[{"count":0,"href":"https:\/\/jorgezanoni.com.br\/2019\/wp-json\/wp\/v2\/posts\/1872\/revisions"}],"wp:featuredmedia":[{"embeddable":true,"href":"https:\/\/jorgezanoni.com.br\/2019\/wp-json\/wp\/v2\/media\/1874"}],"wp:attachment":[{"href":"https:\/\/jorgezanoni.com.br\/2019\/wp-json\/wp\/v2\/media?parent=1872"}],"wp:term":[{"taxonomy":"category","embeddable":true,"href":"https:\/\/jorgezanoni.com.br\/2019\/wp-json\/wp\/v2\/categories?post=1872"},{"taxonomy":"post_tag","embeddable":true,"href":"https:\/\/jorgezanoni.com.br\/2019\/wp-json\/wp\/v2\/tags?post=1872"}],"curies":[{"name":"wp","href":"https:\/\/api.w.org\/{rel}","templated":true}]}}