{"id":18704,"date":"2020-02-15T15:47:21","date_gmt":"2020-02-15T15:47:21","guid":{"rendered":"https:\/\/jorgezanoni.com.br\/2019\/?p=18704"},"modified":"2020-02-15T15:47:21","modified_gmt":"2020-02-15T15:47:21","slug":"25o-batalhao-de-policia-militar-do-interior-realiza-solenidade-de-apresentacao-a-bandeira-aos-soldados-pm-2a-classe-do-curso-superior-de-soldados-2","status":"publish","type":"post","link":"https:\/\/jorgezanoni.com.br\/2019\/25o-batalhao-de-policia-militar-do-interior-realiza-solenidade-de-apresentacao-a-bandeira-aos-soldados-pm-2a-classe-do-curso-superior-de-soldados-2\/","title":{"rendered":"25\u00ba Batalh\u00e3o de Pol\u00edcia Militar do Interior realiza Solenidade de apresenta\u00e7\u00e3o a Bandeira aos Soldados PM 2\u00aa Classe do Curso Superior de Soldados."},"content":{"rendered":"<p style=\"text-align: justify;\">O 25\u00ba BPM\/I \u2013 Batalh\u00e3o de Pol\u00edcia Militar do Interior realizou na quarta-feira, dia 12 de fevereiro, na Escola Superior de Soldados de Junqueir\u00f3polis, solenidade de apresenta\u00e7\u00e3o da Bandeira Nacional dos 83 (oitenta e tr\u00eas) Soldados PM 2\u00aa Classe do Curso Superior de T\u00e9cnico de Pol\u00edcia Ostensiva e Preserva\u00e7\u00e3o da Ordem P\u00fablica, com a presen\u00e7a do Comandante do Policiamento do Interior Oito, Coronel PM Fl\u00e1vio de Oliveira Martinez.<br \/>\nA solenidade do 25\u00ba BPM\/I foi marcada por momentos de muita emo\u00e7\u00e3o, como a entrada do Pavilh\u00e3o Nacional, conduzido pelo 2\u00ba Tenente PM Victor Augusto Carli, que se formou Soldado PM na Escola de Forma\u00e7\u00e3o no mesmo local e posteriormente a apresenta\u00e7\u00e3o da Bandeira Nacional teve o comando do Capit\u00e3o PM Ederson Jos\u00e9 da Silva, auxiliado pelos Oficiais respectivamente 1\u00ba Ten PM Paulo Ivo, 1\u00ba Ten PM Rodrigo Afonso e 2\u00ba Ten PM Ant\u00f4nio Borges.<br \/>\nO Comandante Interino do 25\u00ba BPM\/I Major PM Ivan Garcia de Oliveira fez a Leitura da Alocu\u00e7\u00e3o \u00e0 Bandeira.<br \/>\nPrestigiaram a Solenidade alunos dos 5\u00ba anos das Escolas de Junqueir\u00f3polis: EMEFEI Professora Neyde Macedo Brand\u00e3o Fernandes, EMEFEI Professor Shigueko Oto Iwaki e Escola Municipal Jair Luiz da Silva bem como Oficiais e Pra\u00e7as do 25\u00ba Batalh\u00e3o de Pol\u00edcia Militar e a Imprensa.<br \/>\nA Banda Regimental de M\u00fasica do CPI-8 abrilhantou o evento sob a reg\u00eancia do Cabo PM Wesley Luiz Tassili dos Santos.<br \/>\nOs Soldados 2\u00aa Classe, est\u00e3o seguindo para a conclus\u00e3o do 1\u00ba m\u00f3dulo em meados da primeira quinzena de junho, quando haver\u00e1 a Solenidade de Passagem de M\u00f3dulo e pela primeira vez eles usar\u00e3o o uniforme da Pol\u00edcia Militar.<br \/>\nPol\u00edcia Militar, a For\u00e7a P\u00fablica de S\u00e3o Paulo!<\/p>\n<p><img loading=\"lazy\" decoding=\"async\" class=\"alignnone size-full wp-image-18705\" src=\"https:\/\/jorgezanoni.com.br\/2019\/wp-content\/uploads\/2020\/02\/band.jpg\" alt=\"\" width=\"1280\" height=\"960\" srcset=\"https:\/\/jorgezanoni.com.br\/2019\/wp-content\/uploads\/2020\/02\/band.jpg 1280w, https:\/\/jorgezanoni.com.br\/2019\/wp-content\/uploads\/2020\/02\/band-300x225.jpg 300w, https:\/\/jorgezanoni.com.br\/2019\/wp-content\/uploads\/2020\/02\/band-768x576.jpg 768w, https:\/\/jorgezanoni.com.br\/2019\/wp-content\/uploads\/2020\/02\/band-1024x768.jpg 1024w, https:\/\/jorgezanoni.com.br\/2019\/wp-content\/uploads\/2020\/02\/band-80x60.jpg 80w, https:\/\/jorgezanoni.com.br\/2019\/wp-content\/uploads\/2020\/02\/band-265x198.jpg 265w, https:\/\/jorgezanoni.com.br\/2019\/wp-content\/uploads\/2020\/02\/band-696x522.jpg 696w, https:\/\/jorgezanoni.com.br\/2019\/wp-content\/uploads\/2020\/02\/band-1068x801.jpg 1068w, https:\/\/jorgezanoni.com.br\/2019\/wp-content\/uploads\/2020\/02\/band-560x420.jpg 560w\" sizes=\"auto, (max-width: 1280px) 100vw, 1280px\" \/><img loading=\"lazy\" decoding=\"async\" class=\"alignnone size-full wp-image-18707\" src=\"https:\/\/jorgezanoni.com.br\/2019\/wp-content\/uploads\/2020\/02\/band3.jpg\" alt=\"\" width=\"1080\" height=\"719\" srcset=\"https:\/\/jorgezanoni.com.br\/2019\/wp-content\/uploads\/2020\/02\/band3.jpg 1080w, https:\/\/jorgezanoni.com.br\/2019\/wp-content\/uploads\/2020\/02\/band3-300x200.jpg 300w, https:\/\/jorgezanoni.com.br\/2019\/wp-content\/uploads\/2020\/02\/band3-768x511.jpg 768w, https:\/\/jorgezanoni.com.br\/2019\/wp-content\/uploads\/2020\/02\/band3-1024x682.jpg 1024w, https:\/\/jorgezanoni.com.br\/2019\/wp-content\/uploads\/2020\/02\/band3-696x463.jpg 696w, https:\/\/jorgezanoni.com.br\/2019\/wp-content\/uploads\/2020\/02\/band3-1068x711.jpg 1068w, https:\/\/jorgezanoni.com.br\/2019\/wp-content\/uploads\/2020\/02\/band3-631x420.jpg 631w\" sizes=\"auto, (max-width: 1080px) 100vw, 1080px\" \/> <img loading=\"lazy\" decoding=\"async\" class=\"alignnone size-full wp-image-18708\" src=\"https:\/\/jorgezanoni.com.br\/2019\/wp-content\/uploads\/2020\/02\/band4.jpg\" alt=\"\" width=\"960\" height=\"640\" srcset=\"https:\/\/jorgezanoni.com.br\/2019\/wp-content\/uploads\/2020\/02\/band4.jpg 960w, https:\/\/jorgezanoni.com.br\/2019\/wp-content\/uploads\/2020\/02\/band4-300x200.jpg 300w, https:\/\/jorgezanoni.com.br\/2019\/wp-content\/uploads\/2020\/02\/band4-768x512.jpg 768w, https:\/\/jorgezanoni.com.br\/2019\/wp-content\/uploads\/2020\/02\/band4-696x464.jpg 696w, https:\/\/jorgezanoni.com.br\/2019\/wp-content\/uploads\/2020\/02\/band4-630x420.jpg 630w\" sizes=\"auto, (max-width: 960px) 100vw, 960px\" \/> <img loading=\"lazy\" decoding=\"async\" class=\"alignnone size-full wp-image-18709\" src=\"https:\/\/jorgezanoni.com.br\/2019\/wp-content\/uploads\/2020\/02\/band5.jpg\" alt=\"\" width=\"640\" height=\"960\" srcset=\"https:\/\/jorgezanoni.com.br\/2019\/wp-content\/uploads\/2020\/02\/band5.jpg 640w, https:\/\/jorgezanoni.com.br\/2019\/wp-content\/uploads\/2020\/02\/band5-200x300.jpg 200w, https:\/\/jorgezanoni.com.br\/2019\/wp-content\/uploads\/2020\/02\/band5-280x420.jpg 280w\" sizes=\"auto, (max-width: 640px) 100vw, 640px\" \/> <img loading=\"lazy\" decoding=\"async\" class=\"alignnone size-full wp-image-18710\" src=\"https:\/\/jorgezanoni.com.br\/2019\/wp-content\/uploads\/2020\/02\/band6.jpg\" alt=\"\" width=\"853\" height=\"1280\" srcset=\"https:\/\/jorgezanoni.com.br\/2019\/wp-content\/uploads\/2020\/02\/band6.jpg 853w, https:\/\/jorgezanoni.com.br\/2019\/wp-content\/uploads\/2020\/02\/band6-200x300.jpg 200w, https:\/\/jorgezanoni.com.br\/2019\/wp-content\/uploads\/2020\/02\/band6-768x1152.jpg 768w, https:\/\/jorgezanoni.com.br\/2019\/wp-content\/uploads\/2020\/02\/band6-682x1024.jpg 682w, https:\/\/jorgezanoni.com.br\/2019\/wp-content\/uploads\/2020\/02\/band6-696x1044.jpg 696w, https:\/\/jorgezanoni.com.br\/2019\/wp-content\/uploads\/2020\/02\/band6-280x420.jpg 280w\" sizes=\"auto, (max-width: 853px) 100vw, 853px\" \/> <img loading=\"lazy\" decoding=\"async\" class=\"alignnone size-full wp-image-18711\" src=\"https:\/\/jorgezanoni.com.br\/2019\/wp-content\/uploads\/2020\/02\/bande1.jpg\" alt=\"\" width=\"1280\" height=\"960\" srcset=\"https:\/\/jorgezanoni.com.br\/2019\/wp-content\/uploads\/2020\/02\/bande1.jpg 1280w, https:\/\/jorgezanoni.com.br\/2019\/wp-content\/uploads\/2020\/02\/bande1-300x225.jpg 300w, https:\/\/jorgezanoni.com.br\/2019\/wp-content\/uploads\/2020\/02\/bande1-768x576.jpg 768w, https:\/\/jorgezanoni.com.br\/2019\/wp-content\/uploads\/2020\/02\/bande1-1024x768.jpg 1024w, https:\/\/jorgezanoni.com.br\/2019\/wp-content\/uploads\/2020\/02\/bande1-80x60.jpg 80w, https:\/\/jorgezanoni.com.br\/2019\/wp-content\/uploads\/2020\/02\/bande1-265x198.jpg 265w, https:\/\/jorgezanoni.com.br\/2019\/wp-content\/uploads\/2020\/02\/bande1-696x522.jpg 696w, https:\/\/jorgezanoni.com.br\/2019\/wp-content\/uploads\/2020\/02\/bande1-1068x801.jpg 1068w, https:\/\/jorgezanoni.com.br\/2019\/wp-content\/uploads\/2020\/02\/bande1-560x420.jpg 560w\" sizes=\"auto, (max-width: 1280px) 100vw, 1280px\" \/><\/p>\n<p style=\"text-align: justify;\">Fonte: Com. Social Pol\u00edcia Militar<\/p>\n","protected":false},"excerpt":{"rendered":"<p>O 25\u00ba BPM\/I \u2013 Batalh\u00e3o de Pol\u00edcia Militar do Interior realizou na quarta-feira, dia 12 de fevereiro, na Escola Superior de Soldados de Junqueir\u00f3polis, solenidade de apresenta\u00e7\u00e3o da Bandeira Nacional dos 83 (oitenta e tr\u00eas) Soldados PM 2\u00aa Classe do Curso Superior de T\u00e9cnico de Pol\u00edcia Ostensiva e Preserva\u00e7\u00e3o da Ordem P\u00fablica, com a presen\u00e7a [&hellip;]<\/p>\n","protected":false},"author":1,"featured_media":18706,"comment_status":"closed","ping_status":"open","sticky":false,"template":"","format":"standard","meta":{"footnotes":""},"categories":[2],"tags":[],"class_list":["post-18704","post","type-post","status-publish","format-standard","has-post-thumbnail","hentry","category-policial"],"_links":{"self":[{"href":"https:\/\/jorgezanoni.com.br\/2019\/wp-json\/wp\/v2\/posts\/18704","targetHints":{"allow":["GET"]}}],"collection":[{"href":"https:\/\/jorgezanoni.com.br\/2019\/wp-json\/wp\/v2\/posts"}],"about":[{"href":"https:\/\/jorgezanoni.com.br\/2019\/wp-json\/wp\/v2\/types\/post"}],"author":[{"embeddable":true,"href":"https:\/\/jorgezanoni.com.br\/2019\/wp-json\/wp\/v2\/users\/1"}],"replies":[{"embeddable":true,"href":"https:\/\/jorgezanoni.com.br\/2019\/wp-json\/wp\/v2\/comments?post=18704"}],"version-history":[{"count":0,"href":"https:\/\/jorgezanoni.com.br\/2019\/wp-json\/wp\/v2\/posts\/18704\/revisions"}],"wp:featuredmedia":[{"embeddable":true,"href":"https:\/\/jorgezanoni.com.br\/2019\/wp-json\/wp\/v2\/media\/18706"}],"wp:attachment":[{"href":"https:\/\/jorgezanoni.com.br\/2019\/wp-json\/wp\/v2\/media?parent=18704"}],"wp:term":[{"taxonomy":"category","embeddable":true,"href":"https:\/\/jorgezanoni.com.br\/2019\/wp-json\/wp\/v2\/categories?post=18704"},{"taxonomy":"post_tag","embeddable":true,"href":"https:\/\/jorgezanoni.com.br\/2019\/wp-json\/wp\/v2\/tags?post=18704"}],"curies":[{"name":"wp","href":"https:\/\/api.w.org\/{rel}","templated":true}]}}