{"id":1868,"date":"2019-07-23T21:34:23","date_gmt":"2019-07-23T21:34:23","guid":{"rendered":"http:\/\/jorgezanoni.com.br\/2019\/?p=1868"},"modified":"2019-07-23T21:34:23","modified_gmt":"2019-07-23T21:34:23","slug":"mulher-e-presa-em-dracena-por-desacato-e-ato-obsceno","status":"publish","type":"post","link":"https:\/\/jorgezanoni.com.br\/2019\/mulher-e-presa-em-dracena-por-desacato-e-ato-obsceno\/","title":{"rendered":"Mulher \u00e9 presa em Dracena por desacato e ato obsceno"},"content":{"rendered":"<p>Na manh\u00e3 deste s\u00e1bado, 20, por volta das 7h, policiais militares de Dracena, foram acionados via Copom para atender ocorr\u00eancia de ato obsceno em via p\u00fablica, bairro Frei Moacir, II. No local os policiais se depararam com um ve\u00edculo Fiat\/Uno Mille Smart, verde no meio da rua e dentro um casal na pr\u00e1tica de ato obsceno.<\/p>\n<p>Foi realizada a abordagem deles estando os documentos em ordem. Durante a abordagem, o condutor de 31 anos se portou tranquilamente, por\u00e9m a passageira de 26 anos come\u00e7ou a se alterar, come\u00e7ou a xingar e ofender os policiais, bem como a se auto lesionar. Os policiais solicitaram apoio de outras viaturas.<\/p>\n<p>Devido ao desequil\u00edbrio da mulher, a mesma foi contida e conduzida juntamente com o condutor at\u00e9 a delegacia onde foi apresentada a autoridade policial. Ela foi encaminhada ao Pronto Atendimento, onde ap\u00f3s ser medicada, retornou a delegacia onde permaneceu presa \u00e0 disposi\u00e7\u00e3o da Justi\u00e7a.<\/p>\n<p>Fonte: Com. Social 25\u00ba BPM\/I<\/p>\n","protected":false},"excerpt":{"rendered":"<p>Na manh\u00e3 deste s\u00e1bado, 20, por volta das 7h, policiais militares de Dracena, foram acionados via Copom para atender ocorr\u00eancia de ato obsceno em via p\u00fablica, bairro Frei Moacir, II. No local os policiais se depararam com um ve\u00edculo Fiat\/Uno Mille Smart, verde no meio da rua e dentro um casal na pr\u00e1tica de ato [&hellip;]<\/p>\n","protected":false},"author":1,"featured_media":1870,"comment_status":"open","ping_status":"open","sticky":false,"template":"","format":"standard","meta":{"footnotes":""},"categories":[110,2],"tags":[],"class_list":["post-1868","post","type-post","status-publish","format-standard","has-post-thumbnail","hentry","category-noticiasdestaque","category-policial"],"_links":{"self":[{"href":"https:\/\/jorgezanoni.com.br\/2019\/wp-json\/wp\/v2\/posts\/1868","targetHints":{"allow":["GET"]}}],"collection":[{"href":"https:\/\/jorgezanoni.com.br\/2019\/wp-json\/wp\/v2\/posts"}],"about":[{"href":"https:\/\/jorgezanoni.com.br\/2019\/wp-json\/wp\/v2\/types\/post"}],"author":[{"embeddable":true,"href":"https:\/\/jorgezanoni.com.br\/2019\/wp-json\/wp\/v2\/users\/1"}],"replies":[{"embeddable":true,"href":"https:\/\/jorgezanoni.com.br\/2019\/wp-json\/wp\/v2\/comments?post=1868"}],"version-history":[{"count":0,"href":"https:\/\/jorgezanoni.com.br\/2019\/wp-json\/wp\/v2\/posts\/1868\/revisions"}],"wp:featuredmedia":[{"embeddable":true,"href":"https:\/\/jorgezanoni.com.br\/2019\/wp-json\/wp\/v2\/media\/1870"}],"wp:attachment":[{"href":"https:\/\/jorgezanoni.com.br\/2019\/wp-json\/wp\/v2\/media?parent=1868"}],"wp:term":[{"taxonomy":"category","embeddable":true,"href":"https:\/\/jorgezanoni.com.br\/2019\/wp-json\/wp\/v2\/categories?post=1868"},{"taxonomy":"post_tag","embeddable":true,"href":"https:\/\/jorgezanoni.com.br\/2019\/wp-json\/wp\/v2\/tags?post=1868"}],"curies":[{"name":"wp","href":"https:\/\/api.w.org\/{rel}","templated":true}]}}