{"id":1865,"date":"2019-07-23T21:31:04","date_gmt":"2019-07-23T21:31:04","guid":{"rendered":"http:\/\/jorgezanoni.com.br\/2019\/?p=1865"},"modified":"2019-07-23T21:31:04","modified_gmt":"2019-07-23T21:31:04","slug":"estado-de-sao-paulo-nao-recebera-doses-para-a-vacinacao-antirrabica","status":"publish","type":"post","link":"https:\/\/jorgezanoni.com.br\/2019\/estado-de-sao-paulo-nao-recebera-doses-para-a-vacinacao-antirrabica\/","title":{"rendered":"Estado de S\u00e3o Paulo n\u00e3o receber\u00e1 doses para a vacina\u00e7\u00e3o antirr\u00e1bica"},"content":{"rendered":"<p>A Prefeitura de Adamantina, por meio da Secretaria de Sa\u00fade, informa que recebeu um of\u00edcio do Instituto Pasteur, \u00f3rg\u00e3o da Secretaria de Sa\u00fade do Estado de S\u00e3o Paulo informando sobre a vacina\u00e7\u00e3o antirr\u00e1bica de c\u00e3es e gatos em campanha e rotina.<\/p>\n<p>No documento, a municipalidade \u00e9 informada que foram solicitadas ao Minist\u00e9rio da Sa\u00fade um milh\u00e3o e quinhentas mil doses de VARC pelo Sistema de Informa\u00e7\u00e3o de Insumos Estrat\u00e9gicos (DATASUS-SIES).<\/p>\n<p>A quantidade seria suficiente para ser armazenada e atender a demanda at\u00e9 o final da primeira quinzena de agosto. Na seq\u00fc\u00eancia, um novo pedido seria realizado para completar as doses necess\u00e1rias ao m\u00eas.<\/p>\n<p>Contudo, a solicita\u00e7\u00e3o do insumo n\u00e3o foi atendida e o Instituto Pasteur recebeu um e-mail informando que o Minist\u00e9rio da Sa\u00fade formalizar\u00e1 ao Estado de S\u00e3o Paulo o n\u00e3o envio de VARC para as campanhas antirr\u00e1bicas caninas.<\/p>\n<p>A diretora t\u00e9cnica de sa\u00fade II, Luciana Hardt, que assina a nota, entrou em contato por telefone com o Minist\u00e9rio da Sa\u00fade e foi informada que o quantitativo previsto para o segundo semestre de 2019 n\u00e3o seria entregue pelo laborat\u00f3rio produtor e que a prioridade ser\u00e3o as \u00e1reas de risco do Pa\u00eds e o Estado de S\u00e3o Paulo n\u00e3o foi inclu\u00eddo.<\/p>\n<p>Ainda na nota, consta que o MS encaminharia um documento esclarecendo a situa\u00e7\u00e3o de desabastecimento e que n\u00e3o h\u00e1 um prazo para que a regulariza\u00e7\u00e3o ocorra. No entanto, at\u00e9 o recebimento do of\u00edcio, o MS n\u00e3o oficializou a situa\u00e7\u00e3o.<\/p>\n<p>Diante do exposto, os Grupos de Vigil\u00e2ncia Epidemiol\u00f3gica (GVEs) deram in\u00edcio ao levantamento quantitativo das doses de VARC que os munic\u00edpios que realizaram suas campanhas no primeiro semestre ainda n\u00e3o utilizaram e que est\u00e3o dentro do prazo de validade.<\/p>\n<p>Havendo disponibilidade, as doses ser\u00e3o remanejadas para que sejam usadas da melhor forma poss\u00edvel.<\/p>\n<p>Em Adamantina, o Departamento de Controle de Vetores estimava receber cerca de 8 mil doses para dar in\u00edcio a Campanha de Vacina\u00e7\u00e3o Antirr\u00e1bica no m\u00eas de agosto, por\u00e9m diante do exposto, \u00e9 necess\u00e1rio esperar um novo posicionamento dos \u00f3rg\u00e3os superiores.<\/p>\n<p>Fonte: Portal Regional<\/p>\n","protected":false},"excerpt":{"rendered":"<p>A Prefeitura de Adamantina, por meio da Secretaria de Sa\u00fade, informa que recebeu um of\u00edcio do Instituto Pasteur, \u00f3rg\u00e3o da Secretaria de Sa\u00fade do Estado de S\u00e3o Paulo informando sobre a vacina\u00e7\u00e3o antirr\u00e1bica de c\u00e3es e gatos em campanha e rotina. No documento, a municipalidade \u00e9 informada que foram solicitadas ao Minist\u00e9rio da Sa\u00fade um [&hellip;]<\/p>\n","protected":false},"author":1,"featured_media":1866,"comment_status":"open","ping_status":"open","sticky":false,"template":"","format":"standard","meta":{"footnotes":""},"categories":[122],"tags":[],"class_list":["post-1865","post","type-post","status-publish","format-standard","has-post-thumbnail","hentry","category-saudeeducacaoeconcurso"],"_links":{"self":[{"href":"https:\/\/jorgezanoni.com.br\/2019\/wp-json\/wp\/v2\/posts\/1865","targetHints":{"allow":["GET"]}}],"collection":[{"href":"https:\/\/jorgezanoni.com.br\/2019\/wp-json\/wp\/v2\/posts"}],"about":[{"href":"https:\/\/jorgezanoni.com.br\/2019\/wp-json\/wp\/v2\/types\/post"}],"author":[{"embeddable":true,"href":"https:\/\/jorgezanoni.com.br\/2019\/wp-json\/wp\/v2\/users\/1"}],"replies":[{"embeddable":true,"href":"https:\/\/jorgezanoni.com.br\/2019\/wp-json\/wp\/v2\/comments?post=1865"}],"version-history":[{"count":0,"href":"https:\/\/jorgezanoni.com.br\/2019\/wp-json\/wp\/v2\/posts\/1865\/revisions"}],"wp:featuredmedia":[{"embeddable":true,"href":"https:\/\/jorgezanoni.com.br\/2019\/wp-json\/wp\/v2\/media\/1866"}],"wp:attachment":[{"href":"https:\/\/jorgezanoni.com.br\/2019\/wp-json\/wp\/v2\/media?parent=1865"}],"wp:term":[{"taxonomy":"category","embeddable":true,"href":"https:\/\/jorgezanoni.com.br\/2019\/wp-json\/wp\/v2\/categories?post=1865"},{"taxonomy":"post_tag","embeddable":true,"href":"https:\/\/jorgezanoni.com.br\/2019\/wp-json\/wp\/v2\/tags?post=1865"}],"curies":[{"name":"wp","href":"https:\/\/api.w.org\/{rel}","templated":true}]}}