{"id":1860,"date":"2019-07-23T21:05:24","date_gmt":"2019-07-23T21:05:24","guid":{"rendered":"http:\/\/jorgezanoni.com.br\/2019\/?p=1860"},"modified":"2019-07-23T21:06:51","modified_gmt":"2019-07-23T21:06:51","slug":"morre-em-sp-o-jornalista-juarez-soares","status":"publish","type":"post","link":"https:\/\/jorgezanoni.com.br\/2019\/morre-em-sp-o-jornalista-juarez-soares\/","title":{"rendered":"Morre em SP o jornalista Juarez Soares"},"content":{"rendered":"<h2 class=\"content-head__subtitle\"><strong>&#8220;China&#8221;, como era conhecido, tinha 78 anos e lutava contra um c\u00e2ncer.<\/strong><\/h2>\n<div class=\"mc-column content-text active-extra-styles active-capital-letter\" data-block-type=\"unstyled\" data-block-weight=\"40\" data-block-id=\"1\">\n<p class=\"content-text__container theme-color-primary-first-letter\" data-track-category=\"Link no Texto\" data-track-links=\"\">Morreu nesta ter\u00e7a-feira, em S\u00e3o Paulo, o jornalista esportivo Juarez Soares, de 78 anos. Ele lutava contra um c\u00e2ncer. &#8220;China&#8221;, como era conhecido, passou recentemente pela RedeTV! e tamb\u00e9m trabalhou na Globo, no SBT, na Bandeirantes e na Record.<\/p>\n<\/div>\n<div class=\"wall protected-content\">\n<div class=\"mc-column content-text active-extra-styles \" data-block-type=\"unstyled\" data-block-weight=\"29\" data-block-id=\"2\">\n<p class=\"content-text__container \" data-track-category=\"Link no Texto\" data-track-links=\"\">Na TV Globo, Juarez Soares trabalhou como rep\u00f3rter e comentarista esportivo, entre 1974 e 1982. Ele tamb\u00e9m atuou na R\u00e1dio Globo e em outras emissoras de r\u00e1dio do pa\u00eds.<\/p>\n<div class=\"mc-column content-text active-extra-styles \" data-block-type=\"unstyled\" data-block-weight=\"60\" data-block-id=\"4\">\n<p class=\"content-text__container \" data-track-category=\"Link no Texto\" data-track-links=\"\">Juarez Soares Moreira nasceu em S\u00e3o Jos\u00e9 dos Campos, na regi\u00e3o do Vale do Para\u00edba, Estado de S\u00e3o Paulo, no dia 16 de julho de 1941. Filho de Adolfo Soares Moreira e Josefina Soares Moreira, formou-se em Pedagogia na Faculdade Oswaldo Cruz, de S\u00e3o Paulo, e foi casado por mais de 30 anos com a jornalista Helena de Grammont.<\/p>\n<\/div>\n<div class=\"mc-column content-text active-extra-styles \" data-block-type=\"unstyled\" data-block-weight=\"78\" data-block-id=\"5\">\n<p class=\"content-text__container \" data-track-category=\"Link no Texto\" data-track-links=\"\">Em 1958, com 17 anos, come\u00e7ou a trabalhar na R\u00e1dio Cultura de Lorena, interior de S\u00e3o Paulo, transmitindo os jogos do campeonato da Segunda Divis\u00e3o. Em 1961, transferiu-se para a capital, onde foi aprovado em testes nas Emissoras Associadas, passando a trabalhar como rep\u00f3rter esportivo. At\u00e9 o ano de 1969, quando foi para a R\u00e1dio Globo a convite de Pedro Lu\u00eds Paoliello, o ent\u00e3o diretor de Esportes, Juarez Soares j\u00e1 havia passado tamb\u00e9m pelas r\u00e1dios Tupi e Gazeta.<\/p>\n<\/div>\n<div class=\"mc-column content-text active-extra-styles\" data-block-type=\"raw\" data-block-weight=\"2\" data-block-id=\"7\">\n<div class=\"content-intertitle\">\n<h2><strong>Coberturas esportivas<\/strong><\/h2>\n<\/div>\n<\/div>\n<div class=\"mc-column content-text active-extra-styles \" data-block-type=\"unstyled\" data-block-weight=\"31\" data-block-id=\"8\">\n<p class=\"content-text__container \" data-track-category=\"Link no Texto\" data-track-links=\"\">Em 1974, participou da cobertura da Copa do Mundo da Alemanha, pela R\u00e1dio Globo, transferindo-se a seguir para a TV Globo, onde atuou como rep\u00f3rter e comentarista esportivo at\u00e9 1982.<\/p>\n<\/div>\n<div class=\"mc-column content-text active-extra-styles \" data-block-type=\"unstyled\" data-block-weight=\"48\" data-block-id=\"9\">\n<p class=\"content-text__container \" data-track-category=\"Link no Texto\" data-track-links=\"\">Na Globo, em S\u00e3o Paulo, Juarez Soares trabalhou ao lado de locutores que marcaram \u00e9poca na televis\u00e3o, como Ciro Jos\u00e9 e Luciano do Valle. Al\u00e9m disso, teve reportagens esportivas vinculadas nos principais telejornais da emissora e fez parte da equipe dos programas Globo Esporte e Esporte Espetacular.<\/p>\n<\/div>\n<div class=\"mc-column\" data-block-type=\"embed-social-twitter\" data-block-id=\"10\">\n<div class=\"SandboxRoot env-bp-350\" data-twitter-event-id=\"0\">\n<div id=\"twitter-widget-0\" class=\"EmbeddedTweet EmbeddedTweet--cta js-clickToOpenTarget tweet-InformationCircle-widgetParent\" lang=\"en\" data-click-to-open-target=\"https:\/\/twitter.com\/Corinthians\/status\/1153733412169105408\" data-iframe-title=\"Twitter Tweet\" data-scribe=\"page:tweet\" data-twitter-event-id=\"1\">\n<div class=\"EmbeddedTweet-tweetContainer\">\n<div class=\"EmbeddedTweet-tweet\">\n<blockquote class=\"Tweet h-entry js-tweetIdInfo subject expanded\" cite=\"https:\/\/twitter.com\/Corinthians\/status\/1153733412169105408\" data-tweet-id=\"1153733412169105408\" data-scribe=\"section:subject\">\n<div class=\"Tweet-header\">\n<p><a class=\"TweetAuthor-avatar Identity-avatar u-linkBlend\" href=\"https:\/\/twitter.com\/Corinthians\" data-scribe=\"element:user_link\" aria-label=\"Corinthians (screen name: Corinthians)\"><img decoding=\"async\" class=\"Avatar\" src=\"https:\/\/pbs.twimg.com\/profile_images\/1135169539753283590\/YRycp-7Q_normal.png\" alt=\"\" data-scribe=\"element:avatar\" data-src-2x=\"https:\/\/pbs.twimg.com\/profile_images\/1135169539753283590\/YRycp-7Q_bigger.png\" data-src-1x=\"https:\/\/pbs.twimg.com\/profile_images\/1135169539753283590\/YRycp-7Q_normal.png\" \/><\/a><\/p>\n<div class=\"TweetAuthor js-inViewportScribingTarget\" data-scribe=\"component:author\">\n<div class=\"TweetAuthor-nameScreenNameContainer\">\n<p><span class=\"TweetAuthor-decoratedName\"><span class=\"TweetAuthor-name Identity-name customisable-highlight\" title=\"Corinthians\" data-scribe=\"element:name\">Corinthians<\/span><\/span><\/p>\n<div class=\"Icon Icon--verified \" title=\"Verified Account\" role=\"img\" aria-label=\"Verified Account\"><\/div>\n<p><span class=\"TweetAuthor-decoratedName\"><span class=\"TweetAuthor-verifiedBadge\" data-scribe=\"element:verified_badge\"><b class=\"u-hiddenVisually\">\u2714<\/b><\/span><\/span><span class=\"TweetAuthor-screenName Identity-screenName\" dir=\"ltr\" title=\"@Corinthians\" data-scribe=\"element:screen_name\">@Corinthians<\/span><\/p>\n<\/div>\n<\/div>\n<div class=\"Tweet-brand\">\n<div class=\"Icon Icon--twitter \" title=\"View on Twitter\" role=\"presentation\" aria-label=\"View on Twitter\"><\/div>\n<\/div>\n<\/div>\n<div class=\"Tweet-body e-entry-content\" data-scribe=\"component:tweet\">\n<div class=\"Tweet-target js-inViewportScribingTarget\"><\/div>\n<p class=\"Tweet-text e-entry-title\" dir=\"ltr\" lang=\"pt\">Lamentamos o falecimento do jornalista e corinthiano Juarez Soares, que durante tantos anos, como rep\u00f3rter, narrador e comentarista esportivo, levou as informa\u00e7\u00f5es do Coring\u00e3o para a Fiel, na TV ou no R\u00e1dio. Desejamos muita for\u00e7a aos familiares e amigos neste momento de dor<img decoding=\"async\" class=\"Emoji Emoji--forText\" title=\"Crying face\" draggable=\"false\" src=\"https:\/\/abs.twimg.com\/emoji\/v2\/72x72\/1f622.png\" alt=\"\ud83d\ude22\" aria-label=\"Emoji: Crying face\" \/><\/p>\n<div class=\"TweetInfo\">\n<div class=\"TweetInfo-like\">\n<div data-scribe=\"element:heart\">\n<div class=\"Icon Icon--heart \" title=\"Like\" role=\"img\" aria-label=\"Like\"><\/div>\n<\/div>\n<p><a class=\"TweetInfo-heart\" title=\"Like\" href=\"https:\/\/twitter.com\/intent\/like?tweet_id=1153733412169105408\" data-scribe=\"component:actions\"><span class=\"TweetInfo-heartStat\" data-scribe=\"element:heart_count\">3,227<\/span><\/a><\/p>\n<\/div>\n<div class=\"TweetInfo-timeGeo\"><a class=\"u-linkBlend u-url customisable-highlight long-permalink\" href=\"https:\/\/twitter.com\/Corinthians\/status\/1153733412169105408\" data-datetime=\"2019-07-23T18:27:35+0000\" data-scribe=\"element:full_timestamp\"><time class=\"dt-updated\" title=\"Time posted: July 23, 2019 18:27:35 (UTC)\" datetime=\"2019-07-23T18:27:35+0000\">3:27 PM &#8211; Jul 23, 2019<\/time><\/a><\/div>\n<div class=\"tweet-InformationCircle\" data-scribe=\"element:notice\"><a class=\"Icon Icon--informationCircleWhite js-inViewportScribingTarget\" title=\"Twitter Ads info and privacy\" href=\"https:\/\/support.twitter.com\/articles\/20175256\"><span class=\"u-hiddenVisually\">Twitter Ads info and privacy<\/span><\/a><\/div>\n<div class=\"tweet-InformationCircle\" data-scribe=\"element:notice\">Como rep\u00f3rter da Globo, cobriu a Olimp\u00edada de Montreal, no Canad\u00e1, em 1976, a Copa do Mundo de 1978, na Argentina, e a Copa do Mundo da Espanha, em 1982. Na Copa da Espanha, que a Globo transmitiu com exclusividade, Juarez Soares acompanhou a Sele\u00e7\u00e3o Brasileira ao lado do cinegrafista Daniel Andrade.<\/div>\n<\/div>\n<\/div>\n<\/blockquote>\n<\/div>\n<\/div>\n<\/div>\n<\/div>\n<\/div>\n<div class=\"mc-column content-text active-extra-styles\" data-block-type=\"raw\" data-block-weight=\"1\" data-block-id=\"12\">\n<div class=\"content-intertitle\">\n<h2><strong>Comentarista<\/strong><\/h2>\n<\/div>\n<\/div>\n<div class=\"mc-column content-text active-extra-styles \" data-block-type=\"unstyled\" data-block-weight=\"74\" data-block-id=\"13\">\n<p class=\"content-text__container \" data-track-category=\"Link no Texto\" data-track-links=\"\">Ainda na Globo, participou da estreia do telejornal Bom Dia S\u00e3o Paulo, em 1977, onde permaneceu por quase tr\u00eas anos como comentarista esportivo ao lado dos apresentadores Carlos Monforte e D\u00e1cio Arruda. At\u00e9 sair da emissora, ap\u00f3s a Copa do Mundo de 1982, conciliaria seu trabalho na televis\u00e3o com a atua\u00e7\u00e3o nas r\u00e1dios Globo e Excelsior. Na R\u00e1dio Excelsior, fez o programa Balanc\u00ea ao lado de Osmar Santos, no in\u00edcio da d\u00e9cada de 1980.<\/p>\n<\/div>\n<div class=\"mc-column content-text active-extra-styles\" data-block-type=\"raw\" data-block-weight=\"2\" data-block-id=\"15\">\n<div class=\"content-intertitle\">\n<h2><strong>Anos 1990<\/strong><\/h2>\n<\/div>\n<\/div>\n<div class=\"mc-column content-text active-extra-styles \" data-block-type=\"unstyled\" data-block-weight=\"80\" data-block-id=\"16\">\n<p class=\"content-text__container \" data-track-category=\"Link no Texto\" data-track-links=\"\">Em seguida, Juarez teve uma breve passagem pela R\u00e1dio Record e depois se transferiu para a TV Bandeirantes, onde trabalhou por 11 anos ao lado de Luciano do Valle, principalmente no programa Show do Esporte. Na TV Bandeirantes, Juarez chegaria a ser o diretor de Esportes, participando ainda da cobertura de tr\u00eas Copas do Mundo \u2013 1986, no M\u00e9xico, 1990, na It\u00e1lia, e 1994, nos Estados Unidos \u2013 como comentarista e como respons\u00e1vel pela cobertura jornal\u00edstica da Sele\u00e7\u00e3o Brasileira.<\/p>\n<\/div>\n<div class=\"mc-column content-text active-extra-styles \" data-block-type=\"unstyled\" data-block-weight=\"37\" data-block-id=\"17\">\n<p class=\"content-text__container \" data-track-category=\"Link no Texto\" data-track-links=\"\">Em 1994, Juarez Soares passou a trabalhar no SBT, onde ficou at\u00e9 o ano de 2000. Na televis\u00e3o, teve passagens ainda pela TV Record, no programa Debate Bola, e pela TV Cultura, no programa Cart\u00e3o Verde.<\/p>\n<\/div>\n<div class=\"mc-column content-text active-extra-styles \" data-block-type=\"unstyled\" data-block-weight=\"43\" data-block-id=\"18\">\n<p class=\"content-text__container \" data-track-category=\"Link no Texto\" data-track-links=\"\">Apesar de ter trabalhado ao longo de sua carreira principalmente no r\u00e1dio e na televis\u00e3o, Juarez Soares tamb\u00e9m atuou como jornalista em outros ve\u00edculos de m\u00eddia, como nos jornais Folha da Manh\u00e3 e Mundo Esportivo e no site de esportes do portal Terra.<\/p>\n<\/div>\n<div class=\"mc-column content-text active-extra-styles\" data-block-type=\"raw\" data-block-weight=\"2\" data-block-id=\"19\">\n<div class=\"content-intertitle\">\n<h2><strong>Vida pol\u00edtica<\/strong><\/h2>\n<\/div>\n<\/div>\n<div class=\"mc-column content-text active-extra-styles \" data-block-type=\"unstyled\" data-block-weight=\"64\" data-block-id=\"20\">\n<p class=\"content-text__container \" data-track-category=\"Link no Texto\" data-track-links=\"\">Juarez Soares tamb\u00e9m teve uma participa\u00e7\u00e3o pol\u00edtica destacada em S\u00e3o Paulo. Al\u00e9m de ter sido segundo-secret\u00e1rio do Sindicato dos Jornalistas durante a presid\u00eancia de Gabriel Romeiro, tamb\u00e9m foi secret\u00e1rio de Esportes de S\u00e3o Paulo durante a gest\u00e3o da prefeita Luiza Erundina e vereador de S\u00e3o Paulo. Em 2004, chegou a ser candidato a vice-prefeito de S\u00e3o Paulo na chapa de Paulo Pereira da Silva.<\/p>\n<\/div>\n<div class=\"mc-column content-text active-extra-styles \" data-block-type=\"unstyled\" data-block-weight=\"68\" data-block-id=\"21\">\n<p class=\"content-text__container \" data-track-category=\"Link no Texto\" data-track-links=\"\">Em 2001, foi convidado por Milton Neves para participar do programa Debate Bola da TV Record. Em seguida, virou comentarista e chefe de equipe da R\u00e1dio Record, ocupando as duas fun\u00e7\u00f5es at\u00e9 2011. Desde ent\u00e3o, trabalhou como comentarista da R\u00e1dio Transam\u00e9rica, participando dos programas Debate Bola e Papo de Craque, al\u00e9m do programa Esta\u00e7\u00e3o Futebol, no canal de TV Net Cidade, junto com Dalmo Pessoa e Edmilson Moreira.<\/p>\n<p data-track-category=\"Link no Texto\" data-track-links=\"\">Fonte: https:\/\/globoesporte.globo.com\/sp\/futebol\/noticia\/morre-o-jornalista-juarez-soares.ghtml<\/p>\n<\/div>\n<\/div>\n<\/div>\n","protected":false},"excerpt":{"rendered":"<p>&#8220;China&#8221;, como era conhecido, tinha 78 anos e lutava contra um c\u00e2ncer. Morreu nesta ter\u00e7a-feira, em S\u00e3o Paulo, o jornalista esportivo Juarez Soares, de 78 anos. Ele lutava contra um c\u00e2ncer. &#8220;China&#8221;, como era conhecido, passou recentemente pela RedeTV! e tamb\u00e9m trabalhou na Globo, no SBT, na Bandeirantes e na Record. Na TV Globo, Juarez [&hellip;]<\/p>\n","protected":false},"author":1,"featured_media":1861,"comment_status":"open","ping_status":"open","sticky":false,"template":"","format":"standard","meta":{"footnotes":""},"categories":[111,110],"tags":[],"class_list":["post-1860","post","type-post","status-publish","format-standard","has-post-thumbnail","hentry","category-esporteecultura","category-noticiasdestaque"],"_links":{"self":[{"href":"https:\/\/jorgezanoni.com.br\/2019\/wp-json\/wp\/v2\/posts\/1860","targetHints":{"allow":["GET"]}}],"collection":[{"href":"https:\/\/jorgezanoni.com.br\/2019\/wp-json\/wp\/v2\/posts"}],"about":[{"href":"https:\/\/jorgezanoni.com.br\/2019\/wp-json\/wp\/v2\/types\/post"}],"author":[{"embeddable":true,"href":"https:\/\/jorgezanoni.com.br\/2019\/wp-json\/wp\/v2\/users\/1"}],"replies":[{"embeddable":true,"href":"https:\/\/jorgezanoni.com.br\/2019\/wp-json\/wp\/v2\/comments?post=1860"}],"version-history":[{"count":0,"href":"https:\/\/jorgezanoni.com.br\/2019\/wp-json\/wp\/v2\/posts\/1860\/revisions"}],"wp:featuredmedia":[{"embeddable":true,"href":"https:\/\/jorgezanoni.com.br\/2019\/wp-json\/wp\/v2\/media\/1861"}],"wp:attachment":[{"href":"https:\/\/jorgezanoni.com.br\/2019\/wp-json\/wp\/v2\/media?parent=1860"}],"wp:term":[{"taxonomy":"category","embeddable":true,"href":"https:\/\/jorgezanoni.com.br\/2019\/wp-json\/wp\/v2\/categories?post=1860"},{"taxonomy":"post_tag","embeddable":true,"href":"https:\/\/jorgezanoni.com.br\/2019\/wp-json\/wp\/v2\/tags?post=1860"}],"curies":[{"name":"wp","href":"https:\/\/api.w.org\/{rel}","templated":true}]}}