{"id":18564,"date":"2020-02-13T19:56:12","date_gmt":"2020-02-13T19:56:12","guid":{"rendered":"https:\/\/jorgezanoni.com.br\/2019\/?p=18564"},"modified":"2020-02-13T19:56:12","modified_gmt":"2020-02-13T19:56:12","slug":"reta-final-ultimos-dias-para-inscricoes-do-vestibular-agendado-da-unifadra","status":"publish","type":"post","link":"https:\/\/jorgezanoni.com.br\/2019\/reta-final-ultimos-dias-para-inscricoes-do-vestibular-agendado-da-unifadra\/","title":{"rendered":"Reta final: \u00faltimos dias para inscri\u00e7\u00f5es do Vestibular Agendado da Unifadra"},"content":{"rendered":"<p style=\"font-weight: 400; text-align: justify;\">Ainda d\u00e1 tempo de se inscrever para o Vestibular Agendado da Unifadra \u2013 cursos presenciais. Os candidatos podem agendar suas provas no site (<a href=\"http:\/\/www.fundec.edu.br\/unifadra\">www.fundec.edu.br\/unifadra<\/a>) ou na Secretaria Geral da Fundec pelo telefone (18) 3821-9009.<br \/>\nO in\u00edcio das aulas para os ingressantes ser\u00e1 dia 02 de mar\u00e7o.<br \/>\nOs cursos presenciais dispon\u00edveis s\u00e3o An\u00e1lise e Desenvolvimento de Sistemas, Educa\u00e7\u00e3o F\u00edsica, Enfermagem, Pedagogia e Psicologia.<\/p>\n<p><strong>Ensino EAD<\/strong><br \/>\nA Unifadra tamb\u00e9m est\u00e1 com inscri\u00e7\u00f5es abertas para o Vestibular Agendado &#8211; Polo Unitau dos cursos a dit\u00e2ncia (exclusivamente pelo site\u00a0<a href=\"http:\/\/www.fundec.edu.br\/\">www.fundec.edu.br<\/a>). Os cursos dispon\u00edveis nesta modalidade s\u00e3o Artes Visuais, Ci\u00eancias Biol\u00f3gicas, Educa\u00e7\u00e3o Especial, Educa\u00e7\u00e3o F\u00edsica, Filosofia, F\u00edsica, Geografia, Hist\u00f3ria, Letras \u2013 L\u00edngua Portuguesa, Matem\u00e1tica, M\u00fasica, Pedagogia, Qu\u00edmica, Sociologia, Gest\u00e3o Comercial, Gest\u00e3o de Recursos Humanos, Gest\u00e3o de Agroneg\u00f3cio, Gest\u00e3o Financeira, Log\u00edstica, Processos Gerenciais, Administra\u00e7\u00e3o, Ci\u00eancias Cont\u00e1beis, Forma\u00e7\u00e3o Pedag\u00f3gica, Forma\u00e7\u00e3o Pedag\u00f3gica em Pedagogia.<br \/>\nMais informa\u00e7\u00f5es: (18) 3821-9004 \/ 99802-1237 ou\u00a0<a href=\"mailto:centroinfo@fundec.edu.br\">centroinfo@fundec.edu.br<\/a><\/p>\n<p style=\"font-weight: 400; text-align: justify;\">Carolina Colnago<\/p>\n<p style=\"font-weight: 400; text-align: justify;\">Assessora de Comunica\u00e7\u00e3o da Fundec &#8211; Jornalista<\/p>\n","protected":false},"excerpt":{"rendered":"<p>Ainda d\u00e1 tempo de se inscrever para o Vestibular Agendado da Unifadra \u2013 cursos presenciais. Os candidatos podem agendar suas provas no site (www.fundec.edu.br\/unifadra) ou na Secretaria Geral da Fundec pelo telefone (18) 3821-9009. O in\u00edcio das aulas para os ingressantes ser\u00e1 dia 02 de mar\u00e7o. Os cursos presenciais dispon\u00edveis s\u00e3o An\u00e1lise e Desenvolvimento de [&hellip;]<\/p>\n","protected":false},"author":1,"featured_media":18565,"comment_status":"closed","ping_status":"open","sticky":false,"template":"","format":"standard","meta":{"footnotes":""},"categories":[122],"tags":[],"class_list":["post-18564","post","type-post","status-publish","format-standard","has-post-thumbnail","hentry","category-saudeeducacaoeconcurso"],"_links":{"self":[{"href":"https:\/\/jorgezanoni.com.br\/2019\/wp-json\/wp\/v2\/posts\/18564","targetHints":{"allow":["GET"]}}],"collection":[{"href":"https:\/\/jorgezanoni.com.br\/2019\/wp-json\/wp\/v2\/posts"}],"about":[{"href":"https:\/\/jorgezanoni.com.br\/2019\/wp-json\/wp\/v2\/types\/post"}],"author":[{"embeddable":true,"href":"https:\/\/jorgezanoni.com.br\/2019\/wp-json\/wp\/v2\/users\/1"}],"replies":[{"embeddable":true,"href":"https:\/\/jorgezanoni.com.br\/2019\/wp-json\/wp\/v2\/comments?post=18564"}],"version-history":[{"count":0,"href":"https:\/\/jorgezanoni.com.br\/2019\/wp-json\/wp\/v2\/posts\/18564\/revisions"}],"wp:featuredmedia":[{"embeddable":true,"href":"https:\/\/jorgezanoni.com.br\/2019\/wp-json\/wp\/v2\/media\/18565"}],"wp:attachment":[{"href":"https:\/\/jorgezanoni.com.br\/2019\/wp-json\/wp\/v2\/media?parent=18564"}],"wp:term":[{"taxonomy":"category","embeddable":true,"href":"https:\/\/jorgezanoni.com.br\/2019\/wp-json\/wp\/v2\/categories?post=18564"},{"taxonomy":"post_tag","embeddable":true,"href":"https:\/\/jorgezanoni.com.br\/2019\/wp-json\/wp\/v2\/tags?post=18564"}],"curies":[{"name":"wp","href":"https:\/\/api.w.org\/{rel}","templated":true}]}}