{"id":18561,"date":"2020-02-13T19:44:34","date_gmt":"2020-02-13T19:44:34","guid":{"rendered":"https:\/\/jorgezanoni.com.br\/2019\/?p=18561"},"modified":"2020-02-13T19:44:34","modified_gmt":"2020-02-13T19:44:34","slug":"zona-azul-suspende-operacao-em-dracena-por-decisao-de-entidade-que-gerencia-o-servico","status":"publish","type":"post","link":"https:\/\/jorgezanoni.com.br\/2019\/zona-azul-suspende-operacao-em-dracena-por-decisao-de-entidade-que-gerencia-o-servico\/","title":{"rendered":"Zona Azul suspende opera\u00e7\u00e3o em Dracena por decis\u00e3o de entidade que gerencia o servi\u00e7o"},"content":{"rendered":"<p style=\"text-align: justify;\">A opera\u00e7\u00e3o de estacionamento da Zona Azul, na \u00e1rea central de Dracena, deixar\u00e1 de ser realizada, a partir de 31 de mar\u00e7o de 2020, pela entidade que administra o servi\u00e7o.<\/p>\n<p style=\"text-align: justify;\">O comunicado foi feito pela Associa\u00e7\u00e3o de Prote\u00e7\u00e3o \u00e0 Crian\u00e7a de Dracena (Casa da Crian\u00e7a) \u00e0 Prefeitura, em uma reuni\u00e3o entre o presidente Jos\u00e9 Paulo Benes Teixeira e o prefeito.<\/p>\n<p style=\"text-align: justify;\">Diante da decis\u00e3o, a Prefeitura, por meio da Secretaria Municipal de Assuntos Vi\u00e1rios, estuda novas possibilidades de gerenciamento das vagas de estacionamento rotativo no Centro da cidade: chamamento p\u00fablico para uma nova entidade assumir o servi\u00e7o ou a instala\u00e7\u00e3o de parquimetro digital.<\/p>\n<p style=\"text-align: justify;\">De acordo com o prefeito, tamb\u00e9m ser\u00e3o realizadas discuss\u00f5es sobre o tema no Conselho Comunit\u00e1rio de Seguran\u00e7a (Conseg) para que a popula\u00e7\u00e3o possa participar e opinar sobre a melhor solu\u00e7\u00e3o para o caso.<\/p>\n<p style=\"text-align: justify;\">\u201c\u00c9 uma decis\u00e3o que ser\u00e1 tomada democraticamente, com base em estudos e para que juntos aos usu\u00e1rios do servi\u00e7o, Associa\u00e7\u00e3o Comercial e Empresarial (ACE) e \u00e0s autoridades competentes, possamos implantar um projeto de qualidade para a comunidade de Dracena e regi\u00e3o, que utilizam as vagas dispon\u00edveis para estacionamento na \u00e1rea central da cidade\u201d.<\/p>\n<p style=\"text-align: justify;\">Fonte: Diretoria de Comunica\u00e7\u00e3o<\/p>\n<p>Imagem Ilustrativa<\/p>\n","protected":false},"excerpt":{"rendered":"<p>A opera\u00e7\u00e3o de estacionamento da Zona Azul, na \u00e1rea central de Dracena, deixar\u00e1 de ser realizada, a partir de 31 de mar\u00e7o de 2020, pela entidade que administra o servi\u00e7o. O comunicado foi feito pela Associa\u00e7\u00e3o de Prote\u00e7\u00e3o \u00e0 Crian\u00e7a de Dracena (Casa da Crian\u00e7a) \u00e0 Prefeitura, em uma reuni\u00e3o entre o presidente Jos\u00e9 Paulo [&hellip;]<\/p>\n","protected":false},"author":1,"featured_media":18562,"comment_status":"closed","ping_status":"open","sticky":false,"template":"","format":"standard","meta":{"footnotes":""},"categories":[179,184,110],"tags":[],"class_list":["post-18561","post","type-post","status-publish","format-standard","has-post-thumbnail","hentry","category-cidadeseregiao","category-dracena","category-noticiasdestaque"],"_links":{"self":[{"href":"https:\/\/jorgezanoni.com.br\/2019\/wp-json\/wp\/v2\/posts\/18561","targetHints":{"allow":["GET"]}}],"collection":[{"href":"https:\/\/jorgezanoni.com.br\/2019\/wp-json\/wp\/v2\/posts"}],"about":[{"href":"https:\/\/jorgezanoni.com.br\/2019\/wp-json\/wp\/v2\/types\/post"}],"author":[{"embeddable":true,"href":"https:\/\/jorgezanoni.com.br\/2019\/wp-json\/wp\/v2\/users\/1"}],"replies":[{"embeddable":true,"href":"https:\/\/jorgezanoni.com.br\/2019\/wp-json\/wp\/v2\/comments?post=18561"}],"version-history":[{"count":0,"href":"https:\/\/jorgezanoni.com.br\/2019\/wp-json\/wp\/v2\/posts\/18561\/revisions"}],"wp:featuredmedia":[{"embeddable":true,"href":"https:\/\/jorgezanoni.com.br\/2019\/wp-json\/wp\/v2\/media\/18562"}],"wp:attachment":[{"href":"https:\/\/jorgezanoni.com.br\/2019\/wp-json\/wp\/v2\/media?parent=18561"}],"wp:term":[{"taxonomy":"category","embeddable":true,"href":"https:\/\/jorgezanoni.com.br\/2019\/wp-json\/wp\/v2\/categories?post=18561"},{"taxonomy":"post_tag","embeddable":true,"href":"https:\/\/jorgezanoni.com.br\/2019\/wp-json\/wp\/v2\/tags?post=18561"}],"curies":[{"name":"wp","href":"https:\/\/api.w.org\/{rel}","templated":true}]}}