{"id":18540,"date":"2020-02-12T11:37:26","date_gmt":"2020-02-12T11:37:26","guid":{"rendered":"https:\/\/jorgezanoni.com.br\/2019\/?p=18540"},"modified":"2020-02-12T11:45:10","modified_gmt":"2020-02-12T11:45:10","slug":"faleceu-a-policial-civil-debora-da-silva-marqueti","status":"publish","type":"post","link":"https:\/\/jorgezanoni.com.br\/2019\/faleceu-a-policial-civil-debora-da-silva-marqueti\/","title":{"rendered":"Faleceu a Policial Civil D\u00e9bora da Silva Marqueti"},"content":{"rendered":"<div class=\"clearfix fbPhotoSnowliftAuthorInfo _xlu\">\n<div class=\"clearfix _8u _42ef\">\n<div class=\"_6a\">\n<div class=\"_6a _6b\">\n<div id=\"fbPhotoSnowliftAudienceSelector\">\n<div class=\"mbs fbPhotosAudienceContainerNotEditable\">\n<div class=\"_6a _29ee _3iio _43_1\" style=\"text-align: justify;\" role=\"img\" data-hover=\"tooltip\" data-tooltip-content=\"Compartilhado com: P\u00fablico\" aria-label=\"Compartilhado com: P\u00fablico\"><strong>FALECEU A POLICIAL CIVIL D\u00c9BORA DA SILVA MARQUETI, FILHA DA POLICIAL MILITAR LUZINETE DO PROERD.<\/strong><\/div>\n<\/div>\n<\/div>\n<\/div>\n<\/div>\n<\/div>\n<\/div>\n<div class=\"_xlr\">\n<div id=\"id_5e43e2acc4dcf6d12448750\" class=\"text_exposed_root text_exposed\" style=\"text-align: justify;\">Com profundo pesar, comunico o falecimento da Investigadora de Pol\u00edcia D\u00e9bora da Silva Marquetti aos 29 anos, em exerc\u00edcio no Centro de Intelig\u00eancia Policial desta Delegacia Seccional. O vel\u00f3rio est\u00e1 ocorrendo no memorial Vida Prev e o Sepultamento ocorre hoje (12) \u00e0s 16 Horas.Nilton Santos Paschoal<span class=\"text_exposed_show\"><br \/>\nDelegado Seccional de Pol\u00edcia Dracena<\/span><\/p>\n<p>&nbsp;<\/p>\n<\/div>\n<div id=\"fbPhotoSnowliftProductMiniListHscroll\" class=\"fbCommerceProductMiniListHscroll\"><\/div>\n<div id=\"fbPhotoSnowliftLegacyTagList\" class=\"pts fbPhotoLegacyTagList\">\n<div><\/div>\n<\/div>\n<div id=\"fbPhotoSnowliftCallToActionButton\" class=\"fbPhotosPhotoButtons\"><\/div>\n<div id=\"fbPhotoSnowliftPhotoFundraiser\"><\/div>\n<div id=\"fbPhotoSnowliftOwnerButtons\" class=\"mvm fbPhotosPhotoOwnerButtons stat_elem\"><\/div>\n<div id=\"fbPhotoSnowliftOriginalStory\" class=\"_56lj\"><\/div>\n<div id=\"fbPhotoSnowliftComputerVisionAnnotation\" class=\"fbPhotosPhotoCVAnnotation\"><\/div>\n<\/div>\n<div id=\"fbPhotoSnowliftVideoFundraiser\"><\/div>\n<div id=\"fbPhotoSnowliftViews\" class=\"_4p3v\"><\/div>\n<form id=\"u_12_2\" class=\"fbPhotosSnowliftFeedbackForm commentable_item collapsible_comments\" action=\"https:\/\/www.facebook.com\/ajax\/ufi\/modify.php\" method=\"post\" data-ft=\"{&quot;tn&quot;:&quot;]&quot;}\">\n<div id=\"fbPhotoSnowliftFeedback\" class=\"fbPhotosSnowliftFeedback\"><\/div>\n<div>\n<div>\n<div class=\"_6iib\" data-testid=\"fbSnowliftUFI\/feedbackSummary\">\n<div class=\"_6iic\">\n<div class=\"_6iid\"><\/div>\n<\/div>\n<\/div>\n<\/div>\n<\/div>\n<\/form>\n","protected":false},"excerpt":{"rendered":"<p>FALECEU A POLICIAL CIVIL D\u00c9BORA DA SILVA MARQUETI, FILHA DA POLICIAL MILITAR LUZINETE DO PROERD. Com profundo pesar, comunico o falecimento da Investigadora de Pol\u00edcia D\u00e9bora da Silva Marquetti aos 29 anos, em exerc\u00edcio no Centro de Intelig\u00eancia Policial desta Delegacia Seccional. O vel\u00f3rio est\u00e1 ocorrendo no memorial Vida Prev e o Sepultamento ocorre hoje [&hellip;]<\/p>\n","protected":false},"author":1,"featured_media":18541,"comment_status":"closed","ping_status":"open","sticky":false,"template":"","format":"standard","meta":{"footnotes":""},"categories":[178,110],"tags":[],"class_list":["post-18540","post","type-post","status-publish","format-standard","has-post-thumbnail","hentry","category-notadefalecimento","category-noticiasdestaque"],"_links":{"self":[{"href":"https:\/\/jorgezanoni.com.br\/2019\/wp-json\/wp\/v2\/posts\/18540","targetHints":{"allow":["GET"]}}],"collection":[{"href":"https:\/\/jorgezanoni.com.br\/2019\/wp-json\/wp\/v2\/posts"}],"about":[{"href":"https:\/\/jorgezanoni.com.br\/2019\/wp-json\/wp\/v2\/types\/post"}],"author":[{"embeddable":true,"href":"https:\/\/jorgezanoni.com.br\/2019\/wp-json\/wp\/v2\/users\/1"}],"replies":[{"embeddable":true,"href":"https:\/\/jorgezanoni.com.br\/2019\/wp-json\/wp\/v2\/comments?post=18540"}],"version-history":[{"count":0,"href":"https:\/\/jorgezanoni.com.br\/2019\/wp-json\/wp\/v2\/posts\/18540\/revisions"}],"wp:featuredmedia":[{"embeddable":true,"href":"https:\/\/jorgezanoni.com.br\/2019\/wp-json\/wp\/v2\/media\/18541"}],"wp:attachment":[{"href":"https:\/\/jorgezanoni.com.br\/2019\/wp-json\/wp\/v2\/media?parent=18540"}],"wp:term":[{"taxonomy":"category","embeddable":true,"href":"https:\/\/jorgezanoni.com.br\/2019\/wp-json\/wp\/v2\/categories?post=18540"},{"taxonomy":"post_tag","embeddable":true,"href":"https:\/\/jorgezanoni.com.br\/2019\/wp-json\/wp\/v2\/tags?post=18540"}],"curies":[{"name":"wp","href":"https:\/\/api.w.org\/{rel}","templated":true}]}}