{"id":18475,"date":"2020-02-11T15:35:11","date_gmt":"2020-02-11T15:35:11","guid":{"rendered":"https:\/\/jorgezanoni.com.br\/2019\/?p=18475"},"modified":"2020-02-11T15:36:39","modified_gmt":"2020-02-11T15:36:39","slug":"chuva-causa-queda-de-barreiras-e-linha-ferrea-fica-suspensa-no-ar-em-botucatu","status":"publish","type":"post","link":"https:\/\/jorgezanoni.com.br\/2019\/chuva-causa-queda-de-barreiras-e-linha-ferrea-fica-suspensa-no-ar-em-botucatu\/","title":{"rendered":"Chuva causa queda de barreiras e linha f\u00e9rrea fica suspensa no ar em Botucatu"},"content":{"rendered":"<h2 class=\"content-head__subtitle\" style=\"text-align: justify;\"><strong>Chuvas que atingiram a regi\u00e3o provocaram v\u00e1rios estragos. Empresa respons\u00e1vel pelas linhas afirma em nota que circula\u00e7\u00e3o foi interrompida por tempo indeterminado.<\/strong><\/h2>\n<div class=\"mc-column content-text active-extra-styles \" style=\"text-align: justify;\" data-block-type=\"unstyled\" data-block-weight=\"54\" data-block-id=\"2\">\n<p class=\"content-text__container \" data-track-category=\"Link no Texto\" data-track-links=\"\">A circula\u00e7\u00e3o de trens na linha f\u00e9rrea que passam pelo morro do Peru, em Botucatu (SP), foi suspensa nesta segunda-feira (10) ap\u00f3s a queda de barreiras pr\u00f3ximas ao trecho em decorr\u00eancia da\u00a0<a href=\"https:\/\/g1.globo.com\/sp\/bauru-marilia\/noticia\/2020\/02\/10\/tempestade-desabriga-familias-e-alaga-ruas-em-botucatu.ghtml\">tempestade que atingiu a cidade<\/a>. Um v\u00eddeo enviado ao\u00a0<strong>G1<\/strong>\u00a0mostra o tamanho do barranco que cedeu (<strong><em>Veja no v\u00eddeo abaixo<\/em><\/strong>).<\/p>\n<\/div>\n<div class=\"wall protected-content\">\n<div class=\"mc-column content-text active-extra-styles \" style=\"text-align: justify;\" data-block-type=\"unstyled\" data-block-weight=\"23\" data-block-id=\"3\">\n<p class=\"content-text__container \" data-track-category=\"Link no Texto\" data-track-links=\"\">Em nota, a empresa respons\u00e1vel pela linha afirmou que a circula\u00e7\u00e3o na ferrovia foi interrompida por tempo indeterminado, por raz\u00f5es de seguran\u00e7a.<\/p>\n<\/div>\n<div class=\"mc-column content-text active-extra-styles \" data-block-type=\"unstyled\" data-block-weight=\"29\" data-block-id=\"4\">\n<p class=\"content-text__container \" style=\"text-align: justify;\" data-track-category=\"Link no Texto\" data-track-links=\"\">Uma equipe de t\u00e9cnicos da empresa foi deslocada at\u00e9 o local para avaliar as condi\u00e7\u00f5es e definir quais as a\u00e7\u00f5es necess\u00e1rias para recuperar as \u00e1reas afetadas, afirma a empresa.<\/p>\n<div class=\"mc-column content-text active-extra-styles\" style=\"text-align: justify;\" data-block-type=\"raw\" data-block-weight=\"3\" data-block-id=\"7\">\n<div class=\"content-intertitle\">\n<h2>Estragos da chuva<\/h2>\n<\/div>\n<\/div>\n<div class=\"mc-column content-text active-extra-styles \" style=\"text-align: justify;\" data-block-type=\"unstyled\" data-block-weight=\"45\" data-block-id=\"8\">\n<p class=\"content-text__container \" data-track-category=\"Link no Texto\" data-track-links=\"\">A chuva tamb\u00e9m causou estragos dentro da cidade e a prefeitura de Botucatu decretou estado de calamidade. Pessoas ficaram ilhadas e tiveram que ser resgatadas de bote pelo Corpo de Bombeiros. A Defesa Civil contabilizou 10 fam\u00edlias desabrigadas que foram levadas para o Gin\u00e1sio Municipal.<\/p>\n<\/div>\n<div class=\"mc-column content-text active-extra-styles \" style=\"text-align: justify;\" data-block-type=\"unstyled\" data-block-weight=\"8\" data-block-id=\"9\">\n<p class=\"content-text__container \" data-track-category=\"Link no Texto\" data-track-links=\"\"><a href=\"https:\/\/g1.globo.com\/sp\/bauru-marilia\/noticia\/2020\/02\/10\/fotos-veja-imagens-dos-estragos-causados-por-temporal-em-botucatu.ghtml\">VEJA AS FOTOS DOS ESTRAGOS CAUSADOS PELA CHUVA<\/a><\/p>\n<\/div>\n<div class=\"mc-column content-text active-extra-styles \" style=\"text-align: justify;\" data-block-type=\"unstyled\" data-block-weight=\"28\" data-block-id=\"10\">\n<p class=\"content-text__container \" data-track-category=\"Link no Texto\" data-track-links=\"\">Uma\u00a0<a href=\"https:\/\/g1.globo.com\/sp\/bauru-marilia\/noticia\/2020\/02\/10\/video-mostra-ponte-que-liga-bairros-sendo-arrastada-pela-correnteza-em-botucatu.ghtml\">ponte desabou e causou problemas em adutoras de \u00e1gua tratada<\/a>\u00a0que atendem as regi\u00f5es oeste, sul e leste da cidade. Casas tamb\u00e9m desmoronaram e deixaram moradores desabrigados.<\/p>\n<\/div>\n<div class=\"mc-column content-text active-extra-styles \" data-block-type=\"unstyled\" data-block-weight=\"41\" data-block-id=\"11\">\n<p class=\"content-text__container \" style=\"text-align: justify;\" data-track-category=\"Link no Texto\" data-track-links=\"\">O<a href=\"https:\/\/g1.globo.com\/sp\/bauru-marilia\/noticia\/2020\/02\/10\/ambulatorio-do-hc-de-botucatu-suspende-atendimento-por-causa-da-chuva.ghtml\">\u00a0Ambulat\u00f3rio de Especialidades do Hospital das Cl\u00ednicas tamb\u00e9m teve que suspender o atendimento\u00a0<\/a>nesta segunda-feira por causa da chuva. O pr\u00e9dio vai passar por manuten\u00e7\u00e3o por conta dos estragos causados pela chuva e o servi\u00e7o deve ser retomado nesta ter\u00e7a-feira.<\/p>\n<p style=\"text-align: justify;\" data-track-category=\"Link no Texto\" data-track-links=\"\">Fonte: https:\/\/g1.globo.com\/sp\/bauru-marilia\/noticia\/2020\/02\/10\/circulacao-em-linha-ferrea-fica-suspensa-apos-queda-de-barreiras-em-botucatu.ghtml<\/p>\n<div style=\"width: 640px;\" class=\"wp-video\"><video class=\"wp-video-shortcode\" id=\"video-18475-1\" width=\"640\" height=\"352\" preload=\"metadata\" controls=\"controls\"><source type=\"video\/mp4\" src=\"https:\/\/jorgezanoni.com.br\/2019\/wp-content\/uploads\/2020\/02\/WhatsApp-Video-2020-02-11-at-12.18.32-2.mp4?_=1\" \/><a href=\"https:\/\/jorgezanoni.com.br\/2019\/wp-content\/uploads\/2020\/02\/WhatsApp-Video-2020-02-11-at-12.18.32-2.mp4\">https:\/\/jorgezanoni.com.br\/2019\/wp-content\/uploads\/2020\/02\/WhatsApp-Video-2020-02-11-at-12.18.32-2.mp4<\/a><\/video><\/div>\n<\/div>\n<\/div>\n<\/div>\n","protected":false},"excerpt":{"rendered":"<p>Chuvas que atingiram a regi\u00e3o provocaram v\u00e1rios estragos. Empresa respons\u00e1vel pelas linhas afirma em nota que circula\u00e7\u00e3o foi interrompida por tempo indeterminado. A circula\u00e7\u00e3o de trens na linha f\u00e9rrea que passam pelo morro do Peru, em Botucatu (SP), foi suspensa nesta segunda-feira (10) ap\u00f3s a queda de barreiras pr\u00f3ximas ao trecho em decorr\u00eancia da\u00a0tempestade que [&hellip;]<\/p>\n","protected":false},"author":1,"featured_media":18477,"comment_status":"closed","ping_status":"open","sticky":false,"template":"","format":"video","meta":{"footnotes":""},"categories":[110,169],"tags":[],"class_list":["post-18475","post","type-post","status-publish","format-video","has-post-thumbnail","hentry","category-noticiasdestaque","category-videos","post_format-post-format-video"],"_links":{"self":[{"href":"https:\/\/jorgezanoni.com.br\/2019\/wp-json\/wp\/v2\/posts\/18475","targetHints":{"allow":["GET"]}}],"collection":[{"href":"https:\/\/jorgezanoni.com.br\/2019\/wp-json\/wp\/v2\/posts"}],"about":[{"href":"https:\/\/jorgezanoni.com.br\/2019\/wp-json\/wp\/v2\/types\/post"}],"author":[{"embeddable":true,"href":"https:\/\/jorgezanoni.com.br\/2019\/wp-json\/wp\/v2\/users\/1"}],"replies":[{"embeddable":true,"href":"https:\/\/jorgezanoni.com.br\/2019\/wp-json\/wp\/v2\/comments?post=18475"}],"version-history":[{"count":0,"href":"https:\/\/jorgezanoni.com.br\/2019\/wp-json\/wp\/v2\/posts\/18475\/revisions"}],"wp:featuredmedia":[{"embeddable":true,"href":"https:\/\/jorgezanoni.com.br\/2019\/wp-json\/wp\/v2\/media\/18477"}],"wp:attachment":[{"href":"https:\/\/jorgezanoni.com.br\/2019\/wp-json\/wp\/v2\/media?parent=18475"}],"wp:term":[{"taxonomy":"category","embeddable":true,"href":"https:\/\/jorgezanoni.com.br\/2019\/wp-json\/wp\/v2\/categories?post=18475"},{"taxonomy":"post_tag","embeddable":true,"href":"https:\/\/jorgezanoni.com.br\/2019\/wp-json\/wp\/v2\/tags?post=18475"}],"curies":[{"name":"wp","href":"https:\/\/api.w.org\/{rel}","templated":true}]}}