{"id":18469,"date":"2020-02-11T12:49:46","date_gmt":"2020-02-11T12:49:46","guid":{"rendered":"https:\/\/jorgezanoni.com.br\/2019\/?p=18469"},"modified":"2020-02-11T12:49:46","modified_gmt":"2020-02-11T12:49:46","slug":"dracena-confirma-2o-caso-de-leishmaniose-em-ser-humano-em-2020","status":"publish","type":"post","link":"https:\/\/jorgezanoni.com.br\/2019\/dracena-confirma-2o-caso-de-leishmaniose-em-ser-humano-em-2020\/","title":{"rendered":"Dracena confirma 2\u00ba caso de leishmaniose em ser humano em 2020"},"content":{"rendered":"<h2 class=\"content-head__subtitle\" style=\"text-align: justify;\"><strong>V\u00edtima \u00e9 um homem de 43 anos, morador da \u00e1rea central, que passa por tratamento no Hospital Regional, em Presidente Prudente. Idosa morreu em decorr\u00eancia da doen\u00e7a na semana passada.<\/strong><\/h2>\n<div class=\"mc-column content-text active-extra-styles \" data-block-type=\"unstyled\" data-block-weight=\"21\" data-block-id=\"2\">\n<p class=\"content-text__container \" style=\"text-align: justify;\" data-track-category=\"Link no Texto\" data-track-links=\"\">A Prefeitura de\u00a0<a href=\"https:\/\/g1.globo.com\/sp\/presidente-prudente-regiao\/cidade\/dracena\/\">Dracena\u00a0<\/a>confirmou nesta segunda-feira (10) o segundo caso de leishmaniose em ser humano no ano de 2020.<\/p>\n<\/div>\n<div class=\"wall protected-content\" style=\"text-align: justify;\">\n<div class=\"mc-column content-text active-extra-styles \" data-block-type=\"unstyled\" data-block-weight=\"27\" data-block-id=\"3\">\n<p class=\"content-text__container \" data-track-category=\"Link no Texto\" data-track-links=\"\">A v\u00edtima \u00e9 um homem de 43 anos, morador da \u00e1rea central, que passa por tratamento no Hospital Regional (HR), em Presidente Prudente, segundo informa\u00e7\u00f5es da Prefeitura.<\/p>\n<\/div>\n<div class=\"mc-column content-text active-extra-styles \" data-block-type=\"unstyled\" data-block-weight=\"27\" data-block-id=\"4\">\n<p class=\"content-text__container \" data-track-category=\"Link no Texto\" data-track-links=\"\"><a href=\"https:\/\/g1.globo.com\/sp\/presidente-prudente-regiao\/noticia\/2020\/02\/06\/dracena-confirma-1a-morte-por-leishmaniose-em-ser-humano-em-2020.ghtml\">O primeiro caso confirmado de 2020 foi de uma mulher de 60 anos, que morreu v\u00edtima da doen\u00e7a na semana passada<\/a>. Ela era moradora do Jardim Jussara.<\/p>\n<\/div>\n<div class=\"mc-column content-text active-extra-styles \" data-block-type=\"unstyled\" data-block-weight=\"25\" data-block-id=\"5\">\n<p class=\"content-text__container \" data-track-category=\"Link no Texto\" data-track-links=\"\">O\u00a0<strong>G1\u00a0<\/strong>questionou a Prefeitura sobre quais s\u00e3o os procedimentos adotados pelo munic\u00edpio mediante a confirma\u00e7\u00e3o de mais esse caso de leishmaniose em ser humano.<\/p>\n<\/div>\n<div class=\"mc-column content-text active-extra-styles \" data-block-type=\"unstyled\" data-block-weight=\"81\" data-block-id=\"6\">\n<p class=\"content-text__container \" data-track-category=\"Link no Texto\" data-track-links=\"\">\u201cA Vigil\u00e2ncia Epidemiol\u00f3gica em parceria com a Secretaria Municipal de Agricultura, Meio Ambiente e Limpeza P\u00fablica fornece ca\u00e7ambas para os moradores realizarem o manejo ambiental, ou seja, retirar dos quintais os criadouros do mosquito palha que deposita seus ovos em mat\u00e9ria org\u00e2nica em decomposi\u00e7\u00e3o (folhas, frutos), fezes animais, terra \u00famida e sombreada. E no dia-a-dia das visitas os Agentes de Controle de Vetores realizam todas as orienta\u00e7\u00f5es quanto a limpeza e aos sintomas da doen\u00e7a\u201d, respondeu o Poder Executivo ao\u00a0<strong>G1<\/strong>.<\/p>\n<\/div>\n<div class=\"mc-column content-text active-extra-styles \" data-block-type=\"unstyled\" data-block-weight=\"32\" data-block-id=\"7\">\n<p class=\"content-text__container \" data-track-category=\"Link no Texto\" data-track-links=\"\">A Prefeitura ainda informou que o Centro de Controle de Zoonoses (CCZ) iniciou nesta segunda-feira (10) o inqu\u00e9rito canino no Jardim Jussara, bairro onde a mulher que morreu v\u00edtima da leishmaniose morava.<\/p>\n<p data-track-category=\"Link no Texto\" data-track-links=\"\">Segundo o Poder Executivo, em 2019, o munic\u00edpio registrou tr\u00eas casos de leishmaniose em ser humano. Os \u00faltimos registros de \u00f3bito em decorr\u00eancia da doen\u00e7a foram no ano de 2008, com duas mortes.<\/p>\n<div class=\"mc-column content-text active-extra-styles\" data-block-type=\"raw\" data-block-weight=\"3\" data-block-id=\"11\">\n<div class=\"content-intertitle\">\n<h2>Estado de sa\u00fade<\/h2>\n<\/div>\n<\/div>\n<div class=\"mc-column content-text active-extra-styles \" data-block-type=\"unstyled\" data-block-weight=\"32\" data-block-id=\"12\">\n<p class=\"content-text__container \" data-track-category=\"Link no Texto\" data-track-links=\"\">Em nota, o Hospital Regional de\u00a0<a href=\"https:\/\/g1.globo.com\/sp\/presidente-prudente-regiao\/cidade\/presidente-prudente\/\">Presidente Prudente<\/a>\u00a0informou que o paciente, um homem de 43 anos, encontra-se internado na unidade desde o dia 14 de janeiro, sob cuidados m\u00e9dicos e multiprofissionais.<\/p>\n<\/div>\n<div class=\"mc-column content-text active-extra-styles \" data-block-type=\"unstyled\" data-block-weight=\"12\" data-block-id=\"13\">\n<p class=\"content-text__container \" data-track-category=\"Link no Texto\" data-track-links=\"\">\u201cNesse momento, seu estado de sa\u00fade \u00e9 considerado est\u00e1vel&#8221;, concluiu o HR.<\/p>\n<\/div>\n<div class=\"mc-column content-text active-extra-styles\" data-block-type=\"raw\" data-block-weight=\"27\" data-block-id=\"14\">\n<ul class=\"content-unordered-list\">\n<li><a href=\"https:\/\/g1.globo.com\/sp\/presidente-prudente-regiao\/noticia\/2020\/02\/06\/dracena-confirma-1a-morte-por-leishmaniose-em-ser-humano-em-2020.ghtml\">Dracena confirma 1\u00aa morte por leishmaniose em ser humano em 2020<\/a><\/li>\n<li><a href=\"https:\/\/g1.globo.com\/sp\/presidente-prudente-regiao\/noticia\/2020\/02\/07\/apos-morte-de-mulher-vitima-da-leishmaniose-dracena-iniciara-na-segunda-feira-coleta-de-sangue-de-caes.ghtml\">Ap\u00f3s morte de mulher v\u00edtima da leishmaniose, Dracena iniciar\u00e1 na segunda-feira coleta de sangue de c\u00e3es<\/a><\/li>\n<\/ul>\n<div class=\"mc-column content-text active-extra-styles\" data-block-type=\"raw\" data-block-weight=\"1\" data-block-id=\"17\">\n<div class=\"content-intertitle\">\n<h2>Morte<\/h2>\n<\/div>\n<\/div>\n<div class=\"mc-column content-text active-extra-styles \" data-block-type=\"unstyled\" data-block-weight=\"27\" data-block-id=\"18\">\n<p class=\"content-text__container \" data-track-category=\"Link no Texto\" data-track-links=\"\">A Prefeitura de Dracena, por meio da Secretaria Municipal de Sa\u00fade, confirmou na \u00faltima quinta-feira (6) a primeira morte por leishmaniose em ser humano no ano de 2020.<\/p>\n<\/div>\n<div class=\"mc-column content-text active-extra-styles \" data-block-type=\"unstyled\" data-block-weight=\"15\" data-block-id=\"19\">\n<p class=\"content-text__container \" data-track-category=\"Link no Texto\" data-track-links=\"\">Segundo a Prefeitura, trata-se de uma mulher de 60 anos, que morava no Jardim Jussara.<\/p>\n<\/div>\n<div class=\"mc-column content-text active-extra-styles \" data-block-type=\"unstyled\" data-block-weight=\"21\" data-block-id=\"20\">\n<p class=\"content-text__container \" data-track-category=\"Link no Texto\" data-track-links=\"\">Ela estava internada na Santa Casa de Dracena e o corpo foi sepultado no dia 6 de fevereiro, no Cemit\u00e9rio Municipal.<\/p>\n<\/div>\n<div class=\"mc-column content-text active-extra-styles \" data-block-type=\"unstyled\" data-block-weight=\"28\" data-block-id=\"21\">\n<p class=\"content-text__container \" data-track-category=\"Link no Texto\" data-track-links=\"\">Conforme o Poder Executivo, como medida diante do caso, ser\u00e1 feito um inqu\u00e9rito canino em um raio de 100 metros da casa onde a v\u00edtima da doen\u00e7a residia.<\/p>\n<p data-track-category=\"Link no Texto\" data-track-links=\"\">Fonte: https:\/\/g1.globo.com\/sp\/presidente-prudente-regiao\/noticia\/2020\/02\/10\/dracena-confirma-2o-caso-de-leishmaniose-em-ser-humano-em-2020.ghtml<\/p>\n<\/div>\n<\/div>\n<\/div>\n<\/div>\n<p style=\"text-align: justify;\">\n<p>&nbsp;<\/p>\n","protected":false},"excerpt":{"rendered":"<p>V\u00edtima \u00e9 um homem de 43 anos, morador da \u00e1rea central, que passa por tratamento no Hospital Regional, em Presidente Prudente. Idosa morreu em decorr\u00eancia da doen\u00e7a na semana passada. A Prefeitura de\u00a0Dracena\u00a0confirmou nesta segunda-feira (10) o segundo caso de leishmaniose em ser humano no ano de 2020. A v\u00edtima \u00e9 um homem de 43 [&hellip;]<\/p>\n","protected":false},"author":1,"featured_media":18470,"comment_status":"closed","ping_status":"open","sticky":false,"template":"","format":"standard","meta":{"footnotes":""},"categories":[110,122],"tags":[],"class_list":["post-18469","post","type-post","status-publish","format-standard","has-post-thumbnail","hentry","category-noticiasdestaque","category-saudeeducacaoeconcurso"],"_links":{"self":[{"href":"https:\/\/jorgezanoni.com.br\/2019\/wp-json\/wp\/v2\/posts\/18469","targetHints":{"allow":["GET"]}}],"collection":[{"href":"https:\/\/jorgezanoni.com.br\/2019\/wp-json\/wp\/v2\/posts"}],"about":[{"href":"https:\/\/jorgezanoni.com.br\/2019\/wp-json\/wp\/v2\/types\/post"}],"author":[{"embeddable":true,"href":"https:\/\/jorgezanoni.com.br\/2019\/wp-json\/wp\/v2\/users\/1"}],"replies":[{"embeddable":true,"href":"https:\/\/jorgezanoni.com.br\/2019\/wp-json\/wp\/v2\/comments?post=18469"}],"version-history":[{"count":0,"href":"https:\/\/jorgezanoni.com.br\/2019\/wp-json\/wp\/v2\/posts\/18469\/revisions"}],"wp:featuredmedia":[{"embeddable":true,"href":"https:\/\/jorgezanoni.com.br\/2019\/wp-json\/wp\/v2\/media\/18470"}],"wp:attachment":[{"href":"https:\/\/jorgezanoni.com.br\/2019\/wp-json\/wp\/v2\/media?parent=18469"}],"wp:term":[{"taxonomy":"category","embeddable":true,"href":"https:\/\/jorgezanoni.com.br\/2019\/wp-json\/wp\/v2\/categories?post=18469"},{"taxonomy":"post_tag","embeddable":true,"href":"https:\/\/jorgezanoni.com.br\/2019\/wp-json\/wp\/v2\/tags?post=18469"}],"curies":[{"name":"wp","href":"https:\/\/api.w.org\/{rel}","templated":true}]}}