{"id":18466,"date":"2020-02-11T12:22:25","date_gmt":"2020-02-11T12:22:25","guid":{"rendered":"https:\/\/jorgezanoni.com.br\/2019\/?p=18466"},"modified":"2020-02-11T12:22:25","modified_gmt":"2020-02-11T12:22:25","slug":"chuva-abre-cratera-na-pista-e-engole-carro-e-caminhao-uma-pessoa-morreu","status":"publish","type":"post","link":"https:\/\/jorgezanoni.com.br\/2019\/chuva-abre-cratera-na-pista-e-engole-carro-e-caminhao-uma-pessoa-morreu\/","title":{"rendered":"Chuva abre cratera na pista e \u2018engole\u2019 carro e caminh\u00e3o, uma pessoa morreu"},"content":{"rendered":"<p style=\"text-align: justify;\"><strong>A chuva que atingiu a regi\u00e3o de Mar\u00edlia (SP) na madrugada desta ter\u00e7a-feira (11) abriu uma cratera na Rodovia Leonor Mendes de Barros (SP-333) e um caminh\u00e3o e um carro foram \u201cengolidos\u201d pelo buraco, em J\u00falio Mesquita (SP). Uma pessoa morreu.<\/strong><\/p>\n<div data-block-type=\"unstyled\" data-block-weight=\"35\" data-block-id=\"3\">\n<p style=\"text-align: justify;\" data-track-category=\"Link no Texto\" data-track-links=\"\">Segundo a Pol\u00edcia Rodovi\u00e1ria, o caminh\u00e3o parou pr\u00f3ximo do local onde a cratera se abriu, no quil\u00f4metro 308, e tamb\u00e9m cedeu. O motorista conseguiu sair do ve\u00edculo e n\u00e3o sofreu les\u00f5es, segundo a pol\u00edcia.<\/p>\n<\/div>\n<div style=\"text-align: justify;\" data-block-type=\"unstyled\" data-block-weight=\"38\" data-block-id=\"4\">\n<p data-track-category=\"Link no Texto\" data-track-links=\"\">Na manh\u00e3 desta ter\u00e7a, quando a \u00e1gua abaixou, a pol\u00edcia e o Corpo de Bombeiros perceberam que um carro tamb\u00e9m caiu no buraco e que havia uma pessoa morta. A rodovia foi interditada em ambos os sentidos.<\/p>\n<\/div>\n<div style=\"text-align: justify;\" data-block-type=\"unstyled\" data-block-weight=\"43\" data-block-id=\"5\">\n<p data-track-category=\"Link no Texto\" data-track-links=\"\">A concession\u00e1ria que administra a rodovia confirmou a morte do funcion\u00e1rio, que estava trabalhando e que um carro da empresa caiu na cratera. Ainda conforme a empresa, um duto de \u00e1gua que passa sob a rodovia cedeu e causou o desabamento da pavimenta\u00e7\u00e3o.<\/p>\n<\/div>\n<div data-block-type=\"unstyled\" data-block-weight=\"47\" data-block-id=\"6\">\n<p style=\"text-align: justify;\" data-track-category=\"Link no Texto\" data-track-links=\"\">Um dia antes, um acidente parecido foi registrado na Rodovia Marechal Rondon (SP-300), em Botucatu (SP). Um caminh\u00e3o caiu no buraco aberto na pista, que continua interditada nos dois sentidos no quil\u00f4metro 258. O motorista foi encontrado morto a cerca de 1,3 quil\u00f4metro do lugar onde caiu.<\/p>\n<p style=\"text-align: justify;\">Rota alternativa<\/p>\n<div style=\"text-align: justify;\" data-block-type=\"unstyled\" data-block-weight=\"28\" data-block-id=\"10\">\n<p data-track-category=\"Link no Texto\" data-track-links=\"\">Segundo a concession\u00e1ria, para quem trafega sentido Mar\u00edlia \u2013 J\u00falio Mesquita, deve desviar pela Rodovia Transbrasiliana (BR-153), acessando a Rodovia Marechal Rondon (SP-300) no quil\u00f4metro 447, em Lins.<\/p>\n<\/div>\n<div style=\"text-align: justify;\" data-block-type=\"unstyled\" data-block-weight=\"33\" data-block-id=\"11\">\n<p data-track-category=\"Link no Texto\" data-track-links=\"\">J\u00e1 para quem segue de J\u00falio Mesquita para Mar\u00edlia deve acessar a Rodovia da Comunidade (SP-349), seguindo sentido \u00c1lvaro de Carvalho \u2013 Gar\u00e7a e acessando a Rodovia Comandante Jo\u00e3o Ribeiro de Barros (SP-294).<\/p>\n<\/div>\n<div style=\"text-align: justify;\" data-block-type=\"unstyled\" data-block-weight=\"21\" data-block-id=\"12\">\n<p data-track-category=\"Link no Texto\" data-track-links=\"\">O local est\u00e1 sinalizado por uma equipe da concession\u00e1ria, que permanecer\u00e1 24 horas, orientando e desviando o tr\u00e2nsito, conforme a necessidade.<\/p>\n<\/div>\n<div data-block-type=\"unstyled\" data-block-weight=\"17\" data-block-id=\"13\">\n<p style=\"text-align: justify;\" data-track-category=\"Link no Texto\" data-track-links=\"\">A vicinal Guaimb\u00ea-J\u00falio Mesquita n\u00e3o est\u00e1 sendo utilizada como desvio, pois tamb\u00e9m est\u00e1 interditada por eros\u00e3o.<\/p>\n<p style=\"text-align: justify;\" data-track-category=\"Link no Texto\" data-track-links=\"\">Fonte: G1<\/p>\n<\/div>\n<\/div>\n","protected":false},"excerpt":{"rendered":"<p>A chuva que atingiu a regi\u00e3o de Mar\u00edlia (SP) na madrugada desta ter\u00e7a-feira (11) abriu uma cratera na Rodovia Leonor Mendes de Barros (SP-333) e um caminh\u00e3o e um carro foram \u201cengolidos\u201d pelo buraco, em J\u00falio Mesquita (SP). Uma pessoa morreu. Segundo a Pol\u00edcia Rodovi\u00e1ria, o caminh\u00e3o parou pr\u00f3ximo do local onde a cratera se [&hellip;]<\/p>\n","protected":false},"author":1,"featured_media":18467,"comment_status":"closed","ping_status":"open","sticky":false,"template":"","format":"standard","meta":{"footnotes":""},"categories":[114,110],"tags":[],"class_list":["post-18466","post","type-post","status-publish","format-standard","has-post-thumbnail","hentry","category-geralecomercio","category-noticiasdestaque"],"_links":{"self":[{"href":"https:\/\/jorgezanoni.com.br\/2019\/wp-json\/wp\/v2\/posts\/18466","targetHints":{"allow":["GET"]}}],"collection":[{"href":"https:\/\/jorgezanoni.com.br\/2019\/wp-json\/wp\/v2\/posts"}],"about":[{"href":"https:\/\/jorgezanoni.com.br\/2019\/wp-json\/wp\/v2\/types\/post"}],"author":[{"embeddable":true,"href":"https:\/\/jorgezanoni.com.br\/2019\/wp-json\/wp\/v2\/users\/1"}],"replies":[{"embeddable":true,"href":"https:\/\/jorgezanoni.com.br\/2019\/wp-json\/wp\/v2\/comments?post=18466"}],"version-history":[{"count":0,"href":"https:\/\/jorgezanoni.com.br\/2019\/wp-json\/wp\/v2\/posts\/18466\/revisions"}],"wp:featuredmedia":[{"embeddable":true,"href":"https:\/\/jorgezanoni.com.br\/2019\/wp-json\/wp\/v2\/media\/18467"}],"wp:attachment":[{"href":"https:\/\/jorgezanoni.com.br\/2019\/wp-json\/wp\/v2\/media?parent=18466"}],"wp:term":[{"taxonomy":"category","embeddable":true,"href":"https:\/\/jorgezanoni.com.br\/2019\/wp-json\/wp\/v2\/categories?post=18466"},{"taxonomy":"post_tag","embeddable":true,"href":"https:\/\/jorgezanoni.com.br\/2019\/wp-json\/wp\/v2\/tags?post=18466"}],"curies":[{"name":"wp","href":"https:\/\/api.w.org\/{rel}","templated":true}]}}