{"id":18425,"date":"2020-02-11T01:12:34","date_gmt":"2020-02-11T01:12:34","guid":{"rendered":"https:\/\/jorgezanoni.com.br\/2019\/?p=18425"},"modified":"2020-02-11T01:12:34","modified_gmt":"2020-02-11T01:12:34","slug":"policia-militar-prende-homem-por-flagrante-de-furto-em-dracena-e-devolve-produto-a-vitima","status":"publish","type":"post","link":"https:\/\/jorgezanoni.com.br\/2019\/policia-militar-prende-homem-por-flagrante-de-furto-em-dracena-e-devolve-produto-a-vitima\/","title":{"rendered":"Pol\u00edcia Militar prende homem por flagrante de furto em Dracena e devolve produto a v\u00edtima"},"content":{"rendered":"<p style=\"text-align: justify;\">POL\u00cdCIA MILITAR PRENDE HOMEM POR FLAGRANTE DE FURTO EM DRACENA E DEVOLVE PRODUTO \u00c0 V\u00cdTIMA.<\/p>\n<p style=\"text-align: justify;\">Na data de hoje (10) por volta das 01h23min a equipe da Pol\u00edcia Militar realizava patrulhamento momento que recebeu informa\u00e7\u00f5es via COPOM de furto em andamento na Vila Luc\u00e9lia na cidade de Dracena, em que dois indiv\u00edduos teriam pulado um muro e retirado da \u00e1rea de uma resid\u00eancia duas cadeiras de \u00e1rea e tomado sentido ao bairro Jardim Brasil\u00e2ndia e juntamente com outra equipe policial fo<span class=\"text_exposed_show\">i realizado patrulhamento e localizado um indiv\u00edduo (40 anos) com uma cadeira pela rua \u00c9rico Verissimo, sendo abordado e questionado, vindo a confessar que junto com outro rapaz que n\u00e3o sabe o nome pularam o muro e furtaram as cadeiras. No local dos fatos a v\u00edtima reconheceu de pronto o objeto furtado e foi dado voz de pris\u00e3o pelo crime, ficando a preso \u00e0 disposi\u00e7\u00e3o da Justi\u00e7a.<\/span><\/p>\n<div class=\"text_exposed_show\">\n<p style=\"text-align: justify;\"><a class=\"_58cn\" href=\"https:\/\/www.facebook.com\/hashtag\/25bpmi?source=feed_text&amp;epa=HASHTAG&amp;__xts__%5B0%5D=68.ARCXVqOaIlN133WtAFN_xEVtrXFrQaiceNxwFOnVKEzhfUHZy9E4tMIlqNQrF6IGDnmU9PKLURNfuSwMNwPNwxfH1xqPHmhG7wWWgZCrthXl35gEbLyyBa5Cf4b58QjSseNObWRnYjuBsJj2Lp6xfpKKp3-EBYWHLkw1sYJTa5hJxotlA7fDiaWTzf3b5xF7QAPbRkNZgxWBZLFhs6f6VFOHtP5RsKS8maU-WuxKSV4NVm8GotQsHNUkoE1kgyRdh7DWEq8ixSE6CSRAoPdmMwyi9WQWun4Idb5thNRa4NEGXfIylXgJMDXce3yPDIQDKxq2It2-eMEeWI40LH8Ul9c&amp;__tn__=%2ANK-R\" data-ft=\"{&quot;type&quot;:104,&quot;tn&quot;:&quot;*N&quot;}\"><span class=\"_5afx\"><span class=\"_58cl _5afz\" aria-label=\"hashtag\">#<\/span><span class=\"_58cm\">25BPMI<\/span><\/span><\/a><br \/>\n<a class=\"_58cn\" href=\"https:\/\/www.facebook.com\/hashtag\/policiamilitarsp?source=feed_text&amp;epa=HASHTAG&amp;__xts__%5B0%5D=68.ARCXVqOaIlN133WtAFN_xEVtrXFrQaiceNxwFOnVKEzhfUHZy9E4tMIlqNQrF6IGDnmU9PKLURNfuSwMNwPNwxfH1xqPHmhG7wWWgZCrthXl35gEbLyyBa5Cf4b58QjSseNObWRnYjuBsJj2Lp6xfpKKp3-EBYWHLkw1sYJTa5hJxotlA7fDiaWTzf3b5xF7QAPbRkNZgxWBZLFhs6f6VFOHtP5RsKS8maU-WuxKSV4NVm8GotQsHNUkoE1kgyRdh7DWEq8ixSE6CSRAoPdmMwyi9WQWun4Idb5thNRa4NEGXfIylXgJMDXce3yPDIQDKxq2It2-eMEeWI40LH8Ul9c&amp;__tn__=%2ANK-R\" data-ft=\"{&quot;type&quot;:104,&quot;tn&quot;:&quot;*N&quot;}\"><span class=\"_5afx\"><span class=\"_58cl _5afz\" aria-label=\"hashtag\">#<\/span><span class=\"_58cm\">POLICIAMILITARSP<\/span><\/span><\/a><br \/>\n<a class=\"_58cn\" href=\"https:\/\/www.facebook.com\/hashtag\/afor%C3%A7ap%C3%BAblicades%C3%A3opaulo?source=feed_text&amp;epa=HASHTAG&amp;__xts__%5B0%5D=68.ARCXVqOaIlN133WtAFN_xEVtrXFrQaiceNxwFOnVKEzhfUHZy9E4tMIlqNQrF6IGDnmU9PKLURNfuSwMNwPNwxfH1xqPHmhG7wWWgZCrthXl35gEbLyyBa5Cf4b58QjSseNObWRnYjuBsJj2Lp6xfpKKp3-EBYWHLkw1sYJTa5hJxotlA7fDiaWTzf3b5xF7QAPbRkNZgxWBZLFhs6f6VFOHtP5RsKS8maU-WuxKSV4NVm8GotQsHNUkoE1kgyRdh7DWEq8ixSE6CSRAoPdmMwyi9WQWun4Idb5thNRa4NEGXfIylXgJMDXce3yPDIQDKxq2It2-eMEeWI40LH8Ul9c&amp;__tn__=%2ANK-R\" data-ft=\"{&quot;type&quot;:104,&quot;tn&quot;:&quot;*N&quot;}\"><span class=\"_5afx\"><span class=\"_58cl _5afz\" aria-label=\"hashtag\">#<\/span><span class=\"_58cm\">AFOR\u00c7AP\u00daBLICADES\u00c3OPAULO<\/span><\/span><\/a><br \/>\nFonte: COMUNICA\u00c7\u00c3O SOCIAL DO 25 BPM\/I e regi\u00e3o<\/p>\n<\/div>\n","protected":false},"excerpt":{"rendered":"<p>POL\u00cdCIA MILITAR PRENDE HOMEM POR FLAGRANTE DE FURTO EM DRACENA E DEVOLVE PRODUTO \u00c0 V\u00cdTIMA. Na data de hoje (10) por volta das 01h23min a equipe da Pol\u00edcia Militar realizava patrulhamento momento que recebeu informa\u00e7\u00f5es via COPOM de furto em andamento na Vila Luc\u00e9lia na cidade de Dracena, em que dois indiv\u00edduos teriam pulado um [&hellip;]<\/p>\n","protected":false},"author":1,"featured_media":18426,"comment_status":"closed","ping_status":"open","sticky":false,"template":"","format":"standard","meta":{"footnotes":""},"categories":[2],"tags":[],"class_list":["post-18425","post","type-post","status-publish","format-standard","has-post-thumbnail","hentry","category-policial"],"_links":{"self":[{"href":"https:\/\/jorgezanoni.com.br\/2019\/wp-json\/wp\/v2\/posts\/18425","targetHints":{"allow":["GET"]}}],"collection":[{"href":"https:\/\/jorgezanoni.com.br\/2019\/wp-json\/wp\/v2\/posts"}],"about":[{"href":"https:\/\/jorgezanoni.com.br\/2019\/wp-json\/wp\/v2\/types\/post"}],"author":[{"embeddable":true,"href":"https:\/\/jorgezanoni.com.br\/2019\/wp-json\/wp\/v2\/users\/1"}],"replies":[{"embeddable":true,"href":"https:\/\/jorgezanoni.com.br\/2019\/wp-json\/wp\/v2\/comments?post=18425"}],"version-history":[{"count":0,"href":"https:\/\/jorgezanoni.com.br\/2019\/wp-json\/wp\/v2\/posts\/18425\/revisions"}],"wp:featuredmedia":[{"embeddable":true,"href":"https:\/\/jorgezanoni.com.br\/2019\/wp-json\/wp\/v2\/media\/18426"}],"wp:attachment":[{"href":"https:\/\/jorgezanoni.com.br\/2019\/wp-json\/wp\/v2\/media?parent=18425"}],"wp:term":[{"taxonomy":"category","embeddable":true,"href":"https:\/\/jorgezanoni.com.br\/2019\/wp-json\/wp\/v2\/categories?post=18425"},{"taxonomy":"post_tag","embeddable":true,"href":"https:\/\/jorgezanoni.com.br\/2019\/wp-json\/wp\/v2\/tags?post=18425"}],"curies":[{"name":"wp","href":"https:\/\/api.w.org\/{rel}","templated":true}]}}