{"id":18407,"date":"2020-02-10T23:54:30","date_gmt":"2020-02-10T23:54:30","guid":{"rendered":"https:\/\/jorgezanoni.com.br\/2019\/?p=18407"},"modified":"2020-02-10T23:54:30","modified_gmt":"2020-02-10T23:54:30","slug":"dracena-tempersul-intelli-inicia-a-pre-temporada","status":"publish","type":"post","link":"https:\/\/jorgezanoni.com.br\/2019\/dracena-tempersul-intelli-inicia-a-pre-temporada\/","title":{"rendered":"Dracena Tempersul Intelli inicia a pr\u00e9-temporada"},"content":{"rendered":"<p style=\"font-weight: 400; text-align: justify;\">Nesta segunda-feira (10), os atletas e comiss\u00e3o t\u00e9cnica do Dracena Tempersul Intelli iniciaram os trabalhos visando a temporada 2020, oportunidade em que ser\u00e3o disputadas a Liga Nacional, a Liga Paulista e a Copa Paulista, al\u00e9m de competi\u00e7\u00f5es representando o munic\u00edpio.<\/p>\n<p style=\"font-weight: 400; text-align: justify;\">No gin\u00e1sio Dovilho Moura, os novos integrantes da equipe e remanescentes da temporada anterior foram oficialmente apresentados ao presidente do time, Lucas Batista, ao supervisor Cid\u00e3o e ao Prefeito de Dracena, Juliano Bertolini, que fez quest\u00e3o de acompanhar essa primeira atividade.<\/p>\n<p style=\"font-weight: 400; text-align: justify;\">Sob comando do preparador f\u00edsico Vitor Vianna e da fisioterapeuta Ludmila Castro, os atletas passaram por avalia\u00e7\u00e3o antropom\u00e9trica, com medi\u00e7\u00e3o de peso, estatura, \u00edndice de massa corporal (IMC), entre outros. \u00c0 tarde, no gin\u00e1sio Alaor Ferrari, ser\u00e1 a vez do testar os saltos horizontais e os tiros de 20 metros.<\/p>\n<p style=\"font-weight: 400; text-align: justify;\">&#8220;Ininiamos com os testes f\u00edsicos, at\u00e9 quarta-feira. Nesses testes iremos avaliar porcentagem de gordura dos atletas e peso, for\u00e7a, agilidade, pot\u00eancia e VO2, juntamente associado ao trabalho da fisioterapeuta com avalia\u00e7\u00f5es de flexibilidade, coordena\u00e7\u00e3o e avalia\u00e7\u00f5es ortop\u00e9dicas&#8221;, analisou Vianna.<\/p>\n<p style=\"font-weight: 400; text-align: justify;\"><strong>ELENCO 2020<\/strong><\/p>\n<p style=\"font-weight: 400; text-align: justify;\">Goleiros: Velloso, 30 anos, na Intelli desde 2018; Pedrinho, 23 anos, ex- Magnus Sorocaba; Luiz Vomstein, 17 anos, categorias de base da Prefeitura de Dracena.<\/p>\n<p style=\"font-weight: 400; text-align: justify;\">Fixos: Gu Cardoso, 23 anos, na Intelli desde 2018; Paulo Victor, 31 anos, no Dracena Tempersul desde 2016; Bruno Koslovski, 25 anos, ex-FIB Bauru.<\/p>\n<p style=\"font-weight: 400; text-align: justify;\">Alas: Tatinho, 27 anos, no Dracena Tempersul desde 2016; Sandrinho, 23 anos, no Dracena Tempersul desde 2019; Dario, 31 anos; no Dracena Tempersul desde 2019; Marcelinho, 23 anos, no Dracena desde 2018; Lucas Freitas, 20 anos, ex-Pulo do Gato; Jo\u00e3ozinho, 20 anos, ex-Corinthians; Felipe Reis, 26 anos, na Intelli desde 2019; Nen\u00ea, 26 anos, ex-Campo Mour\u00e3o.<\/p>\n<p style=\"font-weight: 400; text-align: justify;\">Ala-piv\u00f4: Rodrigo Gomes, 27 anos, no Dracena Tempersul desde 2019.<\/p>\n<p style=\"font-weight: 400; text-align: justify;\">Piv\u00f4: Vitinho, 24 anos, no Dracena desde 2017.<\/p>\n<p style=\"font-weight: 400; text-align: justify;\"><strong>COMISS\u00c3O T\u00c9CNICA 2020<\/strong><\/p>\n<p style=\"font-weight: 400; text-align: justify;\">Supervisor: Aparecido Donizete Silva (Cid\u00e3o);<\/p>\n<p style=\"font-weight: 400; text-align: justify;\">T\u00e9cnico: Bruno Silva, na Intelli desde 2014;<\/p>\n<p style=\"font-weight: 400; text-align: justify;\">Preparador F\u00edsico: Vitor Vianna, ex-Indaiatuba;<\/p>\n<p style=\"font-weight: 400; text-align: justify;\">Preparador de goleiros: K Ynha, na Intelli desde 2019;<\/p>\n<p style=\"font-weight: 400; text-align: justify;\">Fisioterapeuta: Ludmila Castro, ex-FIB Bauru;<\/p>\n<p style=\"font-weight: 400; text-align: justify;\">Mordomo: Leo Ceber, no Dracena Temprsul desde 2019.<\/p>\n<p style=\"text-align: justify;\">Fonte: Assessoria de Imprensa<\/p>\n","protected":false},"excerpt":{"rendered":"<p>Nesta segunda-feira (10), os atletas e comiss\u00e3o t\u00e9cnica do Dracena Tempersul Intelli iniciaram os trabalhos visando a temporada 2020, oportunidade em que ser\u00e3o disputadas a Liga Nacional, a Liga Paulista e a Copa Paulista, al\u00e9m de competi\u00e7\u00f5es representando o munic\u00edpio. No gin\u00e1sio Dovilho Moura, os novos integrantes da equipe e remanescentes da temporada anterior foram [&hellip;]<\/p>\n","protected":false},"author":1,"featured_media":18410,"comment_status":"closed","ping_status":"open","sticky":false,"template":"","format":"standard","meta":{"footnotes":""},"categories":[111],"tags":[],"class_list":["post-18407","post","type-post","status-publish","format-standard","has-post-thumbnail","hentry","category-esporteecultura"],"_links":{"self":[{"href":"https:\/\/jorgezanoni.com.br\/2019\/wp-json\/wp\/v2\/posts\/18407","targetHints":{"allow":["GET"]}}],"collection":[{"href":"https:\/\/jorgezanoni.com.br\/2019\/wp-json\/wp\/v2\/posts"}],"about":[{"href":"https:\/\/jorgezanoni.com.br\/2019\/wp-json\/wp\/v2\/types\/post"}],"author":[{"embeddable":true,"href":"https:\/\/jorgezanoni.com.br\/2019\/wp-json\/wp\/v2\/users\/1"}],"replies":[{"embeddable":true,"href":"https:\/\/jorgezanoni.com.br\/2019\/wp-json\/wp\/v2\/comments?post=18407"}],"version-history":[{"count":0,"href":"https:\/\/jorgezanoni.com.br\/2019\/wp-json\/wp\/v2\/posts\/18407\/revisions"}],"wp:featuredmedia":[{"embeddable":true,"href":"https:\/\/jorgezanoni.com.br\/2019\/wp-json\/wp\/v2\/media\/18410"}],"wp:attachment":[{"href":"https:\/\/jorgezanoni.com.br\/2019\/wp-json\/wp\/v2\/media?parent=18407"}],"wp:term":[{"taxonomy":"category","embeddable":true,"href":"https:\/\/jorgezanoni.com.br\/2019\/wp-json\/wp\/v2\/categories?post=18407"},{"taxonomy":"post_tag","embeddable":true,"href":"https:\/\/jorgezanoni.com.br\/2019\/wp-json\/wp\/v2\/tags?post=18407"}],"curies":[{"name":"wp","href":"https:\/\/api.w.org\/{rel}","templated":true}]}}