{"id":18392,"date":"2020-02-10T17:44:08","date_gmt":"2020-02-10T17:44:08","guid":{"rendered":"https:\/\/jorgezanoni.com.br\/2019\/?p=18392"},"modified":"2020-02-10T17:44:08","modified_gmt":"2020-02-10T17:44:08","slug":"chuva-faz-rios-transbordarem-causa-dezenas-de-alagamentos-e-trava-sao-paulo","status":"publish","type":"post","link":"https:\/\/jorgezanoni.com.br\/2019\/chuva-faz-rios-transbordarem-causa-dezenas-de-alagamentos-e-trava-sao-paulo\/","title":{"rendered":"Chuva faz rios transbordarem, causa dezenas de alagamentos e trava S\u00e3o Paulo"},"content":{"rendered":"<h2 class=\"content-head__subtitle\" style=\"text-align: justify;\"><strong>Temporal na cidade \u00e9 a maior em 24 horas para o m\u00eas de fevereiro em 37 anos. Rios Tiet\u00ea e Pinheiros transbordaram. Rod\u00edzio de ve\u00edculos foi suspenso.<\/strong><\/h2>\n<div class=\"mc-column content-text active-extra-styles \" data-block-type=\"unstyled\" data-block-weight=\"26\" data-block-id=\"2\">\n<p class=\"content-text__container \" style=\"text-align: justify;\" data-track-category=\"Link no Texto\" data-track-links=\"\">A chuva que come\u00e7ou a atingir a cidade de S\u00e3o Paulo neste domingo (9) causou estragos vis\u00edveis nas primeiras horas da manh\u00e3 desta segunda-feira (10).<\/p>\n<\/div>\n<div class=\"wall protected-content\">\n<div class=\"mc-column content-text active-extra-styles \" style=\"text-align: justify;\" data-block-type=\"unstyled\" data-block-weight=\"53\" data-block-id=\"3\">\n<p class=\"content-text__container \" data-track-category=\"Link no Texto\" data-track-links=\"\">As Marginais Tiet\u00ea e Pinheiros tiveram trechos intransit\u00e1veis por causa dos transbordamentos dos respectivos rios. A circula\u00e7\u00e3o dos transportes p\u00fablicos (\u00f4nibus, metr\u00f4 e trens) foi comprometida e a prefeitura\u00a0<a href=\"https:\/\/g1.globo.com\/sp\/sao-paulo\/noticia\/2020\/02\/10\/rodizio-de-carros-e-suspenso-em-manha-de-chuva-e-alagamentos-em-sp.ghtml\">suspendeu o rod\u00edzio de ve\u00edculos<\/a>. A recomenda\u00e7\u00e3o dos Bombeiros e da Defesa Civil do Estado \u00e9 que as pessoas evitem sair de casa.<\/p>\n<\/div>\n<div class=\"mc-column content-text active-extra-styles \" style=\"text-align: justify;\" data-block-type=\"unstyled\" data-block-weight=\"23\" data-block-id=\"4\">\n<p class=\"content-text__container \" data-track-category=\"Link no Texto\" data-track-links=\"\">O governo e a Prefeitura de S\u00e3o Paulo\u00a0<a href=\"https:\/\/g1.globo.com\/sp\/sao-paulo\/noticia\/2020\/02\/10\/governo-e-prefeitura-culpam-chuva-excessiva-por-transtornos-em-sao-paulo.ghtml\">responsabilizaram a chuva excessiva<\/a>\u00a0pelos in\u00fameros transtornos provocados na cidade na manh\u00e3 desta segunda-feira (10).<\/p>\n<\/div>\n<div class=\"mc-column content-text active-extra-styles\" style=\"text-align: justify;\" data-block-type=\"raw\" data-block-weight=\"47\" data-block-id=\"5\">\n<blockquote class=\"content-blockquote theme-border-color-primary-before\"><p>&#8220;\u00c9 uma cidade extremamente impermeabilizada, n\u00e3o h\u00e1 absor\u00e7\u00e3o. Os sistemas de piscin\u00e3o funcionaram at\u00e9 o limite, os sistemas de bombeamento funcionaram at\u00e9 o limite, mas o que ocorreu foi: excesso de chuva em um per\u00edodo pequeno&#8221;, disse o Secret\u00e1rio Estadual de Infraestrutura e Meio Ambiente, Marcos Penido.<\/p><\/blockquote>\n<\/div>\n<div class=\"mc-column content-text active-extra-styles \" data-block-type=\"unstyled\" data-block-weight=\"37\" data-block-id=\"6\">\n<p class=\"content-text__container \" style=\"text-align: justify;\" data-track-category=\"Link no Texto\" data-track-links=\"\">O\u00a0<a href=\"https:\/\/g1.globo.com\/sp\/sao-paulo\/noticia\/2020\/02\/10\/prefeito-diz-que-excesso-de-chuva-causou-alagamentos-em-sp-e-que-populacao-prejudicada-pode-pedir-ressarcimento-no-iptu-de-2021.ghtml\">prefeito de S\u00e3o Paulo, Bruno Covas<\/a>, declarou que os moradores da cidade que se sentirem prejudicados pelos alagamentos\u00a0<strong>podem pedir ressarcimento de impostos nas Subprefeituras<\/strong>. Os valores, segundo o prefeito, ser\u00e3o ressarcidos no IPTU de 2021.<\/p>\n<div class=\"mc-column content-text active-extra-styles \" style=\"text-align: justify;\" data-block-type=\"unstyled\" data-block-weight=\"6\" data-block-id=\"9\">\n<p class=\"content-text__container \" data-track-category=\"Link no Texto\" data-track-links=\"\"><a href=\"https:\/\/g1.globo.com\/sp\/sao-paulo\/ao-vivo\/chuva-causa-alagamentos-em-sao-paulo.ghtml\">ACOMPANHE A COBERTURA EM TEMPO REAL<\/a><\/p>\n<\/div>\n<div class=\"mc-column content-text active-extra-styles \" style=\"text-align: justify;\" data-block-type=\"unstyled\" data-block-weight=\"8\" data-block-id=\"10\">\n<p class=\"content-text__container \" data-track-category=\"Link no Texto\" data-track-links=\"\"><a href=\"https:\/\/g1.globo.com\/sp\/sao-paulo\/noticia\/2020\/02\/10\/antes-e-depois-fotos-mostram-como-ficaram-areas-atingidas-pela-chuva-em-sp-nesta-segunda-feira.ghtml\">ANTES E DEPOIS: VEJA COMO \u00c1REAS ALAGADAS FICARAM<\/a><\/p>\n<\/div>\n<div class=\"mc-column content-text active-extra-styles \" style=\"text-align: justify;\" data-block-type=\"unstyled\" data-block-weight=\"7\" data-block-id=\"11\">\n<p class=\"content-text__container \" data-track-category=\"Link no Texto\" data-track-links=\"\"><a href=\"https:\/\/g1.globo.com\/sp\/sao-paulo\/edicao\/2020\/02\/10\/chuvas-em-sao-paulo-interdita-vias-e-deixa-ruas-alagadas.ghtml#video-8308799-id\">V\u00cdTIMAS S\u00c3O RESGATADAS DE BOTE; VEJA V\u00cdDEOS<\/a><\/p>\n<\/div>\n<div class=\"mc-column content-text active-extra-styles \" style=\"text-align: justify;\" data-block-type=\"unstyled\" data-block-weight=\"7\" data-block-id=\"12\">\n<p class=\"content-text__container \" data-track-category=\"Link no Texto\" data-track-links=\"\"><a href=\"https:\/\/g1.globo.com\/sp\/sao-paulo\/noticia\/2020\/02\/10\/chuva-causa-alagamentos-em-sao-paulo-veja-fotos.ghtml\">VEJA AS FOTOS DA CAPITAL DEBAIXO D\u00b4\u00c1GUA<\/a><\/p>\n<\/div>\n<div class=\"mc-column content-text active-extra-styles\" style=\"text-align: justify;\" data-block-type=\"raw\" data-block-weight=\"1\" data-block-id=\"13\">\n<div class=\"content-intertitle\">\n<h2>Resumo:<\/h2>\n<\/div>\n<\/div>\n<div class=\"mc-column content-text active-extra-styles\" style=\"text-align: justify;\" data-block-type=\"raw\" data-block-weight=\"230\" data-block-id=\"14\">\n<ul class=\"content-unordered-list\">\n<li><strong>Fevereiro:<\/strong>\u00a0chuva em SP \u00e9\u00a0<a href=\"https:\/\/g1.globo.com\/sp\/sao-paulo\/noticia\/2020\/02\/10\/mirante-de-santana-na-zona-norte-de-sp-tem-2a-maior-quantidade-de-chuva-em-24-horas-para-o-mes-de-fevereiro.ghtml\">a maior em 24 horas<\/a>\u00a0para o m\u00eas em 37 anos;<\/li>\n<li><strong>Rod\u00edzio de ve\u00edculos:<\/strong>\u00a0<a href=\"https:\/\/g1.globo.com\/sp\/sao-paulo\/noticia\/2020\/02\/10\/rodizio-de-carros-e-suspenso-em-manha-de-chuva-e-alagamentos-em-sp.ghtml\">suspenso por todo o dia<\/a>;<\/li>\n<li><strong>Marginais:<\/strong>\u00a0Tiet\u00ea e Pinheiros chegaram a ficar fechadas em\u00a0<a href=\"https:\/\/g1.globo.com\/sp\/sao-paulo\/noticia\/2020\/02\/10\/veja-pontos-de-alagamentos-em-manha-de-chuva-em-sp.ghtml\">pontos com alagamento<\/a>;<\/li>\n<li><strong>Chegada a S\u00e3o Paulo:<\/strong>\u00a0rodovias Carvalho Pinto e Dutra registraram congestionamento; a situa\u00e7\u00e3o era a mesma na Castello Branco e na Imigrantes;<\/li>\n<li><strong>Congestionamento:<\/strong>\u00a0por volta de 8h, havia 89 km de lentid\u00e3o em toda cidade;<\/li>\n<li><strong>Trens:<\/strong>\u00a0a linha 9 da CPTM est\u00e1 operando parcialmente ap\u00f3s ficar quase toda a manh\u00e3 parada \u2014 a 8 ficou paralisada por algumas horas e tamb\u00e9m opera parcialmente;<\/li>\n<li><strong>Metr\u00f4:\u00a0<\/strong>opera normalmente;<\/li>\n<li><strong>Aeroportos:<\/strong>\u00a0<a href=\"https:\/\/g1.globo.com\/sp\/sao-paulo\/ao-vivo\/chuva-causa-alagamentos-em-sao-paulo.ghtml?postId=42234526-1cfe-4005-9ef5-e80d7d418083\">Guarulhos e Congonhas<\/a>\u00a0tiveram voos cancelados;<\/li>\n<li><strong>Ocorr\u00eancias:<\/strong>\u00a0os Bombeiros registraram, da meia-noite \u00e0s 11h30, na Grande S\u00e3o Paulo, 796 acionamentos por enchentes, 120 quedas de \u00e1rvores e 140 desabamentos\/desmoronamentos;<\/li>\n<li><strong>Deslizamentos de terras:<\/strong>\u00a0uma\u00a0<a href=\"https:\/\/g1.globo.com\/sp\/sao-paulo\/noticia\/2020\/02\/10\/chuva-provoca-deslizamento-de-terra-em-osasco.ghtml\">menina soterrada foi resgatada com vida<\/a>\u00a0em Osasco, e um\u00a0<a href=\"https:\/\/g1.globo.com\/sp\/sao-paulo\/noticia\/2020\/02\/10\/deslizamento-de-terra-atinge-onibus-na-zona-norte-de-sp.ghtml\">\u00f4nibus foi atingido<\/a>\u00a0na Avenida Coronel Sezefredo Fagundes, na capital;<\/li>\n<li><strong>\u00d3rg\u00e3os p\u00fablicos:\u00a0<\/strong>o Tribunal de Justi\u00e7a de S\u00e3o Paulo suspendeu o expediente em todas as unidades judiciais da comarca da Capital. O Tribunal Regional do Trabalho da 2\u00aa Regi\u00e3o (TRT-2) tamb\u00e9m n\u00e3o ter\u00e1 expediente nem atendimento. Tamb\u00e9m n\u00e3o haver\u00e1 atendimento na Superintend\u00eancia Regional da Pol\u00edcia Federal em S\u00e3o Paulo;<\/li>\n<li><strong>Escolas:<\/strong>\u00a0a Secretaria de Educa\u00e7\u00e3o do Estado suspendeu as aulas em 37 das 5,1 mil unidades de toda a rede. Institui\u00e7\u00f5es particulares tamb\u00e9m cancelaram aulas.<\/li>\n<\/ul>\n<\/div>\n<div class=\"mc-column content-text active-extra-styles \" style=\"text-align: justify;\" data-block-type=\"unstyled\" data-block-weight=\"57\" data-block-id=\"15\">\n<p class=\"content-text__container \" data-track-category=\"Link no Texto\" data-track-links=\"\">As Marginais Tiet\u00ea e Pinheiros chegaram a ficar fechadas em pontos com alagamento. Na Tiet\u00ea, o ponto cr\u00edtico foi na altura da ponte da Casa Verde, sentido Cebol\u00e3o. \u00c0s 11h20, a Tiet\u00ea foi liberada pr\u00f3ximo \u00e0 Ponte do Lim\u00e3o, na pista expressa sentido Ayrton Sena, e a Pinheiros foi liberada junto \u00e0 Ponte Engenheiro Roberto, sentido Interlagos.<\/p>\n<\/div>\n<div class=\"mc-column content-text active-extra-styles \" style=\"text-align: justify;\" data-block-type=\"unstyled\" data-block-weight=\"36\" data-block-id=\"17\">\n<p class=\"content-text__container \" data-track-category=\"Link no Texto\" data-track-links=\"\">O rio Pinheiros, que corta a cidade de S\u00e3o Paulo,\u00a0<a href=\"https:\/\/g1.globo.com\/sp\/sao-paulo\/noticia\/2020\/02\/10\/rio-pinheiros-nao-transbordava-na-cidade-de-sp-devido-as-chuvas-nos-ultimos-15-anos.ghtml\">alcan\u00e7ou o maior n\u00edvel e transbordou<\/a>\u00a0de uma forma que n\u00e3o ocorria h\u00e1 15 anos, de acordo com o Departamento de \u00c1guas e Energia El\u00e9trica (Daee).<\/p>\n<\/div>\n<div class=\"mc-column content-text active-extra-styles \" style=\"text-align: justify;\" data-block-type=\"unstyled\" data-block-weight=\"44\" data-block-id=\"18\">\n<p class=\"content-text__container \" data-track-category=\"Link no Texto\" data-track-links=\"\">De acordo com a Prefeitura,\u00a0<strong>o temporal ganhou for\u00e7a a partir da primeira hora da madrugada desta segunda-feira (10)<\/strong>, acumulando, em aproximadamente 3h, cerca de 60 mil\u00edmetros (mm) de m\u00e9dia na cidade. Determinados bairros registraram n\u00fameros acima disso. Veja as situa\u00e7\u00f5es em alguns bairros:<\/p>\n<\/div>\n<div class=\"mc-column content-text active-extra-styles\" style=\"text-align: justify;\" data-block-type=\"raw\" data-block-weight=\"12\" data-block-id=\"19\">\n<ul class=\"content-unordered-list\">\n<li>Lapa 98,3 mm;<\/li>\n<li>Pinheiros 86,9 mm;<\/li>\n<li>Butant\u00e3 82,1 mm;<\/li>\n<li>S\u00e9 76,5 mm.<\/li>\n<\/ul>\n<\/div>\n<div class=\"mc-column content-text active-extra-styles \" style=\"text-align: justify;\" data-block-type=\"unstyled\" data-block-weight=\"30\" data-block-id=\"20\">\n<p class=\"content-text__container \" data-track-category=\"Link no Texto\" data-track-links=\"\">A capital paulista registrou<a href=\"https:\/\/g1.globo.com\/sp\/sao-paulo\/noticia\/2020\/02\/10\/sao-paulo-teve-mais-de-80percent-da-chuva-prevista-para-mes-de-fevereiro-em-apenas-10-dias.ghtml\">\u00a083% da chuva prevista para o m\u00eas de fevereiro<\/a>\u00a0em apenas 10 dias, segundo o Centro de Gerenciamento de Emerg\u00eancias (CGE) da Prefeitura de S\u00e3o Paulo.<\/p>\n<\/div>\n<div class=\"mc-column content-text active-extra-styles \" data-block-type=\"unstyled\" data-block-weight=\"47\" data-block-id=\"21\">\n<p class=\"content-text__container \" style=\"text-align: justify;\" data-track-category=\"Link no Texto\" data-track-links=\"\">Para o m\u00eas de fevereiro, a m\u00e9dia esperada \u00e9 de 216,7 mm.\u00a0<strong>At\u00e9 as 7h desta segunda-feira (10), havia chovido cerca de 179,9 mm.<\/strong>\u00a0O temporal foi provocado por causa da passagem de uma frente fria pela costa paulista, associada a uma \u00e1rea de baixa press\u00e3o atmosf\u00e9rica.<\/p>\n<div class=\"mc-column content-text active-extra-styles \" style=\"text-align: justify;\" data-block-type=\"unstyled\" data-block-weight=\"29\" data-block-id=\"23\">\n<p class=\"content-text__container \" data-track-category=\"Link no Texto\" data-track-links=\"\">A chuva deve continuar ao longo desta segunda-feira (10), segundo o CGE. Ao longo da tarde e da noite, a chuva pode variar de intensidade entre moderada e forte.<\/p>\n<\/div>\n<div class=\"mc-column content-text active-extra-styles \" style=\"text-align: justify;\" data-block-type=\"unstyled\" data-block-weight=\"40\" data-block-id=\"24\">\n<p class=\"content-text__container \" data-track-category=\"Link no Texto\" data-track-links=\"\">No come\u00e7o da manh\u00e3 desta segunda-feira (11), a cidade chegou a registrar 76 pontos de alagamentos, sendo 68 intransit\u00e1veis e 8 transit\u00e1veis. \u00c0s 12h03, eram 85 pontos de alagamentos, sendo 66 intransit\u00e1veis e 19 transit\u00e1veis. (<a href=\"https:\/\/g1.globo.com\/sp\/sao-paulo\/noticia\/2020\/02\/10\/veja-pontos-de-alagamentos-em-manha-de-chuva-em-sp.ghtml\">veja as atualiza\u00e7\u00f5es aqui<\/a>).<\/p>\n<\/div>\n<div class=\"content-ads content-ads--reveal\" style=\"text-align: justify;\" data-block-type=\"ads\" data-block-id=\"25\"><\/div>\n<div class=\"mc-column content-text active-extra-styles \" style=\"text-align: justify;\" data-block-type=\"unstyled\" data-block-weight=\"45\" data-block-id=\"26\">\n<p class=\"content-text__container \" data-track-category=\"Link no Texto\" data-track-links=\"\">O corpo de um homem de 33 anos foi encontrado no piscin\u00e3o de S\u00e3o Bernardo, segundo os Bombeiros, na manh\u00e3 desta segunda-feira (10). Ele estava desaparecido desde s\u00e1bado (8). Inicialmente, a reportagem afirmou erroneamente que homem desapareceu no domingo (9), quando a chuva come\u00e7ou.<\/p>\n<\/div>\n<div class=\"mc-column content-text active-extra-styles \" style=\"text-align: justify;\" data-block-type=\"unstyled\" data-block-weight=\"29\" data-block-id=\"27\">\n<p class=\"content-text__container \" data-track-category=\"Link no Texto\" data-track-links=\"\">Segundo a Defesa Civil, at\u00e9 a \u00faltima atualiza\u00e7\u00e3o desta reportagem, n\u00e3o h\u00e1 registro de ocorr\u00eancias graves ou com v\u00edtimas por causa da chuva que come\u00e7ou neste domingo (9).<\/p>\n<\/div>\n<div class=\"mc-column content-text active-extra-styles \" style=\"text-align: justify;\" data-block-type=\"unstyled\" data-block-weight=\"37\" data-block-id=\"28\">\n<p class=\"content-text__container \" data-track-category=\"Link no Texto\" data-track-links=\"\">A Zona Oeste da cidade foi a mais afetada. \u00c9 nesta Regi\u00e3o que fica a Companhia de Entrepostos e Armaz\u00e9ns Gerais de S\u00e3o Paulo (Ceagesp), que ficou alagada, com um dos corredores\u00a0<a href=\"https:\/\/g1.globo.com\/sp\/sao-paulo\/ao-vivo\/chuva-causa-alagamentos-em-sao-paulo.ghtml?postId=f32b2b21-2592-4c03-baa9-86d528c37c40\">tomado por melancias boiando<\/a>.<\/p>\n<\/div>\n<div class=\"mc-column content-text active-extra-styles \" style=\"text-align: justify;\" data-block-type=\"unstyled\" data-block-weight=\"56\" data-block-id=\"29\">\n<p class=\"content-text__container \" data-track-category=\"Link no Texto\" data-track-links=\"\">O Mirante de Santana, na Zona Norte de S\u00e3o Paulo,<a href=\"https:\/\/g1.globo.com\/sp\/sao-paulo\/noticia\/2020\/02\/10\/mirante-de-santana-na-zona-norte-de-sp-tem-2a-maior-quantidade-de-chuva-em-24-horas-para-o-mes-de-fevereiro.ghtml\">\u00a0registrou 114 mm de chuva<\/a>\u00a0entre o fim da tarde de domingo (9) e 9h desta segunda-feira (10). Essa\u00a0<strong>\u00e9 a maior quantidade de chuva em 24 horas para o m\u00eas de fevereiro registrado em 37 anos<\/strong>, de acordo com o Instituto Nacional de Meteorologia (Inmet).<\/p>\n<\/div>\n<div class=\"mc-column content-text active-extra-styles \" style=\"text-align: justify;\" data-block-type=\"unstyled\" data-block-weight=\"25\" data-block-id=\"30\">\n<p class=\"content-text__container \" data-track-category=\"Link no Texto\" data-track-links=\"\">Um\u00a0<a href=\"https:\/\/g1.globo.com\/sp\/sao-paulo\/noticia\/2020\/02\/10\/deslizamento-de-terra-atinge-onibus-na-zona-norte-de-sp.ghtml\">deslizamento de terra atingiu um \u00f4nibus<\/a>\u00a0na Avenida Coronel Sezefredo Fagundes, na Zona Norte de S\u00e3o Paulo, no fim da manh\u00e3 desta segunda-feira (10).<\/p>\n<\/div>\n<div class=\"mc-column content-text active-extra-styles \" style=\"text-align: justify;\" data-block-type=\"unstyled\" data-block-weight=\"18\" data-block-id=\"31\">\n<p class=\"content-text__container \" data-track-category=\"Link no Texto\" data-track-links=\"\">Mas a Grande S\u00e3o Paulo, principalmente Barueri, tamb\u00e9m amanheceu em clima de caos por causa da chuva.<\/p>\n<\/div>\n<div class=\"mc-column content-text active-extra-styles\" style=\"text-align: justify;\" data-block-type=\"raw\" data-block-weight=\"59\" data-block-id=\"32\">\n<blockquote class=\"content-blockquote theme-border-color-primary-before\"><p>O Instituto Nacional de Meteorologia (Inmet) informou que, desde domingo (9) at\u00e9 \u00e0s 8h desta segunda-feira (10), foram registrados 141,2 mm de chuva em Barueri. No Mirante de Santana, na Zona Norte da capital, foram registrados 113,2 mm de chuva. A m\u00e9dia nos \u00faltimos 30 anos para o m\u00eas de fevereiro nesta esta\u00e7\u00e3o de medi\u00e7\u00e3o \u00e9 de 249,7 mm.<\/p><\/blockquote>\n<\/div>\n<div class=\"mc-column content-text active-extra-styles \" data-block-type=\"unstyled\" data-block-weight=\"14\" data-block-id=\"33\">\n<p class=\"content-text__container \" style=\"text-align: justify;\" data-track-category=\"Link no Texto\" data-track-links=\"\">Segundo o CGE, o tempo deve continuar\u00a0<a href=\"https:\/\/g1.globo.com\/sp\/sao-paulo\/noticia\/2020\/02\/10\/chuva-em-sp-veja-a-previsao.ghtml\">inst\u00e1vel e com chuva<\/a>\u00a0nesta segunda-feira (10).<\/p>\n<div class=\"mc-column content-text active-extra-styles\" style=\"text-align: justify;\" data-block-type=\"raw\" data-block-weight=\"2\" data-block-id=\"36\">\n<div class=\"content-intertitle\">\n<h2>Transporte p\u00fablico<\/h2>\n<\/div>\n<\/div>\n<div class=\"mc-column content-text active-extra-styles \" style=\"text-align: justify;\" data-block-type=\"unstyled\" data-block-weight=\"38\" data-block-id=\"37\">\n<p class=\"content-text__container \" data-track-category=\"Link no Texto\" data-track-links=\"\">O metr\u00f4 informou que opera normalmente desde o come\u00e7o do dia, mas a linha 9 &#8211; Esmeralda da CPTM parou \u2014 a linha 8 &#8211; Diamante ficou paralisada at\u00e9 \u00e0s 9h10 (leia sobre os \u00f4nibus abaixo).<\/p>\n<\/div>\n<div class=\"mc-column content-text active-extra-styles \" style=\"text-align: justify;\" data-block-type=\"unstyled\" data-block-weight=\"39\" data-block-id=\"38\">\n<p class=\"content-text__container \" data-track-category=\"Link no Texto\" data-track-links=\"\">O Plano de A\u00e7\u00e3o Entre Empresas em Situa\u00e7\u00e3o de Emerg\u00eancia (Paese) foi acionado a pedido da CPTM em decorr\u00eancia de problemas que afetaram a circula\u00e7\u00e3o dos trens na linha 9 &#8211; Esmeralda entre as esta\u00e7\u00f5es Osasco e Santo Amaro.<\/p>\n<\/div>\n<div class=\"mc-column content-text active-extra-styles \" style=\"text-align: justify;\" data-block-type=\"unstyled\" data-block-weight=\"32\" data-block-id=\"39\">\n<p class=\"content-text__container \" data-track-category=\"Link no Texto\" data-track-links=\"\">A SPTrans informou que a circula\u00e7\u00e3o dos \u00f4nibus municipais tamb\u00e9m foi prejudicada por causa da chuva, mas que as equipes refor\u00e7aram o monitoramento das opera\u00e7\u00f5es, orientando os passageiros em seus deslocamentos.<\/p>\n<\/div>\n<div class=\"mc-column content-text active-extra-styles\" style=\"text-align: justify;\" data-block-type=\"raw\" data-block-weight=\"35\" data-block-id=\"40\">\n<blockquote class=\"content-blockquote theme-border-color-primary-before\"><p>Segundo o \u00f3rg\u00e3o, os 31 terminais de \u00f4nibus municipais operam normalmente e n\u00e3o h\u00e1 alagamento no interior desses locais. Entretanto, os \u00f4nibus t\u00eam dificuldade de transitar pela cidade por causa das vias prejudicadas pelos alagamentos.<\/p><\/blockquote>\n<\/div>\n<div class=\"mc-column content-text active-extra-styles \" style=\"text-align: justify;\" data-block-type=\"unstyled\" data-block-weight=\"18\" data-block-id=\"41\">\n<p class=\"content-text__container \" data-track-category=\"Link no Texto\" data-track-links=\"\">Em raz\u00e3o dos pontos de alagamentos intransit\u00e1veis, pela manh\u00e3 os \u00f4nibus n\u00e3o circularam em importantes vias como:<\/p>\n<\/div>\n<div class=\"mc-column content-text active-extra-styles\" style=\"text-align: justify;\" data-block-type=\"raw\" data-block-weight=\"49\" data-block-id=\"42\">\n<ul class=\"content-unordered-list\">\n<li>Av. das Na\u00e7\u00f5es Unidas;<\/li>\n<li>Av. Marqu\u00eas de S\u00e3o Vicente;<\/li>\n<li>Av. Dr. Chucri Zaidan;<\/li>\n<li>Av. Prof Francisco Morato,<\/li>\n<li>Av. Pres Castelo Branco;<\/li>\n<li>Av. Santos Dumont (Bom Retiro);<\/li>\n<li>Av. Nossa Senhora do \u00d3;<\/li>\n<li>Av. Braz Leme;<\/li>\n<li>Av. Giovanni Gronchi, Av. Interlagos;<\/li>\n<li>Av. Santo Amaro;<\/li>\n<li>Av. Miguel Estefno;<\/li>\n<li>Av. 11 de Junho.<\/li>\n<\/ul>\n<\/div>\n<div class=\"mc-column content-text active-extra-styles \" style=\"text-align: justify;\" data-block-type=\"unstyled\" data-block-weight=\"35\" data-block-id=\"43\">\n<p class=\"content-text__container \" data-track-category=\"Link no Texto\" data-track-links=\"\">As garagens da Santa Br\u00edgida, que atende \u00e0s regi\u00f5es da Lapa, Barra Funda, Pirituba, Jaragu\u00e1; e da MoveBuss, que atende \u00e0s regi\u00f5es de Sacom\u00e3, Sapopemba e Vila Prudente; tiveram atrasos na sa\u00edda dos coletivos.<\/p>\n<\/div>\n<div class=\"mc-column content-text active-extra-styles \" style=\"text-align: justify;\" data-block-type=\"unstyled\" data-block-weight=\"18\" data-block-id=\"44\">\n<p class=\"content-text__container \" data-track-category=\"Link no Texto\" data-track-links=\"\">Os ve\u00edculos do Servi\u00e7o Atende+, da garagem da NorteBuss, tiveram dificuldade na sa\u00edda entre 5h e 7h15.<\/p>\n<\/div>\n<div class=\"mc-column content-text active-extra-styles\" style=\"text-align: justify;\" data-block-type=\"raw\" data-block-weight=\"4\" data-block-id=\"45\">\n<div class=\"content-intertitle\">\n<h2>Regi\u00e3o Metropolitana e Litoral<\/h2>\n<\/div>\n<\/div>\n<div class=\"mc-column content-text active-extra-styles \" style=\"text-align: justify;\" data-block-type=\"unstyled\" data-block-weight=\"26\" data-block-id=\"46\">\n<p class=\"content-text__container \" data-track-category=\"Link no Texto\" data-track-links=\"\">Choveu forte tamb\u00e9m em cidades da Regi\u00e3o Metropolitana do Estado. Em Itaquaquecetuba, a Defesa Civil precisou\u00a0<a href=\"https:\/\/g1.globo.com\/sp\/mogi-das-cruzes-suzano\/noticia\/2020\/02\/10\/chuva-alaga-ruas-de-itaquaquecetuba-e-moradores-sao-retirados-de-barco-veja-situacao-tambem-em-outras-cidades-do-alto-tiete.ghtml\">usar barcos para resgatar quem ficou preso<\/a>\u00a0em casa.<\/p>\n<\/div>\n<div class=\"mc-column content-text active-extra-styles \" style=\"text-align: justify;\" data-block-type=\"unstyled\" data-block-weight=\"23\" data-block-id=\"47\">\n<p class=\"content-text__container \" data-track-category=\"Link no Texto\" data-track-links=\"\">Ferraz de Vasconcelos tamb\u00e9m teve ruas inundadas. Por causa disso,\u00a0<a href=\"https:\/\/g1.globo.com\/sp\/mogi-das-cruzes-suzano\/noticia\/2020\/02\/10\/passageiro-da-linha-11-coral-relata-alagamento-em-estacao-de-ferraz-de-vasconcelos.ghtml\">passageiros tiveram que descer de um trem<\/a>\u00a0e houve lentid\u00e3o na circula\u00e7\u00e3o.<\/p>\n<\/div>\n<div class=\"content-ads content-ads--reveal\" style=\"text-align: justify;\" data-block-type=\"ads\" data-block-id=\"48\"><\/div>\n<div class=\"mc-column content-text active-extra-styles \" data-block-type=\"unstyled\" data-block-weight=\"45\" data-block-id=\"49\">\n<p class=\"content-text__container \" style=\"text-align: justify;\" data-track-category=\"Link no Texto\" data-track-links=\"\">Em Osasco, a chuva provocou\u00a0<a href=\"https:\/\/g1.globo.com\/sp\/sao-paulo\/noticia\/2020\/02\/10\/chuva-provoca-deslizamento-de-terra-em-osasco.ghtml\">deslizamento de terra no Morro do Soc\u00f3<\/a>, em Osasco, na Grande S\u00e3o Paulo. A gest\u00e3o municipal afirma que est\u00e1 levantando o n\u00famero de casas que foram atingidas. Uma menina soterrada em deslizamento foi resgatada com vida.<\/p>\n<p style=\"text-align: justify;\" data-track-category=\"Link no Texto\" data-track-links=\"\">Na Baixada Santista, as cidades tamb\u00e9m registraram pontos de alagamentos, e, em Botucatu, quedas de barreiras, alagamentos, inunda\u00e7\u00f5es e quedas de pontes, segundo a Defesa Civil.<\/p>\n<p data-track-category=\"Link no Texto\" data-track-links=\"\">Fonte: https:\/\/g1.globo.com\/sp\/sao-paulo\/noticia\/2020\/02\/10\/temporal-causa-alagamentos-em-sao-paulo-nesta-segunda-feira.ghtml<\/p>\n<p data-track-category=\"Link no Texto\" data-track-links=\"\">\n<\/div>\n<\/div>\n<p data-track-category=\"Link no Texto\" data-track-links=\"\">\n<\/div>\n<\/div>\n<div class=\"mc-column content-media content-video\" data-block-type=\"backstage-video\" data-block-id=\"7\">\n<div class=\"content-media__container\">\n<div class=\"content-video__bigger-player-description-fixer content-media__container--loaded\">\n<div class=\"content-video__video\">\n<div id=\"wp3-player-3\" class=\"clappr-player\" tabindex=\"9999\" data-player=\"\">\n<div class=\"media-control media-control-hide\">\n<div class=\"media-control-panel\">\n<div class=\"media-control-panel__between\"><\/div>\n<div class=\"media-control-panel__lower\" data-controls=\"\">\n<div class=\"media-control-position__center\">\n<div class=\"bar-container media-control-element\" data-seekbar=\"\">\n<div class=\"bar-background\" data-seekbar=\"\">\n<div class=\"bar-fill-2\" data-seekbar=\"\"><\/div>\n<\/div>\n<div class=\"bar-scrubber\" data-seekbar=\"\">\n<div class=\"bar-scrubber-icon\" data-seekbar=\"\"><\/div>\n<\/div>\n<div class=\"thumb-preview thumb-preview--hidden\">\n<div class=\"thumb-preview__thumb\"><\/div>\n<div class=\"thumb-preview__position\"><\/div>\n<\/div>\n<\/div>\n<div class=\"bar-container__placeholder\"><\/div>\n<div class=\"chromecast-sender-indicator media-control-element\"><\/div>\n<\/div>\n<div class=\"opposites-container\">\n<div class=\"media-control-position__between\">\n<div class=\"quick-seek-hint hidden media-control-element\"><\/div>\n<\/div>\n<div class=\"media-control-position__right\">\n<div class=\"drawer-container volume-hide media-control-element\" data-volume=\"\">\n<div class=\"drawer-icon-container\" data-volume=\"\"><\/div>\n<div class=\"bar-container\" data-volume=\"\">\n<div class=\"bar-background\" data-volume=\"\">\n<div class=\"bar-fill-1\" data-volume=\"\"><\/div>\n<div class=\"bar-hover\" data-volume=\"\"><\/div>\n<\/div>\n<div class=\"bar-scrubber\" data-volume=\"\">\n<div class=\"bar-scrubber-icon\" data-volume=\"\"><\/div>\n<\/div>\n<\/div>\n<\/div>\n<p>&nbsp;<\/p>\n<\/div>\n<\/div>\n<\/div>\n<div class=\"media-control-panel__front-layer\">\n<div class=\"media-control-position__left\"><\/div>\n<div class=\"media-control-position__center\"><\/div>\n<div class=\"media-control-position__right\"><\/div>\n<\/div>\n<div class=\"media-control-panel__modal\"><\/div>\n<\/div>\n<\/div>\n<\/div>\n<\/div>\n<\/div>\n<\/div>\n<\/div>\n<\/div>\n","protected":false},"excerpt":{"rendered":"<p>Temporal na cidade \u00e9 a maior em 24 horas para o m\u00eas de fevereiro em 37 anos. Rios Tiet\u00ea e Pinheiros transbordaram. Rod\u00edzio de ve\u00edculos foi suspenso. A chuva que come\u00e7ou a atingir a cidade de S\u00e3o Paulo neste domingo (9) causou estragos vis\u00edveis nas primeiras horas da manh\u00e3 desta segunda-feira (10). As Marginais Tiet\u00ea [&hellip;]<\/p>\n","protected":false},"author":1,"featured_media":18396,"comment_status":"closed","ping_status":"open","sticky":false,"template":"","format":"standard","meta":{"footnotes":""},"categories":[114,110],"tags":[],"class_list":["post-18392","post","type-post","status-publish","format-standard","has-post-thumbnail","hentry","category-geralecomercio","category-noticiasdestaque"],"_links":{"self":[{"href":"https:\/\/jorgezanoni.com.br\/2019\/wp-json\/wp\/v2\/posts\/18392","targetHints":{"allow":["GET"]}}],"collection":[{"href":"https:\/\/jorgezanoni.com.br\/2019\/wp-json\/wp\/v2\/posts"}],"about":[{"href":"https:\/\/jorgezanoni.com.br\/2019\/wp-json\/wp\/v2\/types\/post"}],"author":[{"embeddable":true,"href":"https:\/\/jorgezanoni.com.br\/2019\/wp-json\/wp\/v2\/users\/1"}],"replies":[{"embeddable":true,"href":"https:\/\/jorgezanoni.com.br\/2019\/wp-json\/wp\/v2\/comments?post=18392"}],"version-history":[{"count":0,"href":"https:\/\/jorgezanoni.com.br\/2019\/wp-json\/wp\/v2\/posts\/18392\/revisions"}],"wp:featuredmedia":[{"embeddable":true,"href":"https:\/\/jorgezanoni.com.br\/2019\/wp-json\/wp\/v2\/media\/18396"}],"wp:attachment":[{"href":"https:\/\/jorgezanoni.com.br\/2019\/wp-json\/wp\/v2\/media?parent=18392"}],"wp:term":[{"taxonomy":"category","embeddable":true,"href":"https:\/\/jorgezanoni.com.br\/2019\/wp-json\/wp\/v2\/categories?post=18392"},{"taxonomy":"post_tag","embeddable":true,"href":"https:\/\/jorgezanoni.com.br\/2019\/wp-json\/wp\/v2\/tags?post=18392"}],"curies":[{"name":"wp","href":"https:\/\/api.w.org\/{rel}","templated":true}]}}