{"id":18388,"date":"2020-02-10T17:20:35","date_gmt":"2020-02-10T17:20:35","guid":{"rendered":"https:\/\/jorgezanoni.com.br\/2019\/?p=18388"},"modified":"2020-02-10T17:20:35","modified_gmt":"2020-02-10T17:20:35","slug":"tempestade-desabriga-familias-interdita-rodovia-e-alaga-ruas-em-botucatu","status":"publish","type":"post","link":"https:\/\/jorgezanoni.com.br\/2019\/tempestade-desabriga-familias-interdita-rodovia-e-alaga-ruas-em-botucatu\/","title":{"rendered":"Tempestade desabriga fam\u00edlias, interdita rodovia e alaga ruas em Botucatu"},"content":{"rendered":"<h2 class=\"content-head__subtitle\" style=\"text-align: justify;\"><strong>Prefeito decretou estado de calamidade ap\u00f3s estragos. Casas desmoronaram e a ponte que liga o bairro Alto e o Boa Vista foi levada pela for\u00e7a da correnteza. Pessoas ficaram ilhadas.<\/strong><\/h2>\n<p style=\"text-align: justify;\"><img loading=\"lazy\" decoding=\"async\" class=\"alignnone size-full wp-image-18389\" src=\"https:\/\/jorgezanoni.com.br\/2019\/wp-content\/uploads\/2020\/02\/temporal1.jpeg\" alt=\"\" width=\"640\" height=\"341\" srcset=\"https:\/\/jorgezanoni.com.br\/2019\/wp-content\/uploads\/2020\/02\/temporal1.jpeg 640w, https:\/\/jorgezanoni.com.br\/2019\/wp-content\/uploads\/2020\/02\/temporal1-300x160.jpeg 300w\" sizes=\"auto, (max-width: 640px) 100vw, 640px\" \/>Ponte do Bairro Alto desabou por conta da chuva que atingiu Botucatu na madrugada desta segunda \u2014 Foto: Arquivo pessoal\/Andr\u00e9 Em\u00edlio<\/p>\n<div class=\"mc-column content-text active-extra-styles \" style=\"text-align: justify;\" data-block-type=\"unstyled\" data-block-weight=\"38\" data-block-id=\"3\">\n<p class=\"content-text__container \" data-track-category=\"Link no Texto\" data-track-links=\"\">A tempestade que atingiu Botucatu (SP) na madrugada desta segunda-feira (10) provocou grandes estragos e deixou a cidade em estado de calamidade, decretado pelo prefeito de manh\u00e3. Carros foram engolidos por crateras, casas desmoronaram e ruas ficaram alagadas.<\/p>\n<\/div>\n<div class=\"wall protected-content\">\n<div class=\"mc-column content-text active-extra-styles \" style=\"text-align: justify;\" data-block-type=\"unstyled\" data-block-weight=\"14\" data-block-id=\"4\">\n<p class=\"content-text__container \" data-track-category=\"Link no Texto\" data-track-links=\"\">Segundo o prefeito M\u00e1rio Pardini (PSDB), choveu cerca de 122 mil\u00edmetros na cidade.<\/p>\n<\/div>\n<div class=\"mc-column content-text active-extra-styles \" data-block-type=\"unstyled\" data-block-weight=\"28\" data-block-id=\"5\">\n<p class=\"content-text__container \" style=\"text-align: justify;\" data-track-category=\"Link no Texto\" data-track-links=\"\">&#8220;Isso comprometeu praticamente toda a estrutura da cidade, especialmente nessa regi\u00e3o do Rio Lava P\u00e9s, a gente tem seis pontes comprometidas e uma que desabou completamente&#8221;, explicou.<\/p>\n<div class=\"mc-column content-text active-extra-styles \" style=\"text-align: justify;\" data-block-type=\"unstyled\" data-block-weight=\"45\" data-block-id=\"8\">\n<p class=\"content-text__container \" data-track-category=\"Link no Texto\" data-track-links=\"\">A chuva come\u00e7ou por volta das 3h e fez casas desmoronarem e fam\u00edlias ficarem desabrigadas. V\u00e1rias ruas foram alagadas e a ponte que liga o Bairro Alto e o Boa Vista, na Rua Doutor Rafael Sampaio, foi levada pela correnteza do Rio Lava P\u00e9s.<\/p>\n<\/div>\n<div class=\"mc-column content-text active-extra-styles \" data-block-type=\"unstyled\" data-block-weight=\"20\" data-block-id=\"9\">\n<p class=\"content-text__container \" style=\"text-align: justify;\" data-track-category=\"Link no Texto\" data-track-links=\"\">Parte de uma casa que fica ao lado do rio desmoronou e \u00e1rvores tombaram com a for\u00e7a da tempestade.<\/p>\n<div class=\"mc-column content-text active-extra-styles \" style=\"text-align: justify;\" data-block-type=\"unstyled\" data-block-weight=\"28\" data-block-id=\"11\">\n<p class=\"content-text__container \" data-track-category=\"Link no Texto\" data-track-links=\"\">Por isso, a prefeitura decidiu decretar estado de calamidade, a fim de buscar recursos do Governo Estadual e Federal para recuperar a cidade e ajudar as fam\u00edlias desabrigadas.<\/p>\n<\/div>\n<div class=\"mc-column content-text active-extra-styles \" data-block-type=\"unstyled\" data-block-weight=\"43\" data-block-id=\"12\">\n<p class=\"content-text__container \" style=\"text-align: justify;\" data-track-category=\"Link no Texto\" data-track-links=\"\">&#8220;Na madrugada a gente conseguiu resgatar todas as pessoas e agora recebemos as fam\u00edlias no Gin\u00e1sio Municipal, e estamos fazendo um grande invent\u00e1rio para ver tudo o que elas perderam e como podemos ajudar na recupera\u00e7\u00e3o, inclusive dos im\u00f3veis&#8221;, garante o prefeito.<\/p>\n<div class=\"mc-column content-text active-extra-styles \" style=\"text-align: justify;\" data-block-type=\"unstyled\" data-block-weight=\"38\" data-block-id=\"15\">\n<p class=\"content-text__container \" data-track-category=\"Link no Texto\" data-track-links=\"\">O Corpo de Bombeiros de Avar\u00e9 foi chamado para auxiliar as equipes de Botucatu no resgate de moradores que ficaram ilhados e que precisaram ser resgatados com botes. As fam\u00edlias desalojadas est\u00e3o sendo levadas para o Gin\u00e1sio Municipal.<\/p>\n<\/div>\n<div class=\"mc-column content-text active-extra-styles \" data-block-type=\"unstyled\" data-block-weight=\"27\" data-block-id=\"16\">\n<p class=\"content-text__container \" style=\"text-align: justify;\" data-track-category=\"Link no Texto\" data-track-links=\"\">Na manh\u00e3 desta segunda-feira ainda tinham fam\u00edlias sendo resgatadas. No total, s\u00e3o 40 pontos de alagamento, sendo os pontos mais cr\u00edticos no Centro e Terminal Rodovi\u00e1rio.<\/p>\n<div class=\"mc-column content-text active-extra-styles \" style=\"text-align: justify;\" data-block-type=\"unstyled\" data-block-weight=\"42\" data-block-id=\"18\">\n<p class=\"content-text__container \" data-track-category=\"Link no Texto\" data-track-links=\"\">Para ajudar as fam\u00edlias desabrigadas, o Fundo Social de Solidariedade de Botucatu est\u00e1 recebendo doa\u00e7\u00f5es. A equipe vai receber roupas, mantimentos, produtos de higiene, roupa de cama, m\u00f3veis e colch\u00f5es, na Rua General Teles, 1434, Centro. Mais informa\u00e7\u00f5es pelo telefone (14) 3811-1524.<\/p>\n<\/div>\n<div class=\"mc-column content-text active-extra-styles\" style=\"text-align: justify;\" data-block-type=\"raw\" data-block-weight=\"4\" data-block-id=\"19\">\n<div class=\"content-intertitle\">\n<h2>Interdi\u00e7\u00e3o na Marechal Rondon<\/h2>\n<\/div>\n<\/div>\n<div class=\"mc-column content-text active-extra-styles \" style=\"text-align: justify;\" data-block-type=\"unstyled\" data-block-weight=\"17\" data-block-id=\"20\">\n<p class=\"content-text__container \" data-track-category=\"Link no Texto\" data-track-links=\"\">A Rodovia Marechal Rondon (SP-300) foi completamente interditada do quil\u00f4metro 236 ao 240, em ambos os sentidos.<\/p>\n<\/div>\n<div class=\"mc-column content-text active-extra-styles \" data-block-type=\"unstyled\" data-block-weight=\"27\" data-block-id=\"21\">\n<p class=\"content-text__container \" style=\"text-align: justify;\" data-track-category=\"Link no Texto\" data-track-links=\"\">A interdi\u00e7\u00e3o foi necess\u00e1ria porque uma grande quantidade de lama e pedras invadiu a rodovia. Equipes de conserva\u00e7\u00e3o da concession\u00e1ria foram ao trecho para fazer a limpeza.<\/p>\n<div class=\"mc-column content-text active-extra-styles \" style=\"text-align: justify;\" data-block-type=\"unstyled\" data-block-weight=\"20\" data-block-id=\"24\">\n<p class=\"content-text__container \" data-track-category=\"Link no Texto\" data-track-links=\"\">O tr\u00e2nsito foi desviado pela Jo\u00e3o Hip\u00f3lito Martins (SP-209), em Botucatu, e pela L\u00e1zaro Cordeiro de Campos (SP-147), em Bofete.<\/p>\n<\/div>\n<div class=\"mc-column content-text active-extra-styles \" data-block-type=\"unstyled\" data-block-weight=\"43\" data-block-id=\"25\">\n<p class=\"content-text__container \" style=\"text-align: justify;\" data-track-category=\"Link no Texto\" data-track-links=\"\">Al\u00e9m disso, no quil\u00f4metro 258, pr\u00f3ximo ao ped\u00e1gio, sentido Bauru-Botucatu, a pista desmoronou e um carro foi parar no canteiro da rodovia. O trecho tamb\u00e9m est\u00e1 completamente interditado e, segundo a concession\u00e1ria, o motorista foi retirado e aguarda na base sem les\u00f5es.<\/p>\n<div class=\"mc-column content-text active-extra-styles \" style=\"text-align: justify;\" data-block-type=\"unstyled\" data-block-weight=\"61\" data-block-id=\"27\">\n<p class=\"content-text__container \" data-track-category=\"Link no Texto\" data-track-links=\"\">Segundo os bombeiros, a equipe tamb\u00e9m est\u00e1 em busca de um caminh\u00e3o que sofreu um acidente na pista assim que ela cedeu. Os bombeiros n\u00e3o sabem se o caminh\u00e3o est\u00e1 no buraco ou se foi levado pela \u00e1gua. Al\u00e9m disso, uma viatura do Corpo de Bombeiros ficou presa na enxurrada e um acidente foi registrado em Santa Maria da Serra.<\/p>\n<\/div>\n<div class=\"mc-column content-text active-extra-styles \" style=\"text-align: justify;\" data-block-type=\"unstyled\" data-block-weight=\"26\" data-block-id=\"28\">\n<p class=\"content-text__container \" data-track-category=\"Link no Texto\" data-track-links=\"\">No sentido contr\u00e1rio, a rodovia est\u00e1 alagada e a Pol\u00edcia Rodovi\u00e1ria n\u00e3o sabe dizer se foi por conta da represa que fica pr\u00f3xima ao local.<\/p>\n<\/div>\n<div class=\"mc-column content-text active-extra-styles \" data-block-type=\"unstyled\" data-block-weight=\"46\" data-block-id=\"29\">\n<p class=\"content-text__container \" style=\"text-align: justify;\" data-track-category=\"Link no Texto\" data-track-links=\"\">A concession\u00e1ria tamb\u00e9m interditou completamente, nos dois sentidos, os quil\u00f4metros 240 e 249. A faixa 2 da pista leste do quil\u00f4metro 253, a pista leste do 167 e a oeste do 163 tamb\u00e9m foram fechadas. Al\u00e9m disso, as rodovias SP-251 e SP-241 foram completamente interditadas.<\/p>\n<p style=\"text-align: justify;\" data-track-category=\"Link no Texto\" data-track-links=\"\">Fonte: https:\/\/g1.globo.com\/sp\/bauru-marilia\/noticia\/2020\/02\/10\/tempestade-desabriga-familias-e-alaga-ruas-em-botucatu.ghtml<\/p>\n<\/div>\n<\/div>\n<\/div>\n<\/div>\n<\/div>\n<\/div>\n<\/div>\n<\/div>\n","protected":false},"excerpt":{"rendered":"<p>Prefeito decretou estado de calamidade ap\u00f3s estragos. Casas desmoronaram e a ponte que liga o bairro Alto e o Boa Vista foi levada pela for\u00e7a da correnteza. Pessoas ficaram ilhadas. Ponte do Bairro Alto desabou por conta da chuva que atingiu Botucatu na madrugada desta segunda \u2014 Foto: Arquivo pessoal\/Andr\u00e9 Em\u00edlio A tempestade que atingiu [&hellip;]<\/p>\n","protected":false},"author":1,"featured_media":18390,"comment_status":"closed","ping_status":"open","sticky":false,"template":"","format":"standard","meta":{"footnotes":""},"categories":[114,110],"tags":[],"class_list":["post-18388","post","type-post","status-publish","format-standard","has-post-thumbnail","hentry","category-geralecomercio","category-noticiasdestaque"],"_links":{"self":[{"href":"https:\/\/jorgezanoni.com.br\/2019\/wp-json\/wp\/v2\/posts\/18388","targetHints":{"allow":["GET"]}}],"collection":[{"href":"https:\/\/jorgezanoni.com.br\/2019\/wp-json\/wp\/v2\/posts"}],"about":[{"href":"https:\/\/jorgezanoni.com.br\/2019\/wp-json\/wp\/v2\/types\/post"}],"author":[{"embeddable":true,"href":"https:\/\/jorgezanoni.com.br\/2019\/wp-json\/wp\/v2\/users\/1"}],"replies":[{"embeddable":true,"href":"https:\/\/jorgezanoni.com.br\/2019\/wp-json\/wp\/v2\/comments?post=18388"}],"version-history":[{"count":0,"href":"https:\/\/jorgezanoni.com.br\/2019\/wp-json\/wp\/v2\/posts\/18388\/revisions"}],"wp:featuredmedia":[{"embeddable":true,"href":"https:\/\/jorgezanoni.com.br\/2019\/wp-json\/wp\/v2\/media\/18390"}],"wp:attachment":[{"href":"https:\/\/jorgezanoni.com.br\/2019\/wp-json\/wp\/v2\/media?parent=18388"}],"wp:term":[{"taxonomy":"category","embeddable":true,"href":"https:\/\/jorgezanoni.com.br\/2019\/wp-json\/wp\/v2\/categories?post=18388"},{"taxonomy":"post_tag","embeddable":true,"href":"https:\/\/jorgezanoni.com.br\/2019\/wp-json\/wp\/v2\/tags?post=18388"}],"curies":[{"name":"wp","href":"https:\/\/api.w.org\/{rel}","templated":true}]}}