{"id":18375,"date":"2020-02-10T16:27:50","date_gmt":"2020-02-10T16:27:50","guid":{"rendered":"https:\/\/jorgezanoni.com.br\/2019\/?p=18375"},"modified":"2020-02-10T16:36:55","modified_gmt":"2020-02-10T16:36:55","slug":"equipes-de-resgate-fazem-buscas-por-caminhao-que-sumiu-ao-cair-em-cratera-aberta-em-rodovia-durante-chuva","status":"publish","type":"post","link":"https:\/\/jorgezanoni.com.br\/2019\/equipes-de-resgate-fazem-buscas-por-caminhao-que-sumiu-ao-cair-em-cratera-aberta-em-rodovia-durante-chuva\/","title":{"rendered":"Equipes de resgate fazem buscas por caminh\u00e3o que sumiu ao cair em cratera aberta em rodovia durante chuva"},"content":{"rendered":"<h2 class=\"content-head__subtitle\" style=\"text-align: justify;\"><strong>Trechos da SP- 300 foram fechados em Botucatu (SP) por conta dos estragos causados pelo temporal. Carro tamb\u00e9m foi arrastado e tombou no canteiro da via.<\/strong><\/h2>\n<div class=\"mc-column content-text active-extra-styles \" data-block-type=\"unstyled\" data-block-weight=\"37\" data-block-id=\"2\">\n<p class=\"content-text__container \" style=\"text-align: justify;\" data-track-category=\"Link no Texto\" data-track-links=\"\">Equipes de resgate est\u00e3o fazendo buscas por um caminh\u00e3o que desapareceu ap\u00f3s cair em uma cratera aberta na Rodovia Marechal Rondon (SP-300), em Botucatu (SP), durante o<a href=\"https:\/\/g1.globo.com\/sp\/bauru-marilia\/noticia\/2020\/02\/10\/tempestade-desabriga-familias-e-alaga-ruas-em-botucatu.ghtml\">\u00a0temporal que atingiu a cidade na madrugada desta segunda-feira (10)<\/a>.<\/p>\n<\/div>\n<div class=\"wall protected-content\">\n<div class=\"mc-column content-text active-extra-styles \" style=\"text-align: justify;\" data-block-type=\"unstyled\" data-block-weight=\"27\" data-block-id=\"3\">\n<p class=\"content-text__container \" data-track-category=\"Link no Texto\" data-track-links=\"\">O grande volume de \u00e1gua fez parte da pista desmoronar, no quil\u00f4metro 258, pr\u00f3ximo ao ped\u00e1gio de Botucatu. Quando o asfalto cedeu, o caminh\u00e3o caiu no buraco.<\/p>\n<\/div>\n<div class=\"mc-column content-text active-extra-styles \" data-block-type=\"unstyled\" data-block-weight=\"38\" data-block-id=\"4\">\n<p class=\"content-text__container \" style=\"text-align: justify;\" data-track-category=\"Link no Texto\" data-track-links=\"\">Equipes da Pol\u00edcia Militar Rodovi\u00e1ria, Corpo de Bombeiros e da concession\u00e1ria que administra a rodovia, al\u00e9m do Helic\u00f3ptero \u00c1guia, da PM, est\u00e3o tentando localizar o ve\u00edculo e o motorista. N\u00e3o se sabe se havia mais pessoas no ve\u00edculo.<\/p>\n<p style=\"text-align: justify;\" data-track-category=\"Link no Texto\" data-track-links=\"\"><img loading=\"lazy\" decoding=\"async\" class=\"alignnone size-full wp-image-18376\" src=\"https:\/\/jorgezanoni.com.br\/2019\/wp-content\/uploads\/2020\/02\/Botucatu1.jpeg\" alt=\"\" width=\"640\" height=\"480\" srcset=\"https:\/\/jorgezanoni.com.br\/2019\/wp-content\/uploads\/2020\/02\/Botucatu1.jpeg 640w, https:\/\/jorgezanoni.com.br\/2019\/wp-content\/uploads\/2020\/02\/Botucatu1-300x225.jpeg 300w, https:\/\/jorgezanoni.com.br\/2019\/wp-content\/uploads\/2020\/02\/Botucatu1-80x60.jpeg 80w, https:\/\/jorgezanoni.com.br\/2019\/wp-content\/uploads\/2020\/02\/Botucatu1-265x198.jpeg 265w, https:\/\/jorgezanoni.com.br\/2019\/wp-content\/uploads\/2020\/02\/Botucatu1-560x420.jpeg 560w\" sizes=\"auto, (max-width: 640px) 100vw, 640px\" \/>Trechos da Marechal Rondon (SP-300) foram fechados por conta da chuva em Botucatu \u2014 Foto: Arquivo pessoal<\/p>\n<div class=\"mc-column content-text active-extra-styles \" style=\"text-align: justify;\" data-block-type=\"unstyled\" data-block-weight=\"36\" data-block-id=\"7\">\n<p class=\"content-text__container \" data-track-category=\"Link no Texto\" data-track-links=\"\">Segundo o Corpo de Bombeiros, no trecho que d\u00e1 acesso ao bairro Anhumas, o n\u00edvel do Rio Lavap\u00e9s subiu tanto que invadiu a pista e impossibilitou o tr\u00e1fego pelo local, transformando o trecho em um rio.<\/p>\n<\/div>\n<div class=\"mc-column content-text active-extra-styles \" data-block-type=\"unstyled\" data-block-weight=\"39\" data-block-id=\"8\">\n<p class=\"content-text__container \" style=\"text-align: justify;\" data-track-category=\"Link no Texto\" data-track-links=\"\">A pista estava alagada e o asfalto cedeu quando a \u00e1gua come\u00e7ou a abaixar. O caminh\u00e3o de pequeno porte seguia de Botucatu para S\u00e3o Manuel quando caiu no buraco de cerca de 10 metros de profundidade, informou os Bombeiros.<\/p>\n<p style=\"text-align: justify;\" data-track-category=\"Link no Texto\" data-track-links=\"\"><img loading=\"lazy\" decoding=\"async\" class=\"alignnone size-full wp-image-18377\" src=\"https:\/\/jorgezanoni.com.br\/2019\/wp-content\/uploads\/2020\/02\/botucatu2.jpg\" alt=\"\" width=\"640\" height=\"411\" srcset=\"https:\/\/jorgezanoni.com.br\/2019\/wp-content\/uploads\/2020\/02\/botucatu2.jpg 640w, https:\/\/jorgezanoni.com.br\/2019\/wp-content\/uploads\/2020\/02\/botucatu2-300x193.jpg 300w\" sizes=\"auto, (max-width: 640px) 100vw, 640px\" \/>Rodovia ficou interditada na entrada do Bairro Anhumas \u2014 Foto: Arquivo pessoal<\/p>\n<div class=\"mc-column content-text active-extra-styles \" style=\"text-align: justify;\" data-block-type=\"unstyled\" data-block-weight=\"34\" data-block-id=\"10\">\n<p class=\"content-text__container \" data-track-category=\"Link no Texto\" data-track-links=\"\">Segundo a corpora\u00e7\u00e3o, a equipe viu o caminh\u00e3o sendo &#8220;engolido&#8221; pela cratera, pois estava socorrendo duas v\u00edtimas de um acidente em Santa Maria da Serra e passava pelo local quando o asfalto cedeu.<\/p>\n<\/div>\n<div class=\"mc-column content-text active-extra-styles \" style=\"text-align: justify;\" data-block-type=\"unstyled\" data-block-weight=\"36\" data-block-id=\"11\">\n<p class=\"content-text__container \" data-track-category=\"Link no Texto\" data-track-links=\"\">&#8220;No momento em que o caminh\u00e3o estava passando, a roda de tr\u00e1s afundou no asfalto. Ele empinou, j\u00e1 virou de lado e sumiu na cratera&#8221;, disse o cabo do Corpo de Bombeiros Clauderval Jos\u00e9 Bento.<\/p>\n<\/div>\n<div class=\"mc-column content-text active-extra-styles \" data-block-type=\"unstyled\" data-block-weight=\"40\" data-block-id=\"12\">\n<p class=\"content-text__container \" style=\"text-align: justify;\" data-track-category=\"Link no Texto\" data-track-links=\"\">No mesmo local, um carro ficou &#8220;cravado&#8221; no canteiro da rodovia ap\u00f3s ser arrastado pela \u00e1gua. Segundo a concession\u00e1ria, o motorista foi retirado do ve\u00edculo sem les\u00f5es. Outro carro tamb\u00e9m ficou parcialmente submerso e duas pessoas foram resgatadas pelos bombeiros.<\/p>\n<div class=\"mc-column content-text active-extra-styles \" style=\"text-align: justify;\" data-block-type=\"unstyled\" data-block-weight=\"34\" data-block-id=\"10\">\n<p class=\"content-text__container \" data-track-category=\"Link no Texto\" data-track-links=\"\">Segundo a corpora\u00e7\u00e3o, a equipe viu o caminh\u00e3o sendo &#8220;engolido&#8221; pela cratera, pois estava socorrendo duas v\u00edtimas de um acidente em Santa Maria da Serra e passava pelo local quando o asfalto cedeu.<\/p>\n<\/div>\n<div class=\"mc-column content-text active-extra-styles \" style=\"text-align: justify;\" data-block-type=\"unstyled\" data-block-weight=\"36\" data-block-id=\"11\">\n<p class=\"content-text__container \" data-track-category=\"Link no Texto\" data-track-links=\"\">&#8220;No momento em que o caminh\u00e3o estava passando, a roda de tr\u00e1s afundou no asfalto. Ele empinou, j\u00e1 virou de lado e sumiu na cratera&#8221;, disse o cabo do Corpo de Bombeiros Clauderval Jos\u00e9 Bento.<\/p>\n<\/div>\n<div class=\"mc-column content-text active-extra-styles \" data-block-type=\"unstyled\" data-block-weight=\"40\" data-block-id=\"12\">\n<p class=\"content-text__container \" style=\"text-align: justify;\" data-track-category=\"Link no Texto\" data-track-links=\"\">No mesmo local, um carro ficou &#8220;cravado&#8221; no canteiro da rodovia ap\u00f3s ser arrastado pela \u00e1gua. Segundo a concession\u00e1ria, o motorista foi retirado do ve\u00edculo sem les\u00f5es. Outro carro tamb\u00e9m ficou parcialmente submerso e duas pessoas foram resgatadas pelos bombeiros.<\/p>\n<p style=\"text-align: justify;\" data-track-category=\"Link no Texto\" data-track-links=\"\"><img loading=\"lazy\" decoding=\"async\" class=\"alignnone size-full wp-image-18378\" src=\"https:\/\/jorgezanoni.com.br\/2019\/wp-content\/uploads\/2020\/02\/botucatu3.jpg\" alt=\"\" width=\"640\" height=\"405\" srcset=\"https:\/\/jorgezanoni.com.br\/2019\/wp-content\/uploads\/2020\/02\/botucatu3.jpg 640w, https:\/\/jorgezanoni.com.br\/2019\/wp-content\/uploads\/2020\/02\/botucatu3-300x190.jpg 300w\" sizes=\"auto, (max-width: 640px) 100vw, 640px\" \/><\/p>\n<p style=\"text-align: justify;\" data-track-category=\"Link no Texto\" data-track-links=\"\">No quil\u00f4metro 258, pr\u00f3ximo ao ped\u00e1gio, a pista desmoronou e um carro foi parar no canteiro da rodovia \u2014 Foto: TV TEM\/Reprodu\u00e7\u00e3o<\/p>\n<div class=\"mc-column content-text active-extra-styles \" style=\"text-align: justify;\" data-block-type=\"unstyled\" data-block-weight=\"37\" data-block-id=\"15\">\n<p class=\"content-text__container \" data-track-category=\"Link no Texto\" data-track-links=\"\">O trecho foi completamente interditado nos dois sentidos, sem previs\u00e3o para liberar. Al\u00e9m disso, a serra de Botucatu, do quil\u00f4metro 236 ao 240, foi fechado porque uma grande quantidade de lama e pedras invadiu a rodovia.<\/p>\n<\/div>\n<div class=\"mc-column content-text active-extra-styles \" style=\"text-align: justify;\" data-block-type=\"unstyled\" data-block-weight=\"39\" data-block-id=\"16\">\n<p class=\"content-text__container \" data-track-category=\"Link no Texto\" data-track-links=\"\">A concession\u00e1ria tamb\u00e9m anunciou interdi\u00e7\u00e3o total no quil\u00f4metro 249, na faixa 2 da pista leste do quil\u00f4metro 253, na pista leste do 167 e na oeste do 163. Al\u00e9m disso, as rodovias SP-251 e SP-241 foram completamente interditadas.<\/p>\n<p data-track-category=\"Link no Texto\" data-track-links=\"\"><img loading=\"lazy\" decoding=\"async\" class=\"alignnone size-full wp-image-18379\" src=\"https:\/\/jorgezanoni.com.br\/2019\/wp-content\/uploads\/2020\/02\/botucatu4.jpeg\" alt=\"\" width=\"640\" height=\"480\" srcset=\"https:\/\/jorgezanoni.com.br\/2019\/wp-content\/uploads\/2020\/02\/botucatu4.jpeg 640w, https:\/\/jorgezanoni.com.br\/2019\/wp-content\/uploads\/2020\/02\/botucatu4-300x225.jpeg 300w, https:\/\/jorgezanoni.com.br\/2019\/wp-content\/uploads\/2020\/02\/botucatu4-80x60.jpeg 80w, https:\/\/jorgezanoni.com.br\/2019\/wp-content\/uploads\/2020\/02\/botucatu4-265x198.jpeg 265w, https:\/\/jorgezanoni.com.br\/2019\/wp-content\/uploads\/2020\/02\/botucatu4-560x420.jpeg 560w\" sizes=\"auto, (max-width: 640px) 100vw, 640px\" \/>Rodovia Marechal Rondon (SP-300) foi interditada do quil\u00f4metro 236 ao 240 em Botucatu \u2014 Foto: Arquivo pessoal<\/p>\n<div class=\"mc-column content-text active-extra-styles \" data-block-type=\"unstyled\" data-block-weight=\"38\" data-block-id=\"18\">\n<p class=\"content-text__container \" data-track-category=\"Link no Texto\" data-track-links=\"\">A rota alternativa passada aos usu\u00e1rios que seguem no sentido leste \u00e9 retornar no trevo do quil\u00f4metro 240 e seguir at\u00e9 a Jo\u00e3o Hip\u00f3lito Martins (SP-209), seguindo para a SP-280 e retornando para a Marechal Rondon, em Bofete<\/p>\n<\/div>\n<div class=\"mc-column content-text active-extra-styles \" data-block-type=\"unstyled\" data-block-weight=\"36\" data-block-id=\"19\">\n<p class=\"content-text__container \" data-track-category=\"Link no Texto\" data-track-links=\"\">J\u00e1 para os motoristas que seguem oeste, no ped\u00e1gio de Anhembi est\u00e3o sendo orientados a retornar ao km 227 e acessar a SP-280 por Bofete, seguindo para a SP-209 e retornando para a Rondon em Botucatu.<\/p>\n<\/div>\n<\/div>\n<div class=\"content-ads content-ads--reveal\" data-block-type=\"ads\" data-block-id=\"14\">\n<div id=\"banner_materia__660fd440-e780-46c0-bc7c-639536b3fba9\" class=\"tag-manager-publicidade-container mc-has-reveal mc-has-ad-lazyload tag-manager-publicidade-banner_materia__660fd440-e780-46c0-bc7c-639536b3fba9 tag-manager-publicidade-container--carregado tag-manager-publicidade-container--visivel\" data-id=\"banner_materia__660fd440-e780-46c0-bc7c-639536b3fba9\" data-google-query-id=\"CIGDs-Wxx-cCFREG1Aod4V0POQ\" data-cid=\"138302646470\" data-lid=\"5288244861\">\n<h2 style=\"text-align: justify;\">Estragos na cidade<\/h2>\n<div class=\"mc-column content-text active-extra-styles \" style=\"text-align: justify;\" data-block-type=\"unstyled\" data-block-weight=\"46\" data-block-id=\"23\">\n<p class=\"content-text__container \" data-track-category=\"Link no Texto\" data-track-links=\"\">A chuva tamb\u00e9m causou estragos dentro da cidade e a\u00a0<a href=\"https:\/\/g1.globo.com\/sp\/bauru-marilia\/noticia\/2020\/02\/10\/tempestade-desabriga-familias-e-alaga-ruas-em-botucatu.ghtml\">prefeitura de Botucatu decretou estado de calamidade<\/a>. Pessoas ficaram ilhadas e tiveram que ser resgatadas de bote pelo Corpo de Bombeiros. A Defesa Civil contabilizou 10 fam\u00edlias desabrigadas que foram levadas para o Gin\u00e1sio Municipal.<\/p>\n<\/div>\n<div class=\"mc-column content-text active-extra-styles \" style=\"text-align: justify;\" data-block-type=\"unstyled\" data-block-weight=\"8\" data-block-id=\"24\">\n<p class=\"content-text__container \" data-track-category=\"Link no Texto\" data-track-links=\"\"><a href=\"https:\/\/g1.globo.com\/sp\/bauru-marilia\/noticia\/2020\/02\/10\/fotos-veja-imagens-dos-estragos-causados-por-temporal-em-botucatu.ghtml\"><strong>VEJA AS FOTOS DOS ESTRAGOS CAUSADOS PELA CHUVA<\/strong><\/a><\/p>\n<\/div>\n<div class=\"mc-column content-text active-extra-styles \" data-block-type=\"unstyled\" data-block-weight=\"29\" data-block-id=\"25\">\n<p class=\"content-text__container \" style=\"text-align: justify;\" data-track-category=\"Link no Texto\" data-track-links=\"\">Uma\u00a0<a href=\"https:\/\/g1.globo.com\/sp\/bauru-marilia\/noticia\/2020\/02\/10\/video-mostra-ponte-que-liga-bairros-sendo-arrastada-pela-correnteza-em-botucatu.ghtml\">ponte desabou e causou problemas em adutoras<\/a>\u00a0de \u00e1gua tratada que atendem as regi\u00f5es oeste, sul e leste da cidade. Casas tamb\u00e9m desmoronaram e deixaram moradores desabrigados.<\/p>\n<p style=\"text-align: justify;\" data-track-category=\"Link no Texto\" data-track-links=\"\">O Ambulat\u00f3rio de Especialidades do Hospital das Cl\u00ednicas tamb\u00e9m teve que\u00a0<a href=\"https:\/\/g1.globo.com\/sp\/bauru-marilia\/noticia\/2020\/02\/10\/ambulatorio-do-hc-de-botucatu-suspende-atendimento-por-causa-da-chuva.ghtml\">suspender o atendimento nesta segunda-feira<\/a>\u00a0por causa da chuva. O pr\u00e9dio vai passar por manuten\u00e7\u00e3o por conta dos estragos causados pela chuva e o servi\u00e7o deve ser retomado nesta ter\u00e7a-feira.<\/p>\n<p style=\"text-align: justify;\" data-track-category=\"Link no Texto\" data-track-links=\"\"><img loading=\"lazy\" decoding=\"async\" class=\"alignnone size-full wp-image-18380\" src=\"https:\/\/jorgezanoni.com.br\/2019\/wp-content\/uploads\/2020\/02\/botucatu5.jpeg\" alt=\"\" width=\"640\" height=\"480\" srcset=\"https:\/\/jorgezanoni.com.br\/2019\/wp-content\/uploads\/2020\/02\/botucatu5.jpeg 640w, https:\/\/jorgezanoni.com.br\/2019\/wp-content\/uploads\/2020\/02\/botucatu5-300x225.jpeg 300w, https:\/\/jorgezanoni.com.br\/2019\/wp-content\/uploads\/2020\/02\/botucatu5-80x60.jpeg 80w, https:\/\/jorgezanoni.com.br\/2019\/wp-content\/uploads\/2020\/02\/botucatu5-265x198.jpeg 265w, https:\/\/jorgezanoni.com.br\/2019\/wp-content\/uploads\/2020\/02\/botucatu5-560x420.jpeg 560w\" sizes=\"auto, (max-width: 640px) 100vw, 640px\" \/>Moradores foram levados para o Gin\u00e1sio Municipal ap\u00f3s ficarem desabrigados em Botucatu \u2014 Foto: Arquivo pessoal\/Rafael Lazarini Mendes<\/p>\n<p style=\"text-align: justify;\" data-track-category=\"Link no Texto\" data-track-links=\"\">Fonte: https:\/\/g1.globo.com\/sp\/bauru-marilia\/noticia\/2020\/02\/10\/equipes-de-resgate-fazem-buscas-por-caminhao-que-sumiu-ao-cair-em-cratera-aberta-em-rodovia-durante-chuva.ghtml<\/p>\n<\/div>\n<\/div>\n<\/div>\n<\/div>\n<\/div>\n<\/div>\n<\/div>\n<\/div>\n","protected":false},"excerpt":{"rendered":"<p>Trechos da SP- 300 foram fechados em Botucatu (SP) por conta dos estragos causados pelo temporal. Carro tamb\u00e9m foi arrastado e tombou no canteiro da via. Equipes de resgate est\u00e3o fazendo buscas por um caminh\u00e3o que desapareceu ap\u00f3s cair em uma cratera aberta na Rodovia Marechal Rondon (SP-300), em Botucatu (SP), durante o\u00a0temporal que atingiu [&hellip;]<\/p>\n","protected":false},"author":1,"featured_media":18381,"comment_status":"closed","ping_status":"open","sticky":false,"template":"","format":"standard","meta":{"footnotes":""},"categories":[180,110],"tags":[],"class_list":["post-18375","post","type-post","status-publish","format-standard","has-post-thumbnail","hentry","category-estradastransitoveiculos","category-noticiasdestaque"],"_links":{"self":[{"href":"https:\/\/jorgezanoni.com.br\/2019\/wp-json\/wp\/v2\/posts\/18375","targetHints":{"allow":["GET"]}}],"collection":[{"href":"https:\/\/jorgezanoni.com.br\/2019\/wp-json\/wp\/v2\/posts"}],"about":[{"href":"https:\/\/jorgezanoni.com.br\/2019\/wp-json\/wp\/v2\/types\/post"}],"author":[{"embeddable":true,"href":"https:\/\/jorgezanoni.com.br\/2019\/wp-json\/wp\/v2\/users\/1"}],"replies":[{"embeddable":true,"href":"https:\/\/jorgezanoni.com.br\/2019\/wp-json\/wp\/v2\/comments?post=18375"}],"version-history":[{"count":0,"href":"https:\/\/jorgezanoni.com.br\/2019\/wp-json\/wp\/v2\/posts\/18375\/revisions"}],"wp:featuredmedia":[{"embeddable":true,"href":"https:\/\/jorgezanoni.com.br\/2019\/wp-json\/wp\/v2\/media\/18381"}],"wp:attachment":[{"href":"https:\/\/jorgezanoni.com.br\/2019\/wp-json\/wp\/v2\/media?parent=18375"}],"wp:term":[{"taxonomy":"category","embeddable":true,"href":"https:\/\/jorgezanoni.com.br\/2019\/wp-json\/wp\/v2\/categories?post=18375"},{"taxonomy":"post_tag","embeddable":true,"href":"https:\/\/jorgezanoni.com.br\/2019\/wp-json\/wp\/v2\/tags?post=18375"}],"curies":[{"name":"wp","href":"https:\/\/api.w.org\/{rel}","templated":true}]}}