{"id":18338,"date":"2020-02-09T19:54:21","date_gmt":"2020-02-09T19:54:21","guid":{"rendered":"https:\/\/jorgezanoni.com.br\/2019\/?p=18338"},"modified":"2020-02-09T19:54:21","modified_gmt":"2020-02-09T19:54:21","slug":"video-mostra-carro-de-cantor-sertanejo-em-chamas-apos-acidente-no-interior-de-sp","status":"publish","type":"post","link":"https:\/\/jorgezanoni.com.br\/2019\/video-mostra-carro-de-cantor-sertanejo-em-chamas-apos-acidente-no-interior-de-sp\/","title":{"rendered":"V\u00eddeo mostra carro de cantor sertanejo em chamas ap\u00f3s acidente no interior de SP"},"content":{"rendered":"<h2 class=\"content-head__subtitle\" style=\"text-align: justify;\"><strong>Henrique, da dupla com Netto, sofreu acidente em Santa F\u00e9 do Sul (SP). Cantor est\u00e1 internado na UTI do Hospital de Base de Rio Preto com traumatismo craniano.<\/strong><\/h2>\n<div class=\"mc-column content-text active-extra-styles \" data-block-type=\"unstyled\" data-block-weight=\"39\" data-block-id=\"2\">\n<p class=\"content-text__container \" style=\"text-align: justify;\" data-track-category=\"Link no Texto\" data-track-links=\"\">Um v\u00eddeo enviado para a reda\u00e7\u00e3o da<strong>\u00a0TV TEM\u00a0<\/strong>mostra o carro do cantor sertanejo Henrique, da dupla Netto e Henrique, em chamas logo depois do<a href=\"https:\/\/g1.globo.com\/sp\/sao-jose-do-rio-preto-aracatuba\/noticia\/2020\/02\/08\/cantor-sertanejo-e-resgatado-de-carro-em-chamas-apos-acidente-em-santa-fe-do-sul.ghtml#G1-POST-TOP-12H-item-sel-5,top,b3c50233-4693-4f49-883d-590883cf5b55\">\u00a0acidente com uma caminhonete em Santa F\u00e9 do Sul (SP)<\/a>\u00a0<strong>(veja v\u00eddeo acima)<\/strong>.<\/p>\n<\/div>\n<div class=\"wall protected-content\">\n<div class=\"mc-column content-text active-extra-styles \" data-block-type=\"unstyled\" data-block-weight=\"33\" data-block-id=\"3\">\n<p class=\"content-text__container \" style=\"text-align: justify;\" data-track-category=\"Link no Texto\" data-track-links=\"\">O cantor sertanejo Henrique foi levado para a UTI do Hospital de Base de S\u00e3o Jos\u00e9 do Rio Preto (SP) ap\u00f3s o grave acidente de tr\u00e2nsito que sofreu na madrugada deste s\u00e1bado (8).<\/p>\n<div class=\"mc-column content-text active-extra-styles \" style=\"text-align: justify;\" data-block-type=\"unstyled\" data-block-weight=\"24\" data-block-id=\"5\">\n<p class=\"content-text__container \" data-track-category=\"Link no Texto\" data-track-links=\"\">De acordo com o hospital, o estado de sa\u00fade dele \u00e9 grave. Segundo a unidade, o cantor sofreu traumatismo craniano e passou por cirurgia.<\/p>\n<\/div>\n<div class=\"mc-column content-text active-extra-styles \" data-block-type=\"unstyled\" data-block-weight=\"42\" data-block-id=\"6\">\n<p class=\"content-text__container \" style=\"text-align: justify;\" data-track-category=\"Link no Texto\" data-track-links=\"\">Segundo informa\u00e7\u00f5es da pol\u00edcia, o m\u00fasico, de 22 anos, seguia pela Avenida Navarro de Andrade, no bairro Santa Prata, em Santa F\u00e9 do Sul, quando bateu na traseira de uma caminhonete. Por causa da for\u00e7a do impacto, o ve\u00edculo pegou fogo.<\/p>\n<p style=\"text-align: justify;\" data-track-category=\"Link no Texto\" data-track-links=\"\"><img loading=\"lazy\" decoding=\"async\" class=\"alignnone size-full wp-image-18339\" src=\"https:\/\/jorgezanoni.com.br\/2019\/wp-content\/uploads\/2020\/02\/cantor1.jpg\" alt=\"\" width=\"640\" height=\"440\" srcset=\"https:\/\/jorgezanoni.com.br\/2019\/wp-content\/uploads\/2020\/02\/cantor1.jpg 640w, https:\/\/jorgezanoni.com.br\/2019\/wp-content\/uploads\/2020\/02\/cantor1-300x206.jpg 300w, https:\/\/jorgezanoni.com.br\/2019\/wp-content\/uploads\/2020\/02\/cantor1-100x70.jpg 100w, https:\/\/jorgezanoni.com.br\/2019\/wp-content\/uploads\/2020\/02\/cantor1-218x150.jpg 218w, https:\/\/jorgezanoni.com.br\/2019\/wp-content\/uploads\/2020\/02\/cantor1-611x420.jpg 611w\" sizes=\"auto, (max-width: 640px) 100vw, 640px\" \/><\/p>\n<p style=\"text-align: justify;\" data-track-category=\"Link no Texto\" data-track-links=\"\">Carro do cantor pegou fogo no acidente em Santa F\u00e9 do Sul \u2014 Foto: Arquivo Pessoal<\/p>\n<div class=\"mc-column content-text active-extra-styles \" style=\"text-align: justify;\" data-block-type=\"unstyled\" data-block-weight=\"31\" data-block-id=\"9\">\n<p class=\"content-text__container \" data-track-category=\"Link no Texto\" data-track-links=\"\">A Pol\u00edcia Militar fazia ronda pelo local e uma equipe constatou o acidente. A equipe conseguiu tirar o rapaz do carro, que estava desmaiado. O Corpo de Bombeiros apagou o inc\u00eandio.<\/p>\n<\/div>\n<div class=\"mc-column content-text active-extra-styles \" style=\"text-align: justify;\" data-block-type=\"unstyled\" data-block-weight=\"30\" data-block-id=\"10\">\n<p class=\"content-text__container \" data-track-category=\"Link no Texto\" data-track-links=\"\">O motorista da caminhonete n\u00e3o se feriu. J\u00e1 o cantor foi resgatado pelo Servi\u00e7o de Atendimento M\u00f3vel de Urg\u00eancia (Samu) encaminhado a Unidade de Pronto Atendimento (UPA) da cidade.<\/p>\n<\/div>\n<div class=\"mc-column content-text active-extra-styles \" style=\"text-align: justify;\" data-block-type=\"unstyled\" data-block-weight=\"34\" data-block-id=\"11\">\n<p class=\"content-text__container \" data-track-category=\"Link no Texto\" data-track-links=\"\">Ele chegou com trauma de face e m\u00faltiplas escoria\u00e7\u00f5es. Ap\u00f3s o atendimento, Henrique foi encaminhado para a Santa Casa de Santa F\u00e9 do Sul e transferido para o Hospital de Base de Rio Preto.<\/p>\n<\/div>\n<div class=\"mc-column content-text active-extra-styles \" style=\"text-align: justify;\" data-block-type=\"unstyled\" data-block-weight=\"46\" data-block-id=\"12\">\n<p class=\"content-text__container \" data-track-category=\"Link no Texto\" data-track-links=\"\">A dupla \u00e9 do interior paulista e teve o\u00a0<a href=\"https:\/\/www.youtube.com\/watch?v=9iaotd_jO3M\" target=\"_blank\" rel=\"noopener noreferrer\">clipe da m\u00fasica &#8220;For\u00e7ar a Barra&#8221;<\/a>\u00a0publicado no Youtube no dia 17 de janeiro deste ano. Em menos de um m\u00eas &#8211; at\u00e9 este domingo (9) -, o v\u00eddeo estava com mais de 2,6 milh\u00f5es de visualiza\u00e7\u00f5es.<\/p>\n<\/div>\n<div class=\"mc-column content-text active-extra-styles \" style=\"text-align: justify;\" data-block-type=\"unstyled\" data-block-weight=\"32\" data-block-id=\"13\">\n<p class=\"content-text__container \" data-track-category=\"Link no Texto\" data-track-links=\"\">A dupla postou no Facebook que a m\u00fasica foi tocada pela primeira vez em uma r\u00e1dio no dia 23 de janeiro. No dia seguinte, a dupla postou sobre o sucesso da can\u00e7\u00e3o.<\/p>\n<\/div>\n<div class=\"mc-column content-text active-extra-styles \" style=\"text-align: justify;\" data-block-type=\"unstyled\" data-block-weight=\"34\" data-block-id=\"14\">\n<p class=\"content-text__container \" data-track-category=\"Link no Texto\" data-track-links=\"\">&#8220;A m\u00fasica &#8216;For\u00e7ar a Barra&#8217; \u00e9 primeiro lugar nas r\u00e1dios do pa\u00eds! Obrigado a todos os f\u00e3s, ouvintes, parceiros e radialistas pelo carinho com o nosso trabalho!! Orgulho demais! #NettoeHenrique #ManualdoSofrimento&#8221;, postou a dupla.<\/p>\n<\/div>\n<div class=\"content-ads content-ads--reveal\" style=\"text-align: justify;\" data-block-type=\"ads\" data-block-id=\"15\"><\/div>\n<div class=\"mc-column content-text active-extra-styles \" data-block-type=\"unstyled\" data-block-weight=\"77\" data-block-id=\"16\">\n<p class=\"content-text__container \" style=\"text-align: justify;\" data-track-category=\"Link no Texto\" data-track-links=\"\">Nas p\u00e1ginas oficiais da dupla nas redes sociais, um comunicado diz: \u201cInformamos que o cantor Henrique, da dupla Netto e Henrique, se envolveu em um grave acidente de tr\u00e2nsito na \u00faltima madrugada, na cidade de Santa F\u00e9 do Sul. Apesar da gravidade da colis\u00e3o, Henrique passa bem, continuar\u00e1 em observa\u00e7\u00e3o, tranquilizamos portanto, parentes, amigos, f\u00e3s, colegas profissionais e todos aqueles que enviaram mensagens em busca de esclarecimentos. Agradecemos as mensagens de otimismo e desejamos uma pronta recupera\u00e7\u00e3o.\u201d<\/p>\n<p style=\"text-align: justify;\" data-track-category=\"Link no Texto\" data-track-links=\"\"><img loading=\"lazy\" decoding=\"async\" class=\"alignnone size-full wp-image-18340\" src=\"https:\/\/jorgezanoni.com.br\/2019\/wp-content\/uploads\/2020\/02\/cantor2.jpeg\" alt=\"\" width=\"640\" height=\"360\" srcset=\"https:\/\/jorgezanoni.com.br\/2019\/wp-content\/uploads\/2020\/02\/cantor2.jpeg 640w, https:\/\/jorgezanoni.com.br\/2019\/wp-content\/uploads\/2020\/02\/cantor2-300x169.jpeg 300w\" sizes=\"auto, (max-width: 640px) 100vw, 640px\" \/><\/p>\n<p style=\"text-align: justify;\" data-track-category=\"Link no Texto\" data-track-links=\"\">Carro de cantor sertanejo pegou fogo ap\u00f3s acidente \u2014 Foto: Divulga\u00e7\u00e3o\/Informa Mais<\/p>\n<p style=\"text-align: justify;\" data-track-category=\"Link no Texto\" data-track-links=\"\"><img loading=\"lazy\" decoding=\"async\" class=\"alignnone size-full wp-image-18341\" src=\"https:\/\/jorgezanoni.com.br\/2019\/wp-content\/uploads\/2020\/02\/Cantor-3.jpg\" alt=\"\" width=\"640\" height=\"640\" srcset=\"https:\/\/jorgezanoni.com.br\/2019\/wp-content\/uploads\/2020\/02\/Cantor-3.jpg 640w, https:\/\/jorgezanoni.com.br\/2019\/wp-content\/uploads\/2020\/02\/Cantor-3-150x150.jpg 150w, https:\/\/jorgezanoni.com.br\/2019\/wp-content\/uploads\/2020\/02\/Cantor-3-300x300.jpg 300w, https:\/\/jorgezanoni.com.br\/2019\/wp-content\/uploads\/2020\/02\/Cantor-3-420x420.jpg 420w\" sizes=\"auto, (max-width: 640px) 100vw, 640px\" \/>Henrique, da dupla Netto e Henrique, fica ferido em acidente em Santa F\u00e9 do Sul \u2014 Foto: Divulga\u00e7\u00e3o<\/p>\n<p style=\"text-align: justify;\">Fonte: https:\/\/g1.globo.com\/sp\/sao-jose-do-rio-preto-aracatuba\/noticia\/2020\/02\/09\/video-mostra-carro-de-cantor-sertanejo-em-chamas-apos-acidente-no-interior-de-sp.ghtml<\/p>\n<p data-track-category=\"Link no Texto\" data-track-links=\"\">\n<\/div>\n<\/div>\n<\/div>\n<\/div>\n","protected":false},"excerpt":{"rendered":"<p>Henrique, da dupla com Netto, sofreu acidente em Santa F\u00e9 do Sul (SP). Cantor est\u00e1 internado na UTI do Hospital de Base de Rio Preto com traumatismo craniano. Um v\u00eddeo enviado para a reda\u00e7\u00e3o da\u00a0TV TEM\u00a0mostra o carro do cantor sertanejo Henrique, da dupla Netto e Henrique, em chamas logo depois do\u00a0acidente com uma caminhonete [&hellip;]<\/p>\n","protected":false},"author":1,"featured_media":18342,"comment_status":"closed","ping_status":"open","sticky":false,"template":"","format":"standard","meta":{"footnotes":""},"categories":[170,110],"tags":[],"class_list":["post-18338","post","type-post","status-publish","format-standard","has-post-thumbnail","hentry","category-acidentes","category-noticiasdestaque"],"_links":{"self":[{"href":"https:\/\/jorgezanoni.com.br\/2019\/wp-json\/wp\/v2\/posts\/18338","targetHints":{"allow":["GET"]}}],"collection":[{"href":"https:\/\/jorgezanoni.com.br\/2019\/wp-json\/wp\/v2\/posts"}],"about":[{"href":"https:\/\/jorgezanoni.com.br\/2019\/wp-json\/wp\/v2\/types\/post"}],"author":[{"embeddable":true,"href":"https:\/\/jorgezanoni.com.br\/2019\/wp-json\/wp\/v2\/users\/1"}],"replies":[{"embeddable":true,"href":"https:\/\/jorgezanoni.com.br\/2019\/wp-json\/wp\/v2\/comments?post=18338"}],"version-history":[{"count":0,"href":"https:\/\/jorgezanoni.com.br\/2019\/wp-json\/wp\/v2\/posts\/18338\/revisions"}],"wp:featuredmedia":[{"embeddable":true,"href":"https:\/\/jorgezanoni.com.br\/2019\/wp-json\/wp\/v2\/media\/18342"}],"wp:attachment":[{"href":"https:\/\/jorgezanoni.com.br\/2019\/wp-json\/wp\/v2\/media?parent=18338"}],"wp:term":[{"taxonomy":"category","embeddable":true,"href":"https:\/\/jorgezanoni.com.br\/2019\/wp-json\/wp\/v2\/categories?post=18338"},{"taxonomy":"post_tag","embeddable":true,"href":"https:\/\/jorgezanoni.com.br\/2019\/wp-json\/wp\/v2\/tags?post=18338"}],"curies":[{"name":"wp","href":"https:\/\/api.w.org\/{rel}","templated":true}]}}