{"id":18300,"date":"2020-02-09T19:13:17","date_gmt":"2020-02-09T19:13:17","guid":{"rendered":"https:\/\/jorgezanoni.com.br\/2019\/?p=18300"},"modified":"2020-02-09T19:13:17","modified_gmt":"2020-02-09T19:13:17","slug":"um-ano-apos-tragedia-bombeiros-da-regiao-de-presidente-prudente-falam-sobre-experiencia-em-brumadinho-vida-fica-diferente","status":"publish","type":"post","link":"https:\/\/jorgezanoni.com.br\/2019\/um-ano-apos-tragedia-bombeiros-da-regiao-de-presidente-prudente-falam-sobre-experiencia-em-brumadinho-vida-fica-diferente\/","title":{"rendered":"Um ano ap\u00f3s trag\u00e9dia, bombeiros da regi\u00e3o de Presidente Prudente falam sobre experi\u00eancia em Brumadinho: &#8216;Vida fica diferente&#8217;"},"content":{"rendered":"<h2 class=\"content-head__subtitle\" style=\"text-align: justify;\"><strong>Equipes do Oeste Paulista foram voluntariamente apoiar nas buscas em MG. Tristeza, esperan\u00e7a, uni\u00e3o, gratid\u00e3o e solidariedade s\u00e3o fatores que marcaram profissionais e deixaram &#8216;li\u00e7\u00f5es&#8217;.<\/strong><\/h2>\n<p style=\"text-align: justify;\"><img loading=\"lazy\" decoding=\"async\" class=\"alignnone size-full wp-image-18301\" src=\"https:\/\/jorgezanoni.com.br\/2019\/wp-content\/uploads\/2020\/02\/Bru.jpg\" alt=\"\" width=\"1262\" height=\"947\" srcset=\"https:\/\/jorgezanoni.com.br\/2019\/wp-content\/uploads\/2020\/02\/Bru.jpg 1262w, https:\/\/jorgezanoni.com.br\/2019\/wp-content\/uploads\/2020\/02\/Bru-300x225.jpg 300w, https:\/\/jorgezanoni.com.br\/2019\/wp-content\/uploads\/2020\/02\/Bru-768x576.jpg 768w, https:\/\/jorgezanoni.com.br\/2019\/wp-content\/uploads\/2020\/02\/Bru-1024x768.jpg 1024w, https:\/\/jorgezanoni.com.br\/2019\/wp-content\/uploads\/2020\/02\/Bru-80x60.jpg 80w, https:\/\/jorgezanoni.com.br\/2019\/wp-content\/uploads\/2020\/02\/Bru-265x198.jpg 265w, https:\/\/jorgezanoni.com.br\/2019\/wp-content\/uploads\/2020\/02\/Bru-696x522.jpg 696w, https:\/\/jorgezanoni.com.br\/2019\/wp-content\/uploads\/2020\/02\/Bru-1068x801.jpg 1068w, https:\/\/jorgezanoni.com.br\/2019\/wp-content\/uploads\/2020\/02\/Bru-560x420.jpg 560w\" sizes=\"auto, (max-width: 1262px) 100vw, 1262px\" \/>Bombeiros do Oeste Paulista prestaram apoio em Brumadinho (MG) \u2014 Foto: Luan Miranda Cruz\/Arquivo pessoal<\/p>\n<div class=\"mc-column content-text active-extra-styles \" style=\"text-align: justify;\" data-block-type=\"unstyled\" data-block-weight=\"65\" data-block-id=\"2\">\n<p class=\"content-text__container \" data-track-category=\"Link no Texto\" data-track-links=\"\">Quase 300 pessoas mortas e outras ainda desaparecidas. O dado \u201cpesado\u201d \u00e9 resultado da maior trag\u00e9dia ambiental que atingiu o Brasil, o rompimento da barragem da Vale, em\u00a0<a href=\"https:\/\/g1.globo.com\/mg\/minas-gerais\/cidade\/brumadinho\/\">Brumadinho (MG)<\/a>. O desastre, que completou um ano em 25 de janeiro, mobilizou centenas de volunt\u00e1rios para atuarem no local, entre eles, homens subordinados ao 14\u00ba Grupamento de Bombeiros, que atende a regi\u00e3o de\u00a0<a href=\"https:\/\/g1.globo.com\/sp\/presidente-prudente-regiao\/cidade\/presidente-prudente\/\">Presidente Prudente (SP)<\/a>.<\/p>\n<\/div>\n<div class=\"wall protected-content\">\n<div class=\"mc-column content-text active-extra-styles \" style=\"text-align: justify;\" data-block-type=\"unstyled\" data-block-weight=\"34\" data-block-id=\"3\">\n<p class=\"content-text__container \" data-track-category=\"Link no Texto\" data-track-links=\"\">Duas equipes do Corpo de Bombeiros do Oeste Paulista \u2013 oito homens, no total \u2013 foram enviadas \u00e0 cidade mineira, a aproximadamente 1.000km de dist\u00e2ncia. A primeira delas em 7 de fevereiro de 2019.<\/p>\n<\/div>\n<div class=\"mc-column content-text active-extra-styles \" style=\"text-align: justify;\" data-block-type=\"unstyled\" data-block-weight=\"39\" data-block-id=\"4\">\n<p class=\"content-text__container \" data-track-category=\"Link no Texto\" data-track-links=\"\">O\u00a0<strong>G1\u00a0<\/strong>conversou com alguns dos bombeiros que integraram a For\u00e7a Tarefa. Passados 12 meses da trag\u00e9dia, a situa\u00e7\u00e3o \u00e9 apontada como uma experi\u00eancia \u00fanica, marcada por uni\u00e3o de for\u00e7as, solidariedade, gratid\u00e3o, esperan\u00e7as, compaix\u00e3o, crescimento e li\u00e7\u00f5es de vida.<\/p>\n<\/div>\n<div class=\"mc-column content-text active-extra-styles\" style=\"text-align: justify;\" data-block-type=\"raw\" data-block-weight=\"1\" data-block-id=\"5\">\n<div class=\"content-intertitle\">\n<h2>Aprendizado<\/h2>\n<\/div>\n<\/div>\n<div class=\"mc-column content-text active-extra-styles\" data-block-type=\"raw\" data-block-weight=\"18\" data-block-id=\"6\">\n<blockquote class=\"content-blockquote theme-border-color-primary-before\"><p>\u201cDar valor \u00e0s pequenas coisas, pois a qualquer momento podemos perd\u00ea-las\u201d<br \/>\n[<strong><em>Cabo Marcelo Gon\u00e7alves Afonso, de Presidente Prudente<\/em><\/strong>]<\/p><\/blockquote>\n<blockquote><p><img loading=\"lazy\" decoding=\"async\" class=\"alignnone size-full wp-image-18302\" src=\"https:\/\/jorgezanoni.com.br\/2019\/wp-content\/uploads\/2020\/02\/Bru-1.jpg\" alt=\"\" width=\"640\" height=\"485\" srcset=\"https:\/\/jorgezanoni.com.br\/2019\/wp-content\/uploads\/2020\/02\/Bru-1.jpg 640w, https:\/\/jorgezanoni.com.br\/2019\/wp-content\/uploads\/2020\/02\/Bru-1-300x227.jpg 300w, https:\/\/jorgezanoni.com.br\/2019\/wp-content\/uploads\/2020\/02\/Bru-1-80x60.jpg 80w, https:\/\/jorgezanoni.com.br\/2019\/wp-content\/uploads\/2020\/02\/Bru-1-554x420.jpg 554w\" sizes=\"auto, (max-width: 640px) 100vw, 640px\" \/>Cabo Marcelo foi um dos volunt\u00e1rios enviados a Brumadinho (MG) \u2014 Foto: Marcelo Gon\u00e7alves Afonso\/Arquivo pessoal<\/p><\/blockquote>\n<blockquote>\n<div class=\"mc-column content-text active-extra-styles \" style=\"text-align: justify;\" data-block-type=\"unstyled\" data-block-weight=\"32\" data-block-id=\"9\">\n<p class=\"content-text__container \" data-track-category=\"Link no Texto\" data-track-links=\"\">Integrante da primeira equipe enviada a Brumadinho, o cabo Marcelo Gon\u00e7alves Afonso \u2013 \u00e0 \u00e9poca, soldado \u2013 contou ao\u00a0<strong>G1\u00a0<\/strong>que se voluntariou, pois a miss\u00e3o da corpora\u00e7\u00e3o \u00e9 ajudar as pessoas.<\/p>\n<\/div>\n<div class=\"mc-column content-text active-extra-styles \" style=\"text-align: justify;\" data-block-type=\"unstyled\" data-block-weight=\"27\" data-block-id=\"10\">\n<p class=\"content-text__container \" data-track-category=\"Link no Texto\" data-track-links=\"\">\u201cEu sempre tive vontade de ajudar as pessoas e sempre vou me voluntariar pra qualquer tipo de ocorr\u00eancia desse tipo, dessa complexidade, ou menor\u201d, declarou o bombeiro.<\/p>\n<\/div>\n<div class=\"mc-column content-text active-extra-styles \" style=\"text-align: justify;\" data-block-type=\"unstyled\" data-block-weight=\"59\" data-block-id=\"11\">\n<p class=\"content-text__container \" data-track-category=\"Link no Texto\" data-track-links=\"\">Quando chegou ao cen\u00e1rio do desastre, a primeira impress\u00e3o foi de \u201csusto\u201d, mas depois se acostumou com o ambiente. \u201cA gente acompanhava pela televis\u00e3o e n\u00e3o tinha dimens\u00e3o da propor\u00e7\u00e3o que tinha sido aquela trag\u00e9dia. S\u00f3 chegando l\u00e1 que a gente foi perceber como era grande a \u00e1rea, o quanto foi devastado, o quanto foi atingido\u201d, contou ao\u00a0<strong>G1<\/strong>.<\/p>\n<\/div>\n<div class=\"mc-column content-text active-extra-styles \" style=\"text-align: justify;\" data-block-type=\"unstyled\" data-block-weight=\"17\" data-block-id=\"12\">\n<p class=\"content-text__container \" data-track-category=\"Link no Texto\" data-track-links=\"\">A quantidade de v\u00edtimas foi o que marcou o cabo Marcelo. \u201cChoca bastante a gente\u201d, comentou.<\/p>\n<\/div>\n<div class=\"mc-column content-text active-extra-styles \" style=\"text-align: justify;\" data-block-type=\"unstyled\" data-block-weight=\"24\" data-block-id=\"13\">\n<p class=\"content-text__container \" data-track-category=\"Link no Texto\" data-track-links=\"\">Quando a equipe chegou a Brumadinho, na segunda semana do ocorrido, ainda havia mais de 200 pessoas desaparecidas e um trabalho dif\u00edcil pela frente.<\/p>\n<\/div>\n<div class=\"mc-column content-text active-extra-styles \" style=\"text-align: justify;\" data-block-type=\"unstyled\" data-block-weight=\"36\" data-block-id=\"14\">\n<p class=\"content-text__container \" data-track-category=\"Link no Texto\" data-track-links=\"\">\u201cDesde as 5h30 a gente estava em p\u00e9 e s\u00f3 parava quando anoitecesse. Ent\u00e3o, foi o sol, foi a lama, foi a terra, tudo isso desgasta muito nosso corpo\u201d, relatou ao\u00a0<strong>G1\u00a0<\/strong>sobre as dificuldades.<\/p>\n<\/div>\n<div class=\"mc-column content-text active-extra-styles \" style=\"text-align: justify;\" data-block-type=\"unstyled\" data-block-weight=\"37\" data-block-id=\"15\">\n<p class=\"content-text__container \" data-track-category=\"Link no Texto\" data-track-links=\"\">Grupos de bombeiros trabalhavam em \u00e1reas separadas e determinadas. \u201cNo tempo em que est\u00e1vamos l\u00e1, nesses aproximadamente dez dias, foram localizados alguns corpos e alguns membros, peda\u00e7os de alguns corpos; ent\u00e3o, todos os dias tinha resultado\u201d, lembrou.<\/p>\n<\/div>\n<div class=\"mc-column content-text active-extra-styles \" style=\"text-align: justify;\" data-block-type=\"unstyled\" data-block-weight=\"50\" data-block-id=\"16\">\n<p class=\"content-text__container \" data-track-category=\"Link no Texto\" data-track-links=\"\">\u201cCada ocorr\u00eancia a que a gente vai acrescenta como experi\u00eancia profissional e fica de aprendizado. Aprendi muito, tanto com os amigos que foram daqui como os que a gente encontrou l\u00e1, como bombeiros de outros estados. A gente aprende muito, ainda mais com uma ocorr\u00eancia dessa magnitude\u201d, enfatizou ao\u00a0<strong>G1<\/strong><\/p>\n<\/div>\n<div class=\"mc-column content-text active-extra-styles \" data-block-type=\"unstyled\" data-block-weight=\"39\" data-block-id=\"17\">\n<p class=\"content-text__container \" style=\"text-align: justify;\" data-track-category=\"Link no Texto\" data-track-links=\"\">Mas n\u00e3o foi somente em \u00e2mbito profissional que a experi\u00eancia agregou. \u201cComo pessoa, acho que o que acrescentou foi pra gente dar mais valor em pequenas coisas, porque a qualquer momento a gente pode estar perdendo, inclusive familiares\u201d, pontuou.<\/p>\n<p style=\"text-align: justify;\" data-track-category=\"Link no Texto\" data-track-links=\"\">Durante as buscas, Marcelo se recorda de \u201cum fato legal\u201d, envolvendo uma casa que estava quase desabando.<\/p>\n<p style=\"text-align: justify;\" data-track-category=\"Link no Texto\" data-track-links=\"\"><img loading=\"lazy\" decoding=\"async\" class=\"alignnone size-full wp-image-18303\" src=\"https:\/\/jorgezanoni.com.br\/2019\/wp-content\/uploads\/2020\/02\/bru2.jpg\" alt=\"\" width=\"640\" height=\"480\" srcset=\"https:\/\/jorgezanoni.com.br\/2019\/wp-content\/uploads\/2020\/02\/bru2.jpg 640w, https:\/\/jorgezanoni.com.br\/2019\/wp-content\/uploads\/2020\/02\/bru2-300x225.jpg 300w, https:\/\/jorgezanoni.com.br\/2019\/wp-content\/uploads\/2020\/02\/bru2-80x60.jpg 80w, https:\/\/jorgezanoni.com.br\/2019\/wp-content\/uploads\/2020\/02\/bru2-265x198.jpg 265w, https:\/\/jorgezanoni.com.br\/2019\/wp-content\/uploads\/2020\/02\/bru2-560x420.jpg 560w\" sizes=\"auto, (max-width: 640px) 100vw, 640px\" \/>Casa quase desabando na \u00e1rea atingida pelos dejetos, em Brumadinho (MG) \u2014 Foto: Marcelo Gon\u00e7alves Afonso\/Arquivo pessoal<\/p>\n<div class=\"mc-column content-text active-extra-styles \" style=\"text-align: justify;\" data-block-type=\"unstyled\" data-block-weight=\"58\" data-block-id=\"21\">\n<p class=\"content-text__container \" data-track-category=\"Link no Texto\" data-track-links=\"\">\u201cUma senhora que perdeu dois filhos nessa ocorr\u00eancia queria recuperar alguma coisa que fosse deles. Ent\u00e3o, n\u00f3s encontramos naquela casa dois quadros, um de cada filho, e encontramos tamb\u00e9m a imagem de uma santa que fazia parte da fam\u00edlia havia mais de 100 anos, foi passada de gera\u00e7\u00e3o em gera\u00e7\u00e3o at\u00e9 chegar a essa senhora\u201d, lembrou ao\u00a0<strong>G1<\/strong>.<\/p>\n<\/div>\n<div class=\"mc-column content-text active-extra-styles \" style=\"text-align: justify;\" data-block-type=\"unstyled\" data-block-weight=\"65\" data-block-id=\"22\">\n<p class=\"content-text__container \" data-track-category=\"Link no Texto\" data-track-links=\"\">A senhora n\u00e3o estava em condi\u00e7\u00f5es psicol\u00f3gicas para ir at\u00e9 o local buscar os materiais, que foram entregues a uma filha e o genro, mas ela mandou um \u00e1udio agradecendo. \u201cFoi bastante legal e emocionante pra n\u00f3s. Ela [a senhora] ficou bastante emocionada, bastante feliz, porque ela n\u00e3o tinha nada dos filhos que pudesse recuperar, um objeto, uma roupa. A fam\u00edlia ficou muito agradecida\u201d, disse.<\/p>\n<\/div>\n<div class=\"mc-column content-text active-extra-styles \" data-block-type=\"unstyled\" data-block-weight=\"33\" data-block-id=\"23\">\n<p class=\"content-text__container \" style=\"text-align: justify;\" data-track-category=\"Link no Texto\" data-track-links=\"\">\u201cUma coisa que pra n\u00f3s foi simples, mas que trouxe, mesmo que por pouco tempo, a alegria de um familiar. Ent\u00e3o, isso foi muito importante pra n\u00f3s e, pessoalmente, me marcou bastante\u201d, salientou.<\/p>\n<p style=\"text-align: justify;\" data-track-category=\"Link no Texto\" data-track-links=\"\"><img loading=\"lazy\" decoding=\"async\" class=\"alignnone size-full wp-image-18304\" src=\"https:\/\/jorgezanoni.com.br\/2019\/wp-content\/uploads\/2020\/02\/bru3.jpg\" alt=\"\" width=\"640\" height=\"480\" srcset=\"https:\/\/jorgezanoni.com.br\/2019\/wp-content\/uploads\/2020\/02\/bru3.jpg 640w, https:\/\/jorgezanoni.com.br\/2019\/wp-content\/uploads\/2020\/02\/bru3-300x225.jpg 300w, https:\/\/jorgezanoni.com.br\/2019\/wp-content\/uploads\/2020\/02\/bru3-80x60.jpg 80w, https:\/\/jorgezanoni.com.br\/2019\/wp-content\/uploads\/2020\/02\/bru3-265x198.jpg 265w, https:\/\/jorgezanoni.com.br\/2019\/wp-content\/uploads\/2020\/02\/bru3-560x420.jpg 560w\" sizes=\"auto, (max-width: 640px) 100vw, 640px\" \/>Santa que passou por gera\u00e7\u00f5es de fam\u00edlia mineira foi localizada em meio a destro\u00e7os \u2014 Foto: Marcelo Gon\u00e7alves Afonso\/Arquivo pessoal<\/p>\n<div class=\"mc-column content-text active-extra-styles \" style=\"text-align: justify;\" data-block-type=\"unstyled\" data-block-weight=\"23\" data-block-id=\"26\">\n<p class=\"content-text__container \" data-track-category=\"Link no Texto\" data-track-links=\"\">Diante da viv\u00eancia, o cabo tirou como mensagem que as pessoas precisam se amar mais, antes que se percam umas \u00e0s outras.<\/p>\n<\/div>\n<div class=\"mc-column content-text active-extra-styles \" data-block-type=\"unstyled\" data-block-weight=\"109\" data-block-id=\"27\">\n<p class=\"content-text__container \" style=\"text-align: justify;\" data-track-category=\"Link no Texto\" data-track-links=\"\">\u201cDemonstrar mais o afeto, o amor por aquelas pessoas que a gente ama. Pequenas coisas, pequenos gestos, fazem a diferen\u00e7a. Atitudes nossas que demonstrem amor fazem toda a diferen\u00e7a numa fam\u00edlia. Voc\u00ea dar um abra\u00e7o, dar um beijo num ente familiar seu, s\u00e3o pequenos gestos que voc\u00ea faz que fazem toda a diferen\u00e7a. A qualquer momento voc\u00ea pode perder um ente querido e se arrepender l\u00e1 na frente: \u2018Ah, podia ter dado um abra\u00e7o, um beijo no meu pai, na minha m\u00e3e, que seria diferente&#8217;. O que fica pra mim de aprendizado \u00e9 isso, a gente amar mais as pessoas, porque a qualquer momento a gente pode perder\u201d, finalizou.<\/p>\n<p style=\"text-align: justify;\" data-track-category=\"Link no Texto\" data-track-links=\"\"><img loading=\"lazy\" decoding=\"async\" class=\"alignnone size-full wp-image-18305\" src=\"https:\/\/jorgezanoni.com.br\/2019\/wp-content\/uploads\/2020\/02\/bru-4.jpg\" alt=\"\" width=\"640\" height=\"640\" srcset=\"https:\/\/jorgezanoni.com.br\/2019\/wp-content\/uploads\/2020\/02\/bru-4.jpg 640w, https:\/\/jorgezanoni.com.br\/2019\/wp-content\/uploads\/2020\/02\/bru-4-150x150.jpg 150w, https:\/\/jorgezanoni.com.br\/2019\/wp-content\/uploads\/2020\/02\/bru-4-300x300.jpg 300w, https:\/\/jorgezanoni.com.br\/2019\/wp-content\/uploads\/2020\/02\/bru-4-420x420.jpg 420w\" sizes=\"auto, (max-width: 640px) 100vw, 640px\" \/>Cabo Marcelo foi um dos volunt\u00e1rios que ajudaram nas buscas em Brumadinho (MG) \u2014 Foto: Marcelo Gon\u00e7alves Afonso\/Arquivo pessoal<\/p>\n<div class=\"mc-column content-text active-extra-styles\" style=\"text-align: justify;\" data-block-type=\"raw\" data-block-weight=\"1\" data-block-id=\"29\">\n<div class=\"content-intertitle\">\n<h2>Uni\u00e3o<\/h2>\n<\/div>\n<\/div>\n<div class=\"mc-column content-text active-extra-styles\" data-block-type=\"raw\" data-block-weight=\"18\" data-block-id=\"30\">\n<blockquote class=\"content-blockquote theme-border-color-primary-before\"><p>\u201cA gente aprende mais sobre o que \u00e9 dar e receber\u201d<br \/>\n[<strong><em>Cabo Alexandre D\u00e1rio Gibin, de Presidente Prudente<\/em><\/strong>]<\/p><\/blockquote>\n<blockquote><p><img loading=\"lazy\" decoding=\"async\" class=\"alignnone size-full wp-image-18306\" src=\"https:\/\/jorgezanoni.com.br\/2019\/wp-content\/uploads\/2020\/02\/Bru-5.jpg\" alt=\"\" width=\"640\" height=\"480\" srcset=\"https:\/\/jorgezanoni.com.br\/2019\/wp-content\/uploads\/2020\/02\/Bru-5.jpg 640w, https:\/\/jorgezanoni.com.br\/2019\/wp-content\/uploads\/2020\/02\/Bru-5-300x225.jpg 300w, https:\/\/jorgezanoni.com.br\/2019\/wp-content\/uploads\/2020\/02\/Bru-5-80x60.jpg 80w, https:\/\/jorgezanoni.com.br\/2019\/wp-content\/uploads\/2020\/02\/Bru-5-265x198.jpg 265w, https:\/\/jorgezanoni.com.br\/2019\/wp-content\/uploads\/2020\/02\/Bru-5-560x420.jpg 560w\" sizes=\"auto, (max-width: 640px) 100vw, 640px\" \/>Cabo Alexandre Gibin se voluntariou para ajudar nas buscas em Brumadinho, h\u00e1 um ano \u2014 Foto: Alexandre D\u00e1rio Gibin\/Arquivo pessoal<\/p><\/blockquote>\n<blockquote>\n<div class=\"mc-column content-text active-extra-styles \" style=\"text-align: justify;\" data-block-type=\"unstyled\" data-block-weight=\"50\" data-block-id=\"33\">\n<p class=\"content-text__container \" data-track-category=\"Link no Texto\" data-track-links=\"\">Quando houve a ocorr\u00eancia de Brumadinho, o cabo Alexandre D\u00e1rio Gibin logo se voluntariou. At\u00e9 pegaria um afastamento, mas n\u00e3o foi autorizado devido ao risco de contamina\u00e7\u00e3o e porque ele n\u00e3o estaria amparado pela lei. Ent\u00e3o, o bombeiro deixou seu nome na lista e ficou no aguardo de ser chamado.<\/p>\n<\/div>\n<div class=\"mc-column content-text active-extra-styles \" style=\"text-align: justify;\" data-block-type=\"unstyled\" data-block-weight=\"36\" data-block-id=\"34\">\n<p class=\"content-text__container \" data-track-category=\"Link no Texto\" data-track-links=\"\">Para seguir ao apoio, foi realizada uma seletiva, j\u00e1 que eram necess\u00e1rios alguns quesitos, cursos. Ao final dela, Gibin foi chamado a compor a primeira turma do Oeste Paulista, a segunda do Estado de S\u00e3o Paulo.<\/p>\n<\/div>\n<div class=\"mc-column content-text active-extra-styles \" style=\"text-align: justify;\" data-block-type=\"unstyled\" data-block-weight=\"39\" data-block-id=\"35\">\n<p class=\"content-text__container \" data-track-category=\"Link no Texto\" data-track-links=\"\">Voluntariar-se \u201cest\u00e1 no sangue do bombeiro\u201d, declarou ao\u00a0<strong>G1\u00a0<\/strong>o cabo. \u201cToda vez que tem uma ocorr\u00eancia fora que a gente sabe que vai pegar alguns volunt\u00e1rios de outros estados, de outras cidades, a gente tamb\u00e9m quer participar\u201d, afirmou.<\/p>\n<\/div>\n<div class=\"mc-column content-text active-extra-styles \" style=\"text-align: justify;\" data-block-type=\"unstyled\" data-block-weight=\"37\" data-block-id=\"36\">\n<p class=\"content-text__container \" data-track-category=\"Link no Texto\" data-track-links=\"\">Chegou o dia de partir e, durante a viagem, surgiam muitos pensamentos sobre o que lhe esperava. \u201c\u00c9 s\u00f3 uma inc\u00f3gnita. A gente n\u00e3o sabe a propor\u00e7\u00e3o, a grandeza, o tamanho do que \u00e9 aquilo l\u00e1\u201d, comentou.<\/p>\n<\/div>\n<div class=\"mc-column content-text active-extra-styles \" style=\"text-align: justify;\" data-block-type=\"unstyled\" data-block-weight=\"35\" data-block-id=\"37\">\n<p class=\"content-text__container \" data-track-category=\"Link no Texto\" data-track-links=\"\">Ao chegar a Brumadinho, a equipe nem parou em hotel, por exemplo, e j\u00e1 seguiu diretamente ao local do desastre para ajudar com as buscas. Foram tra\u00e7ados os \u201cplanos de combate\u201d e come\u00e7aram os trabalhos.<\/p>\n<\/div>\n<div class=\"mc-column content-text active-extra-styles \" style=\"text-align: justify;\" data-block-type=\"unstyled\" data-block-weight=\"66\" data-block-id=\"38\">\n<p class=\"content-text__container \" data-track-category=\"Link no Texto\" data-track-links=\"\">Quando viu o cen\u00e1rio devastador, o cabo disse que a primeira sensa\u00e7\u00e3o, sozinho em pensamento, foi de impot\u00eancia. \u201cA gente fala: \u2018O que eu posso fazer? \u00c9 muito grande. Sozinho\u2019. Mas depois isso muda. Muda quando voc\u00ea v\u00ea todo mundo junto. Voc\u00ea fala: \u2018Poxa, aqui \u00e9 um corpo, por isso o nome \u00e9 Corpo de Bombeiros\u2019. A\u00ed a gente tem for\u00e7a de novo\u201d, lembrou ao\u00a0<strong>G1<\/strong>.<\/p>\n<\/div>\n<div class=\"mc-column content-text active-extra-styles \" style=\"text-align: justify;\" data-block-type=\"unstyled\" data-block-weight=\"41\" data-block-id=\"39\">\n<p class=\"content-text__container \" data-track-category=\"Link no Texto\" data-track-links=\"\">\u201cA gente estava trabalhando com um pessoal de fora, que nunca viu na vida, todas as for\u00e7as unidas, Marinha, Ex\u00e9rcito, Aeron\u00e1utica, For\u00e7a Nacional, Pol\u00edcia Civil, Cient\u00edfica, volunt\u00e1rios, bombeiros civis, legistas, todos juntos e n\u00e3o tinha desorganiza\u00e7\u00e3o\u201d, contou ao\u00a0<strong>G1\u00a0<\/strong>o bombeiro.<\/p>\n<\/div>\n<div class=\"mc-column content-text active-extra-styles \" style=\"text-align: justify;\" data-block-type=\"unstyled\" data-block-weight=\"59\" data-block-id=\"41\">\n<p class=\"content-text__container \" data-track-category=\"Link no Texto\" data-track-links=\"\">Em uma base \u201cgigantesca\u201d montada, \u201cum centro de comando que parecia um neg\u00f3cio de guerra\u201d, a organiza\u00e7\u00e3o chamava a aten\u00e7\u00e3o de Gibin. \u201cVoc\u00ea falava: \u2018N\u00e3o \u00e9 o Brasil\u2019\u201d, comentou. No local tamb\u00e9m havia alimenta\u00e7\u00e3o, isot\u00f4nico e \u00e1gua. Tudo era consumido sem desperd\u00edcio. \u201cEra uma fartura muito grande e voc\u00ea n\u00e3o via desperd\u00edcio, n\u00e3o via nada jogado no ch\u00e3o\u201d, detalhou.<\/p>\n<\/div>\n<div class=\"mc-column content-text active-extra-styles \" data-block-type=\"unstyled\" data-block-weight=\"70\" data-block-id=\"42\">\n<p class=\"content-text__container \" style=\"text-align: justify;\" data-track-category=\"Link no Texto\" data-track-links=\"\">\u201cDessas buscas que a gente teve, o que marcou foram animais que estavam em decomposi\u00e7\u00e3o, mas n\u00e3o era normal. A gente n\u00e3o via larvas, n\u00e3o tinha urubu, n\u00e3o tinha nada. Ele dissolvia normalmente. Tamb\u00e9m a grandeza da situa\u00e7\u00e3o, porque, na TV, a gente via uma coisa e, l\u00e1, a gente sobrevoava um bom per\u00edodo pra chegar no local e era muito grande. A realidade era enormemente maior\u201d, descreveu ao\u00a0<strong>G1<\/strong>.<\/p>\n<p style=\"text-align: justify;\" data-track-category=\"Link no Texto\" data-track-links=\"\"><strong><img loading=\"lazy\" decoding=\"async\" class=\"alignnone size-full wp-image-18307\" src=\"https:\/\/jorgezanoni.com.br\/2019\/wp-content\/uploads\/2020\/02\/bru6.jpg\" alt=\"\" width=\"640\" height=\"951\" srcset=\"https:\/\/jorgezanoni.com.br\/2019\/wp-content\/uploads\/2020\/02\/bru6.jpg 640w, https:\/\/jorgezanoni.com.br\/2019\/wp-content\/uploads\/2020\/02\/bru6-202x300.jpg 202w, https:\/\/jorgezanoni.com.br\/2019\/wp-content\/uploads\/2020\/02\/bru6-283x420.jpg 283w\" sizes=\"auto, (max-width: 640px) 100vw, 640px\" \/><\/strong><\/p>\n<div class=\"row medium-uncollapsed content-media content-photo\" style=\"text-align: justify;\" data-block-type=\"backstage-photo\" data-block-id=\"43\">\n<div class=\"mc-column content-media__container\">\n<p class=\"content-media__description \">Mural com mensagens de crian\u00e7as marcou a passagem do cabo Gibin por Brumadinho \u2014 Foto: Alexandre D\u00e1rio Gibin\/Arquivo pessoal<\/p>\n<\/div>\n<\/div>\n<div class=\"mc-column content-text active-extra-styles \" data-block-type=\"unstyled\" data-block-weight=\"72\" data-block-id=\"44\">\n<p class=\"content-text__container \" style=\"text-align: justify;\" data-track-category=\"Link no Texto\" data-track-links=\"\">Apesar do clima de tristeza, algumas coisas boas tamb\u00e9m aconteciam e marcaram o cabo Gibin. \u201cQuando a gente passava com os \u00f4nibus pra ir para o embarque das aeronaves, a popula\u00e7\u00e3o aplaudia, chamava de her\u00f3i\u201d, recordou. E a gratid\u00e3o era exposta fora da \u00e1rea do desastre tamb\u00e9m. O bombeiro contou que no hotel, na hora da janta, as pessoas se levantavam e aplaudiam quando as equipes chegavam ao restaurante, e as cumprimentavam.<\/p>\n<p style=\"text-align: justify;\" data-track-category=\"Link no Texto\" data-track-links=\"\">\u201cO fato que mais me marcou foi um mural criado pelas crian\u00e7as elogiando os bombeiros, dando apoio, v\u00e1rios desenhos, poemas [<strong><em>veja no v\u00eddeo abaixo<\/em><\/strong>]. Uma coisa que marcou, porque a gente acha que a crian\u00e7a n\u00e3o est\u00e1 vendo, n\u00e3o est\u00e1 nem a\u00ed com nada, mas est\u00e3o vendo; foi muito bonito isso a\u00ed\u201d, relatou ao\u00a0<strong>G1<\/strong>.<\/p>\n<div class=\"mc-column content-text active-extra-styles \" style=\"text-align: justify;\" data-block-type=\"unstyled\" data-block-weight=\"13\" data-block-id=\"48\">\n<p class=\"content-text__container \" data-track-category=\"Link no Texto\" data-track-links=\"\">Gibin afirmou que v\u00e1rias coisas os marcam no momento e tamb\u00e9m depois.<\/p>\n<\/div>\n<div class=\"mc-column content-text active-extra-styles \" data-block-type=\"unstyled\" data-block-weight=\"52\" data-block-id=\"49\">\n<p class=\"content-text__container \" style=\"text-align: justify;\" data-track-category=\"Link no Texto\" data-track-links=\"\">\u201cSua vida fica diferente depois disso a\u00ed. Mas o que mais me marcou foram as crian\u00e7as. Quando viam a gente, era uma festa. Voc\u00ea via que a cidade estava em luto, o sorriso n\u00e3o \u00e9 o mesmo sorriso, n\u00e3o tem o brilho no sorriso. Mas as crian\u00e7as eram tudo de bom\u201d, disse.<\/p>\n<p style=\"text-align: justify;\" data-track-category=\"Link no Texto\" data-track-links=\"\"><img loading=\"lazy\" decoding=\"async\" class=\"alignnone size-full wp-image-18308\" src=\"https:\/\/jorgezanoni.com.br\/2019\/wp-content\/uploads\/2020\/02\/Bru-7.jpg\" alt=\"\" width=\"640\" height=\"354\" srcset=\"https:\/\/jorgezanoni.com.br\/2019\/wp-content\/uploads\/2020\/02\/Bru-7.jpg 640w, https:\/\/jorgezanoni.com.br\/2019\/wp-content\/uploads\/2020\/02\/Bru-7-300x166.jpg 300w\" sizes=\"auto, (max-width: 640px) 100vw, 640px\" \/><\/p>\n<div class=\"row medium-uncollapsed content-media content-photo\" style=\"text-align: justify;\" data-block-type=\"backstage-photo\" data-block-id=\"50\">\n<div class=\"mc-column content-media__container\">\n<p class=\"content-media__description \">Mural com mensagens de crian\u00e7as marcou a passagem de Gibin por Brumadinho \u2014 Foto: Alexandre D\u00e1rio Gibin\/Arquivo pessoal<\/p>\n<\/div>\n<\/div>\n<div class=\"content-ads content-ads--reveal\" style=\"text-align: justify;\" data-block-type=\"ads\" data-block-id=\"51\"><\/div>\n<div class=\"mc-column content-text active-extra-styles \" style=\"text-align: justify;\" data-block-type=\"unstyled\" data-block-weight=\"40\" data-block-id=\"52\">\n<p class=\"content-text__container \" data-track-category=\"Link no Texto\" data-track-links=\"\">Toda a gratid\u00e3o e a intera\u00e7\u00e3o foram positivas, segundo o bombeiro, pois a experi\u00eancia lhe proporcionou amizades, conhecimento de servi\u00e7o, \u201ccoisa que a gente nunca tinha feito\u201d. \u201cCoisas boas e grandiosas que aconteceram no momento, mesmo num local triste\u201d, comentou.<\/p>\n<\/div>\n<div class=\"mc-column content-text active-extra-styles \" style=\"text-align: justify;\" data-block-type=\"unstyled\" data-block-weight=\"58\" data-block-id=\"53\">\n<p class=\"content-text__container \" data-track-category=\"Link no Texto\" data-track-links=\"\">A rotina era pesada e cansativa. As equipes trabalhavam direto. Acordavam antes das 6h para \u201cirem para o barro\u201d e s\u00f3 voltavam \u00e0 noite para o hotel, que era em\u00a0<a href=\"https:\/\/g1.globo.com\/mg\/minas-gerais\/cidade\/belo-horizonte\/\">Belo Horizonte (MG)<\/a>, a cerca de 1h20 de dist\u00e2ncia de Brumadinho. Chegavam, jantavam, arrumavam as coisas para o dia seguinte e iam dormir, j\u00e1 por volta da 0h.<\/p>\n<\/div>\n<div class=\"mc-column content-text active-extra-styles \" style=\"text-align: justify;\" data-block-type=\"unstyled\" data-block-weight=\"68\" data-block-id=\"54\">\n<p class=\"content-text__container \" data-track-category=\"Link no Texto\" data-track-links=\"\">Durante o dia, a comida eram bolachinhas, doces, barras de prote\u00ednas, coisas com as quais as pessoas n\u00e3o precisassem ter contato. \u201cA gente abria o envelope, comia inteiro e guardava o saquinho, pra gente n\u00e3o se contaminar, pra contaminar o menos poss\u00edvel. At\u00e9 a parte de alimenta\u00e7\u00e3o a gente aprende alguma coisa, a gente n\u00e3o precisa de tudo o que a gente tem, consegue viver com menos\u201d, contou.<\/p>\n<\/div>\n<div class=\"mc-column content-text active-extra-styles \" style=\"text-align: justify;\" data-block-type=\"unstyled\" data-block-weight=\"73\" data-block-id=\"55\">\n<p class=\"content-text__container \" data-track-category=\"Link no Texto\" data-track-links=\"\">Para o bombeiro, entre as coisas mais dif\u00edceis estavam a tristeza e a destrui\u00e7\u00e3o. \u201cVoc\u00ea via casa destru\u00edda, fam\u00edlias inteiras destru\u00eddas, vidas. N\u00e3o eram s\u00f3 vidas perdidas. Tem gente l\u00e1 que perdeu a vida, em tese, a casa dele que tinha tudo. A gente \u00e0s vezes pensa s\u00f3 em vida, procurar corpos, mas n\u00e3o era s\u00f3 isso, \u00e9 muita coisa envolvida; pessoas perderam vidas inteiras l\u00e1 e isso d\u00e1 tristeza\u201d, exp\u00f4s ao\u00a0<strong>G1<\/strong>.<\/p>\n<\/div>\n<div class=\"mc-column content-text active-extra-styles \" style=\"text-align: justify;\" data-block-type=\"unstyled\" data-block-weight=\"26\" data-block-id=\"56\">\n<p class=\"content-text__container \" data-track-category=\"Link no Texto\" data-track-links=\"\">\u201cA gente aprende mais sobre o que \u00e9 dar e receber, de verdade, se doar para ajudar algu\u00e9m e a agradecer pelo que tem\u201d, enfatizou.<\/p>\n<\/div>\n<div class=\"mc-column content-text active-extra-styles \" style=\"text-align: justify;\" data-block-type=\"unstyled\" data-block-weight=\"59\" data-block-id=\"57\">\n<p class=\"content-text__container \" data-track-category=\"Link no Texto\" data-track-links=\"\">Profissionalmente, Gibin colocou que aprendeu a ver que \u00e9 poss\u00edvel conseguir mais no aprendizado. \u201cA gente trabalha com pessoas que nunca viu, ent\u00e3o, tem de estar preparado, tem que ter alguns cursos, precisa a cada dia mais procurar melhorar, seja fisicamente, psicologicamente ou na parte de atividade de servi\u00e7o, nossos cursos espec\u00edficos que nessa hora fazem a diferen\u00e7a\u201d, salientou.<\/p>\n<\/div>\n<div class=\"mc-column content-text active-extra-styles \" data-block-type=\"unstyled\" data-block-weight=\"11\" data-block-id=\"59\">\n<p class=\"content-text__container \" style=\"text-align: justify;\" data-track-category=\"Link no Texto\" data-track-links=\"\">\u201cUni\u00e3o, \u00e9 s\u00f3 o que a gente precisa, e f\u00e9\u201d, destacou.<\/p>\n<p style=\"text-align: justify;\" data-track-category=\"Link no Texto\" data-track-links=\"\"><img loading=\"lazy\" decoding=\"async\" class=\"alignnone size-full wp-image-18309\" src=\"https:\/\/jorgezanoni.com.br\/2019\/wp-content\/uploads\/2020\/02\/bru-8.jpg\" alt=\"\" width=\"640\" height=\"478\" srcset=\"https:\/\/jorgezanoni.com.br\/2019\/wp-content\/uploads\/2020\/02\/bru-8.jpg 640w, https:\/\/jorgezanoni.com.br\/2019\/wp-content\/uploads\/2020\/02\/bru-8-300x224.jpg 300w, https:\/\/jorgezanoni.com.br\/2019\/wp-content\/uploads\/2020\/02\/bru-8-80x60.jpg 80w, https:\/\/jorgezanoni.com.br\/2019\/wp-content\/uploads\/2020\/02\/bru-8-265x198.jpg 265w, https:\/\/jorgezanoni.com.br\/2019\/wp-content\/uploads\/2020\/02\/bru-8-562x420.jpg 562w\" sizes=\"auto, (max-width: 640px) 100vw, 640px\" \/><\/p>\n<div class=\"row medium-uncollapsed content-media content-photo\" style=\"text-align: justify;\" data-block-type=\"backstage-photo\" data-block-id=\"60\">\n<div class=\"mc-column content-media__container\">\n<p class=\"content-media__description \">Cabo Gibin se voluntariou logo no come\u00e7o, quando ocorreu o desastre ambiental \u2014 Foto: Alexandre D\u00e1rio Gibin\/Arquivo pessoal<\/p>\n<\/div>\n<\/div>\n<div class=\"mc-column content-text active-extra-styles\" style=\"text-align: justify;\" data-block-type=\"raw\" data-block-weight=\"3\" data-block-id=\"61\">\n<div class=\"content-intertitle\">\n<h2>Cidade em luto<\/h2>\n<\/div>\n<\/div>\n<div class=\"mc-column content-text active-extra-styles\" style=\"text-align: justify;\" data-block-type=\"raw\" data-block-weight=\"14\" data-block-id=\"62\">\n<blockquote class=\"content-blockquote theme-border-color-primary-before\"><p>\u201cElas enxergavam em n\u00f3s uma esperan\u00e7a\u201d<br \/>\n[<strong><em>Soldado Luan Miranda Cruz, que atua em Rancharia<\/em><\/strong>]<\/p><\/blockquote>\n<\/div>\n<div class=\"row medium-uncollapsed content-media content-photo\" data-block-type=\"backstage-photo\" data-block-id=\"63\">\n<div class=\"mc-column content-media__container\">\n<div class=\"progressive-img can-open-lightbox\" data-min-size=\"1008x567\" data-min-size-url=\"https:\/\/s2.glbimg.com\/zZBpNixQ6rcaZYbx1npHDZ8HwqY=\/0x0:1280x720\/1008x0\/smart\/filters:strip_icc()\/i.s3.glbimg.com\/v1\/AUTH_59edd422c0c84a879bd37670ae4f538a\/internal_photos\/bs\/2020\/a\/y\/SWQb8USVmgtvSlHIkkiA\/img-20200131-wa0077.jpg\" data-max-size=\"1600x900\" data-max-size-url=\"https:\/\/s2.glbimg.com\/eoxmwJIZXBFiZ1qkNwVVoDQhy44=\/0x0:1280x720\/1600x0\/smart\/filters:strip_icc()\/i.s3.glbimg.com\/v1\/AUTH_59edd422c0c84a879bd37670ae4f538a\/internal_photos\/bs\/2020\/a\/y\/SWQb8USVmgtvSlHIkkiA\/img-20200131-wa0077.jpg\" data-media-index=\"9\"><img loading=\"lazy\" decoding=\"async\" class=\"alignnone size-full wp-image-18310\" src=\"https:\/\/jorgezanoni.com.br\/2019\/wp-content\/uploads\/2020\/02\/Bru-9.jpg\" alt=\"\" width=\"640\" height=\"360\" srcset=\"https:\/\/jorgezanoni.com.br\/2019\/wp-content\/uploads\/2020\/02\/Bru-9.jpg 640w, https:\/\/jorgezanoni.com.br\/2019\/wp-content\/uploads\/2020\/02\/Bru-9-300x169.jpg 300w\" sizes=\"auto, (max-width: 640px) 100vw, 640px\" \/><\/p>\n<div class=\"row medium-uncollapsed content-media content-photo\" style=\"text-align: justify;\" data-block-type=\"backstage-photo\" data-block-id=\"63\">\n<div class=\"mc-column content-media__container\">\n<p class=\"content-media__description \">Soldado Luan Miranda Cruz integrou equipes que ajudaram nas buscas em Brumadinho \u2014 Foto: Luan Miranda Cruz\/Arquivo pessoal<\/p>\n<\/div>\n<\/div>\n<div class=\"mc-column content-text active-extra-styles \" style=\"text-align: justify;\" data-block-type=\"unstyled\" data-block-weight=\"58\" data-block-id=\"64\">\n<p class=\"content-text__container \" data-track-category=\"Link no Texto\" data-track-links=\"\">Quando soube da possibilidade de os militares do Estado de S\u00e3o Paulo irem para Brumadinho ajudar nas buscas, o soldado Luan Miranda Cruz se prontificou de imediato, conforme ressaltou ao\u00a0<strong>G1<\/strong>. \u201cDif\u00edcil falar exatamente um porqu\u00ea dessa decis\u00e3o. Nossa profiss\u00e3o \u00e9 voca\u00e7\u00e3o, \u00e9 ajudar o pr\u00f3ximo. Fui pra l\u00e1 com essa inten\u00e7\u00e3o, de ajudar o m\u00e1ximo poss\u00edvel\u201d, contou.\u201d<\/p>\n<\/div>\n<div class=\"mc-column content-text active-extra-styles \" style=\"text-align: justify;\" data-block-type=\"unstyled\" data-block-weight=\"14\" data-block-id=\"65\">\n<p class=\"content-text__container \" data-track-category=\"Link no Texto\" data-track-links=\"\">O soldado ficou no local de 14 a 20 de fevereiro do ano passado.<\/p>\n<\/div>\n<div class=\"content-ads content-ads--reveal\" style=\"text-align: justify;\" data-block-type=\"ads\" data-block-id=\"66\"><\/div>\n<div class=\"mc-column content-text active-extra-styles \" style=\"text-align: justify;\" data-block-type=\"unstyled\" data-block-weight=\"64\" data-block-id=\"67\">\n<p class=\"content-text__container \" data-track-category=\"Link no Texto\" data-track-links=\"\">\u201cPrimeiramente, se deparar com aquela cidade inteira em luto, era um clima diferente, qualquer um que n\u00e3o soubesse do que tinha acontecido perceberia que havia algo diferente no munic\u00edpio. E exatamente no local do desastre que foi poss\u00edvel ter a real no\u00e7\u00e3o e dimens\u00e3o do fato e entender o porqu\u00ea do clima de tristeza, dor e sofrimento da popula\u00e7\u00e3o\u201d, relatou ao\u00a0<strong>G1\u00a0<\/strong>o soldado.<\/p>\n<\/div>\n<div class=\"mc-column content-text active-extra-styles \" data-block-type=\"unstyled\" data-block-weight=\"59\" data-block-id=\"68\">\n<p class=\"content-text__container \" style=\"text-align: justify;\" data-track-category=\"Link no Texto\" data-track-links=\"\">Todas as equipes trabalhavam em todas as frentes e as buscas eram bem dif\u00edceis. Apesar de ter ido um m\u00eas ap\u00f3s o ocorrido, o bombeiro lembrou ao\u00a0<strong>G1\u00a0<\/strong>que havia lugares onde o acesso era bem complicado, com deslocamento muito remoto. \u201cTinha que se andar em quatro apoios, dividir o peso com contato no ch\u00e3o para n\u00e3o afundar\u201d, contou.<\/p>\n<p style=\"text-align: justify;\" data-track-category=\"Link no Texto\" data-track-links=\"\"><img loading=\"lazy\" decoding=\"async\" class=\"alignnone size-full wp-image-18311\" src=\"https:\/\/jorgezanoni.com.br\/2019\/wp-content\/uploads\/2020\/02\/bru-10.jpg\" alt=\"\" width=\"640\" height=\"360\" srcset=\"https:\/\/jorgezanoni.com.br\/2019\/wp-content\/uploads\/2020\/02\/bru-10.jpg 640w, https:\/\/jorgezanoni.com.br\/2019\/wp-content\/uploads\/2020\/02\/bru-10-300x169.jpg 300w\" sizes=\"auto, (max-width: 640px) 100vw, 640px\" \/><\/p>\n<div class=\"row medium-uncollapsed content-media content-photo\" style=\"text-align: justify;\" data-block-type=\"backstage-photo\" data-block-id=\"69\">\n<div class=\"mc-column content-media__container\">\n<p class=\"content-media__description \">Soldado Luan fez parte da segunda equipe de volunt\u00e1rios da regi\u00e3o de Presidente Prudente \u2014 Foto: Luan Miranda Cruz\/Arquivo pessoal<\/p>\n<\/div>\n<\/div>\n<div class=\"mc-column content-text active-extra-styles \" style=\"text-align: justify;\" data-block-type=\"unstyled\" data-block-weight=\"34\" data-block-id=\"70\">\n<p class=\"content-text__container \" data-track-category=\"Link no Texto\" data-track-links=\"\">A experi\u00eancia foi \u201c\u00fanica\u201d e agregou na vida profissional e pessoal do bombeiro. O contato com toda a log\u00edstica que houve para amparar os trabalhadores e volunt\u00e1rios foi algo n\u00e3o imaginado pelo soldado.<\/p>\n<\/div>\n<div class=\"mc-column content-text active-extra-styles \" style=\"text-align: justify;\" data-block-type=\"unstyled\" data-block-weight=\"36\" data-block-id=\"71\">\n<p class=\"content-text__container \" data-track-category=\"Link no Texto\" data-track-links=\"\">\u201cEra incr\u00edvel e emocionante ver que as pessoas sentiam orgulho e ficavam emocionadas com a presen\u00e7a dos bombeiros. Elas enxergavam em n\u00f3s uma esperan\u00e7a em ter uma not\u00edcia do seu ente desaparecido\u201d, lembrou ao\u00a0<strong>G1<\/strong>.<\/p>\n<\/div>\n<div class=\"mc-column content-text active-extra-styles \" style=\"text-align: justify;\" data-block-type=\"unstyled\" data-block-weight=\"38\" data-block-id=\"72\">\n<p class=\"content-text__container \" data-track-category=\"Link no Texto\" data-track-links=\"\">Conforme lembrou o soldado ao\u00a0<strong>G1<\/strong>, os volunt\u00e1rios abra\u00e7aram a causa e ajudaram muito nos trabalhos. \u201c\u00c9 de extrema relev\u00e2ncia lembrar dos servi\u00e7os daqueles que foram l\u00e1 por pura compaix\u00e3o. Essas coisas agregaram muito em minha vida\u201d, salientou.<\/p>\n<\/div>\n<div class=\"content-ads content-ads--reveal\" style=\"text-align: justify;\" data-block-type=\"ads\" data-block-id=\"73\"><\/div>\n<div class=\"mc-column content-text active-extra-styles \" style=\"text-align: justify;\" data-block-type=\"unstyled\" data-block-weight=\"8\" data-block-id=\"74\">\n<p class=\"content-text__container \" data-track-category=\"Link no Texto\" data-track-links=\"\">Foi um trabalho excepcional e gratificante, segundo Luan.<\/p>\n<\/div>\n<div class=\"mc-column content-text active-extra-styles \" style=\"text-align: justify;\" data-block-type=\"unstyled\" data-block-weight=\"55\" data-block-id=\"75\">\n<p class=\"content-text__container \" data-track-category=\"Link no Texto\" data-track-links=\"\">Ap\u00f3s um ano da experi\u00eancia, o bombeiro diz que ainda \u00e9 ligado \u00e0 situa\u00e7\u00e3o e acompanha os desdobramentos. \u201cQualquer not\u00edcia lhe chama aten\u00e7\u00e3o. As pessoas que sabem que voc\u00ea foi pra l\u00e1 te perguntam se acharam mais v\u00edtimas. Todos queremos consolar as fam\u00edlias e amigos dos desaparecidos, dar o conforto para eles\u201d, disse ao\u00a0<strong>G1<\/strong>.<\/p>\n<\/div>\n<div class=\"mc-column content-text active-extra-styles \" data-block-type=\"unstyled\" data-block-weight=\"38\" data-block-id=\"76\">\n<p class=\"content-text__container \" style=\"text-align: justify;\" data-track-category=\"Link no Texto\" data-track-links=\"\">\u201cQuero agradecer a Deus, primeiramente, por me permitir ajudar as v\u00edtimas e familiares do desastre em Brumadinho, a todos familiares e amigos que me apoiaram desde o momento que souberam que eu era volunt\u00e1rio para a miss\u00e3o\u201d, destacou.<\/p>\n<p style=\"text-align: justify;\" data-track-category=\"Link no Texto\" data-track-links=\"\"><img loading=\"lazy\" decoding=\"async\" class=\"alignnone size-full wp-image-18312\" src=\"https:\/\/jorgezanoni.com.br\/2019\/wp-content\/uploads\/2020\/02\/Bru-11.jpg\" alt=\"\" width=\"640\" height=\"881\" srcset=\"https:\/\/jorgezanoni.com.br\/2019\/wp-content\/uploads\/2020\/02\/Bru-11.jpg 640w, https:\/\/jorgezanoni.com.br\/2019\/wp-content\/uploads\/2020\/02\/Bru-11-218x300.jpg 218w, https:\/\/jorgezanoni.com.br\/2019\/wp-content\/uploads\/2020\/02\/Bru-11-305x420.jpg 305w\" sizes=\"auto, (max-width: 640px) 100vw, 640px\" \/><\/p>\n<div class=\"row medium-uncollapsed content-media content-photo\" style=\"text-align: justify;\" data-block-type=\"backstage-photo\" data-block-id=\"77\">\n<div class=\"mc-column content-media__container\">\n<p class=\"content-media__description \">Equipes do Corpo de Bombeiros de Presidente Prudente prestaram apoio nas buscas em Brumadinho, h\u00e1 um ano \u2014 Foto: Luan Miranda Cruz\/Arquivo pessoal<\/p>\n<\/div>\n<\/div>\n<div class=\"mc-column content-text active-extra-styles\" style=\"text-align: justify;\" data-block-type=\"raw\" data-block-weight=\"1\" data-block-id=\"78\">\n<div class=\"content-intertitle\">\n<h2>Impacto<\/h2>\n<\/div>\n<\/div>\n<div class=\"mc-column content-text active-extra-styles\" data-block-type=\"raw\" data-block-weight=\"17\" data-block-id=\"79\">\n<blockquote class=\"content-blockquote theme-border-color-primary-before\"><p>\u201cO que mais marcou foi a solidariedade de todo mundo\u201d<br \/>\n[<strong><em>Tenente Eduardo Fernando Castanho, de Presidente Venceslau<\/em><\/strong>]<\/p><\/blockquote>\n<blockquote><p><img loading=\"lazy\" decoding=\"async\" class=\"alignnone size-full wp-image-18313\" src=\"https:\/\/jorgezanoni.com.br\/2019\/wp-content\/uploads\/2020\/02\/bru12.jpg\" alt=\"\" width=\"640\" height=\"480\" srcset=\"https:\/\/jorgezanoni.com.br\/2019\/wp-content\/uploads\/2020\/02\/bru12.jpg 640w, https:\/\/jorgezanoni.com.br\/2019\/wp-content\/uploads\/2020\/02\/bru12-300x225.jpg 300w, https:\/\/jorgezanoni.com.br\/2019\/wp-content\/uploads\/2020\/02\/bru12-80x60.jpg 80w, https:\/\/jorgezanoni.com.br\/2019\/wp-content\/uploads\/2020\/02\/bru12-265x198.jpg 265w, https:\/\/jorgezanoni.com.br\/2019\/wp-content\/uploads\/2020\/02\/bru12-560x420.jpg 560w\" sizes=\"auto, (max-width: 640px) 100vw, 640px\" \/><\/p>\n<div class=\"row medium-uncollapsed content-media content-photo\" style=\"text-align: justify;\" data-block-type=\"backstage-photo\" data-block-id=\"80\">\n<div class=\"mc-column content-media__container\">\n<p class=\"content-media__description \">O tenente Eduardo Fernando Castanho trabalhou em Brumadinho \u2014 Foto: Eduardo Fernando Castanho\/Arquivo pessoal<\/p>\n<\/div>\n<\/div>\n<div class=\"content-ads content-ads--reveal\" style=\"text-align: justify;\" data-block-type=\"ads\" data-block-id=\"81\"><\/div>\n<div class=\"mc-column content-text active-extra-styles \" style=\"text-align: justify;\" data-block-type=\"unstyled\" data-block-weight=\"56\" data-block-id=\"82\">\n<p class=\"content-text__container \" data-track-category=\"Link no Texto\" data-track-links=\"\">\u00c0 \u00e9poca 1\u00ba sargento atuante em\u00a0<a href=\"https:\/\/g1.globo.com\/sp\/presidente-prudente-regiao\/cidade\/presidente-venceslau\/\">Presidente Venceslau (SP)<\/a>, o agora oficial da PM Eduardo Fernando Castanho comentou ao\u00a0<strong>G1\u00a0<\/strong>que o voluntariado no Corpo de Bombeiros \u00e9 muito comum. S\u00e3o diversos trabalhos, realiza\u00e7\u00e3o de cursos e aperfei\u00e7oamento justamente para poder contribuir com a popula\u00e7\u00e3o, ent\u00e3o, numa ocorr\u00eancia dessa magnitude, seguiu junto \u00e0 For\u00e7a Tarefa.<\/p>\n<\/div>\n<div class=\"mc-column content-text active-extra-styles \" style=\"text-align: justify;\" data-block-type=\"unstyled\" data-block-weight=\"43\" data-block-id=\"83\">\n<p class=\"content-text__container \" data-track-category=\"Link no Texto\" data-track-links=\"\">\u201cPrecisava de alguns quesitos e cursos pra atuar no desastre em Brumadinho, principalmente o curso de salvamento terrestre, ent\u00e3o, fui volunt\u00e1rio pra ir ajudar, mesmo at\u00e9 porque tinha no\u00e7\u00e3o de que, provavelmente, essa seria a maior ocorr\u00eancia da minha vida\u201d, contou ao\u00a0<strong>G1<\/strong>.<\/p>\n<\/div>\n<div class=\"mc-column content-text active-extra-styles \" data-block-type=\"unstyled\" data-block-weight=\"47\" data-block-id=\"84\">\n<p class=\"content-text__container \" style=\"text-align: justify;\" data-track-category=\"Link no Texto\" data-track-links=\"\">O tenente destacou que o deslocamento foi bem cansativo. \u201cSa\u00ed de Presidente Venceslau de manh\u00e3, cheguei em S\u00e3o Paulo \u00e0 noite; n\u00f3s fomos pro Hospital da Pol\u00edcia Militar fazer alguns exames e de l\u00e1 seguimos pra Minas Gerais de \u00f4nibus. Ent\u00e3o, fiquei praticamente 24 horas viajando\u201d, lembrou.<\/p>\n<p style=\"text-align: justify;\" data-track-category=\"Link no Texto\" data-track-links=\"\"><img loading=\"lazy\" decoding=\"async\" class=\"alignnone size-full wp-image-18314\" src=\"https:\/\/jorgezanoni.com.br\/2019\/wp-content\/uploads\/2020\/02\/bru13.jpg\" alt=\"\" width=\"640\" height=\"480\" srcset=\"https:\/\/jorgezanoni.com.br\/2019\/wp-content\/uploads\/2020\/02\/bru13.jpg 640w, https:\/\/jorgezanoni.com.br\/2019\/wp-content\/uploads\/2020\/02\/bru13-300x225.jpg 300w, https:\/\/jorgezanoni.com.br\/2019\/wp-content\/uploads\/2020\/02\/bru13-80x60.jpg 80w, https:\/\/jorgezanoni.com.br\/2019\/wp-content\/uploads\/2020\/02\/bru13-265x198.jpg 265w, https:\/\/jorgezanoni.com.br\/2019\/wp-content\/uploads\/2020\/02\/bru13-560x420.jpg 560w\" sizes=\"auto, (max-width: 640px) 100vw, 640px\" \/><\/p>\n<div class=\"row medium-uncollapsed content-media content-photo\" style=\"text-align: justify;\" data-block-type=\"backstage-photo\" data-block-id=\"85\">\n<div class=\"mc-column content-media__container\">\n<p class=\"content-media__description \">O tenente Eduardo Fernando Castanho trabalhou em Brumadinho \u2014 Foto: Eduardo Fernando Castanho\/Arquivo pessoal<\/p>\n<\/div>\n<\/div>\n<div class=\"mc-column content-text active-extra-styles \" style=\"text-align: justify;\" data-block-type=\"unstyled\" data-block-weight=\"49\" data-block-id=\"86\">\n<p class=\"content-text__container \" data-track-category=\"Link no Texto\" data-track-links=\"\">J\u00e1 em terra mineira, os bombeiros da segunda For\u00e7a de Presidente Prudente \u2013 e a quarta do Estado de S\u00e3o Paulo \u2013 foram para um lugar reservado \u00e0s equipes dos estados, onde houve a passagem de comando. \u201cAt\u00e9 ali a gente n\u00e3o tinha visto nada\u201d, disse ao\u00a0<strong>G1<\/strong>.<\/p>\n<\/div>\n<div class=\"mc-column content-text active-extra-styles \" style=\"text-align: justify;\" data-block-type=\"unstyled\" data-block-weight=\"57\" data-block-id=\"87\">\n<p class=\"content-text__container \" data-track-category=\"Link no Texto\" data-track-links=\"\">\u201cPra chegar no local da trag\u00e9dia, o primeiro voo foi feito com o helic\u00f3ptero das For\u00e7as Armadas. Quando n\u00f3s sobrevoamos a \u00e1rea totalmente tomada pela lama, a\u00ed o choque \u00e9 pesado, porque a gente n\u00e3o tem no\u00e7\u00e3o vendo na televis\u00e3o da dimens\u00e3o do que foi tomado pela lama. O neg\u00f3cio \u00e9 impactante\u201d, declarou ao\u00a0<strong>G1\u00a0<\/strong>o tenente.<\/p>\n<\/div>\n<div class=\"content-ads content-ads--reveal\" style=\"text-align: justify;\" data-block-type=\"ads\" data-block-id=\"88\"><\/div>\n<div class=\"mc-column content-text active-extra-styles \" style=\"text-align: justify;\" data-block-type=\"unstyled\" data-block-weight=\"59\" data-block-id=\"89\">\n<p class=\"content-text__container \" data-track-category=\"Link no Texto\" data-track-links=\"\">O oficial pediu para imaginar no local um leito de um rio, onde existem as curvas. \u201cQuando a \u00e1gua e a lama est\u00e3o descendo e elas se deparam com um obst\u00e1culo, uma curva, por exemplo, batem naquele barranco e voltam fazendo bra\u00e7os\u201d. Foram com esses \u201cbra\u00e7os\u201d de lama de um quil\u00f4metro, um quil\u00f4metro e meio, que se depararam.<\/p>\n<\/div>\n<div class=\"mc-column content-text active-extra-styles \" style=\"text-align: justify;\" data-block-type=\"unstyled\" data-block-weight=\"87\" data-block-id=\"90\">\n<p class=\"content-text__container \" data-track-category=\"Link no Texto\" data-track-links=\"\">\u201cO desafio maior \u00e9 aguentar trabalhar o dia inteiro, porque pra gente entrar dentro da lama \u00e9 [usada] uma roupa de neoprene, como se fosse uma roupa de borracha, de coturno amarrado at\u00e9 o meio da canela pra voc\u00ea afundar o p\u00e9 na lama e na hora que tirar o p\u00e9 o cal\u00e7ado n\u00e3o escapar, e o coturno porque o solado tem que ser grosso, porque tinham muitas palmeiras com espinho, ferragens, madeiras, tudo o que \u00e9 perigoso pra integridade f\u00edsica do bombeiro\u201d, contou ao\u00a0<strong>G1<\/strong>.<\/p>\n<\/div>\n<div class=\"mc-column content-text active-extra-styles \" data-block-type=\"unstyled\" data-block-weight=\"55\" data-block-id=\"91\">\n<p class=\"content-text__container \" style=\"text-align: justify;\" data-track-category=\"Link no Texto\" data-track-links=\"\">Outras situa\u00e7\u00f5es desafiadoras eram o sol e a chuva, aguentar o corpo sujo de lama, a desidrata\u00e7\u00e3o, a pouca alimenta\u00e7\u00e3o. O tenente contou que na bolsa as equipes levavam apenas suplementa\u00e7\u00e3o, lanchinhos frios, isot\u00f4nico e \u00e1gua. \u201cMas nada que a gente n\u00e3o estivesse preparado tamb\u00e9m pelos cursos que a gente fez durante a carreira\u201d, enfatizou.<\/p>\n<p style=\"text-align: justify;\" data-track-category=\"Link no Texto\" data-track-links=\"\"><img loading=\"lazy\" decoding=\"async\" class=\"alignnone size-full wp-image-18315\" src=\"https:\/\/jorgezanoni.com.br\/2019\/wp-content\/uploads\/2020\/02\/bru15.jpg\" alt=\"\" width=\"640\" height=\"480\" srcset=\"https:\/\/jorgezanoni.com.br\/2019\/wp-content\/uploads\/2020\/02\/bru15.jpg 640w, https:\/\/jorgezanoni.com.br\/2019\/wp-content\/uploads\/2020\/02\/bru15-300x225.jpg 300w, https:\/\/jorgezanoni.com.br\/2019\/wp-content\/uploads\/2020\/02\/bru15-80x60.jpg 80w, https:\/\/jorgezanoni.com.br\/2019\/wp-content\/uploads\/2020\/02\/bru15-265x198.jpg 265w, https:\/\/jorgezanoni.com.br\/2019\/wp-content\/uploads\/2020\/02\/bru15-560x420.jpg 560w\" sizes=\"auto, (max-width: 640px) 100vw, 640px\" \/><\/p>\n<div class=\"row medium-uncollapsed content-media content-photo\" style=\"text-align: justify;\" data-block-type=\"backstage-photo\" data-block-id=\"92\">\n<div class=\"mc-column content-media__container\">\n<p class=\"content-media__description \">O tenente Eduardo Fernando Castanho trabalhou em Brumadinho \u2014 Foto: Eduardo Fernando Castanho\/Arquivo pessoal<\/p>\n<\/div>\n<\/div>\n<div class=\"content-ads content-ads--reveal\" style=\"text-align: justify;\" data-block-type=\"ads\" data-block-id=\"93\"><\/div>\n<div class=\"mc-column content-text active-extra-styles \" style=\"text-align: justify;\" data-block-type=\"unstyled\" data-block-weight=\"51\" data-block-id=\"94\">\n<p class=\"content-text__container \" data-track-category=\"Link no Texto\" data-track-links=\"\">Ap\u00f3s oito dias de servi\u00e7o, os bombeiros retornaram \u00e0 regi\u00e3o de Presidente Prudente. \u201cMinas Gerais deu por encerrados os trabalhos e agradeceu ao pessoal de S\u00e3o Paulo, porque a\u00ed n\u00e3o dependia mais de pessoal, porque a gente j\u00e1 tinha feito a \u00e1rea toda batida, dependia de maquin\u00e1rio, de outras coisas\u201d, lembrou.<\/p>\n<\/div>\n<div class=\"mc-column content-text active-extra-styles \" style=\"text-align: justify;\" data-block-type=\"unstyled\" data-block-weight=\"14\" data-block-id=\"95\">\n<p class=\"content-text__container \" data-track-category=\"Link no Texto\" data-track-links=\"\">Para o tenente, a experi\u00eancia foi um \u201ccrescimento indescrit\u00edvel\u201d, em \u00e2mbitos pessoal e profissional.<\/p>\n<\/div>\n<div class=\"mc-column content-text active-extra-styles \" style=\"text-align: justify;\" data-block-type=\"unstyled\" data-block-weight=\"47\" data-block-id=\"96\">\n<p class=\"content-text__container \" data-track-category=\"Link no Texto\" data-track-links=\"\">O bombeiro contou que, quando a trag\u00e9dia ocorreu, ele estava prestes a ir embora para S\u00e3o Paulo (SP) para cursar a habilita\u00e7\u00e3o ao quadro de oficiais na Academia do Barro Branco e muita gente passou a lhe falar que poderia se machucar e perder o curso.<\/p>\n<\/div>\n<div class=\"mc-column content-text active-extra-styles \" style=\"text-align: justify;\" data-block-type=\"unstyled\" data-block-weight=\"58\" data-block-id=\"97\">\n<p class=\"content-text__container \" data-track-category=\"Link no Texto\" data-track-links=\"\">\u201cMas eu preferi ajudar, sabia que ia dar tudo certo. Foi um crescimento espiritual, por isso que a gente retorna e tem no\u00e7\u00e3o do quanto a gente p\u00f4de ajudar, at\u00e9 porque o mineiro agradece muito. A gente ia passando, eles iam agradecendo. A gente percebe que o brasileiro se une e \u00e9 solid\u00e1rio em geral\u201d, destacou ao\u00a0<strong>G1<\/strong>.<\/p>\n<\/div>\n<div class=\"mc-column content-text active-extra-styles \" style=\"text-align: justify;\" data-block-type=\"unstyled\" data-block-weight=\"67\" data-block-id=\"98\">\n<p class=\"content-text__container \" data-track-category=\"Link no Texto\" data-track-links=\"\">Ap\u00f3s um ano, o tenente destacou que foi realmente marcado pela solidariedade de todos e pelo voluntariado. \u201cA gente via l\u00e1 pessoas do Brasil inteiro querendo ajudar, querendo contribuir, cada um do seu modo, lavando farda pra n\u00f3s, levando alimenta\u00e7\u00e3o\u2026 Acho que isso ficou marcado, a uni\u00e3o e a solidariedade ali nessa hora, parece que todo mundo \u00e9 familiar de todo mundo, \u00e9 uma proximidade maior\u201d, comentou.<\/p>\n<\/div>\n<div class=\"mc-column content-text active-extra-styles \" data-block-type=\"unstyled\" data-block-weight=\"62\" data-block-id=\"99\">\n<p class=\"content-text__container \" style=\"text-align: justify;\" data-track-category=\"Link no Texto\" data-track-links=\"\">O agradecimento a Deus pela oportunidade de ser escolhido para estar l\u00e1 no local do desastre se ressalta. \u201cN\u00f3s, do Corpo de Bombeiros da Pol\u00edcia Militar, estaremos sempre \u00e0 disposi\u00e7\u00e3o para ajudar o pr\u00f3ximo. N\u00f3s fizemos um juramento de, se preciso for, sacrificar a pr\u00f3pria vida, e a gente mant\u00e9m esse juramento com honra e estaremos sempre \u00e0 disposi\u00e7\u00e3o\u201d, salientou ao\u00a0<strong>G1<\/strong>.<\/p>\n<p style=\"text-align: justify;\" data-track-category=\"Link no Texto\" data-track-links=\"\"><img loading=\"lazy\" decoding=\"async\" class=\"alignnone size-full wp-image-18316\" src=\"https:\/\/jorgezanoni.com.br\/2019\/wp-content\/uploads\/2020\/02\/bru16.jpg\" alt=\"\" width=\"640\" height=\"480\" srcset=\"https:\/\/jorgezanoni.com.br\/2019\/wp-content\/uploads\/2020\/02\/bru16.jpg 640w, https:\/\/jorgezanoni.com.br\/2019\/wp-content\/uploads\/2020\/02\/bru16-300x225.jpg 300w, https:\/\/jorgezanoni.com.br\/2019\/wp-content\/uploads\/2020\/02\/bru16-80x60.jpg 80w, https:\/\/jorgezanoni.com.br\/2019\/wp-content\/uploads\/2020\/02\/bru16-265x198.jpg 265w, https:\/\/jorgezanoni.com.br\/2019\/wp-content\/uploads\/2020\/02\/bru16-560x420.jpg 560w\" sizes=\"auto, (max-width: 640px) 100vw, 640px\" \/><\/p>\n<div class=\"row medium-uncollapsed content-media content-photo\" style=\"text-align: justify;\" data-block-type=\"backstage-photo\" data-block-id=\"100\">\n<div class=\"mc-column content-media__container\">\n<p class=\"content-media__description \">Gratid\u00e3o do povo mineiro atingido pela trag\u00e9dia marcou o oficial \u2014 Foto: Eduardo Fernando Castanho\/Arquivo pessoal<\/p>\n<\/div>\n<\/div>\n<div class=\"content-ads content-ads--reveal\" style=\"text-align: justify;\" data-block-type=\"ads\" data-block-id=\"101\"><\/div>\n<div class=\"mc-column content-text active-extra-styles \" data-block-type=\"unstyled\" data-block-weight=\"29\" data-block-id=\"102\">\n<p class=\"content-text__container \" style=\"text-align: justify;\" data-track-category=\"Link no Texto\" data-track-links=\"\">Todos relataram ao\u00a0<strong>G1\u00a0<\/strong>que mantiveram contato por meio de redes sociais com pessoas que conheceram em Minas Gerais, tanto com colegas de profiss\u00e3o quanto com familiares de v\u00edtimas.<\/p>\n<p style=\"text-align: justify;\" data-track-category=\"Link no Texto\" data-track-links=\"\"><img loading=\"lazy\" decoding=\"async\" class=\"alignnone size-full wp-image-18317\" src=\"https:\/\/jorgezanoni.com.br\/2019\/wp-content\/uploads\/2020\/02\/Bru-17.jpg\" alt=\"\" width=\"640\" height=\"730\" srcset=\"https:\/\/jorgezanoni.com.br\/2019\/wp-content\/uploads\/2020\/02\/Bru-17.jpg 640w, https:\/\/jorgezanoni.com.br\/2019\/wp-content\/uploads\/2020\/02\/Bru-17-263x300.jpg 263w, https:\/\/jorgezanoni.com.br\/2019\/wp-content\/uploads\/2020\/02\/Bru-17-368x420.jpg 368w\" sizes=\"auto, (max-width: 640px) 100vw, 640px\" \/>Bombeiros da regi\u00e3o de Presidente Prudente apoiaram as buscas em Brumadinho, h\u00e1 um ano \u2014 Foto: Luan Miranda Cruz\/Arquivo pessoal<\/p>\n<p style=\"text-align: justify;\" data-track-category=\"Link no Texto\" data-track-links=\"\"><img loading=\"lazy\" decoding=\"async\" class=\"alignnone size-full wp-image-18318\" src=\"https:\/\/jorgezanoni.com.br\/2019\/wp-content\/uploads\/2020\/02\/Bru-18.jpg\" alt=\"\" width=\"640\" height=\"480\" srcset=\"https:\/\/jorgezanoni.com.br\/2019\/wp-content\/uploads\/2020\/02\/Bru-18.jpg 640w, https:\/\/jorgezanoni.com.br\/2019\/wp-content\/uploads\/2020\/02\/Bru-18-300x225.jpg 300w, https:\/\/jorgezanoni.com.br\/2019\/wp-content\/uploads\/2020\/02\/Bru-18-80x60.jpg 80w, https:\/\/jorgezanoni.com.br\/2019\/wp-content\/uploads\/2020\/02\/Bru-18-265x198.jpg 265w, https:\/\/jorgezanoni.com.br\/2019\/wp-content\/uploads\/2020\/02\/Bru-18-560x420.jpg 560w\" sizes=\"auto, (max-width: 640px) 100vw, 640px\" \/>Cabo Marcelo (primeiro \u00e0 direita) integrou a primeira equipe de Presidente Prudente enviada a Brumadinho \u2014 Foto: Marcelo Gon\u00e7alves Afonso\/Arquivo pessoal<\/p>\n<p style=\"text-align: justify;\" data-track-category=\"Link no Texto\" data-track-links=\"\"><img loading=\"lazy\" decoding=\"async\" class=\"alignnone size-full wp-image-18319\" src=\"https:\/\/jorgezanoni.com.br\/2019\/wp-content\/uploads\/2020\/02\/bru19.jpg\" alt=\"\" width=\"640\" height=\"480\" srcset=\"https:\/\/jorgezanoni.com.br\/2019\/wp-content\/uploads\/2020\/02\/bru19.jpg 640w, https:\/\/jorgezanoni.com.br\/2019\/wp-content\/uploads\/2020\/02\/bru19-300x225.jpg 300w, https:\/\/jorgezanoni.com.br\/2019\/wp-content\/uploads\/2020\/02\/bru19-80x60.jpg 80w, https:\/\/jorgezanoni.com.br\/2019\/wp-content\/uploads\/2020\/02\/bru19-265x198.jpg 265w, https:\/\/jorgezanoni.com.br\/2019\/wp-content\/uploads\/2020\/02\/bru19-560x420.jpg 560w\" sizes=\"auto, (max-width: 640px) 100vw, 640px\" \/>Dimens\u00e3o da \u00e1rea devastada chamou a aten\u00e7\u00e3o dos bombeiros \u2014 Foto: Marcelo Gon\u00e7alves Afonso\/Arquivo pessoal<\/p>\n<p style=\"text-align: justify;\" data-track-category=\"Link no Texto\" data-track-links=\"\"><img loading=\"lazy\" decoding=\"async\" class=\"alignnone size-full wp-image-18320\" src=\"https:\/\/jorgezanoni.com.br\/2019\/wp-content\/uploads\/2020\/02\/bru20.jpg\" alt=\"\" width=\"640\" height=\"480\" srcset=\"https:\/\/jorgezanoni.com.br\/2019\/wp-content\/uploads\/2020\/02\/bru20.jpg 640w, https:\/\/jorgezanoni.com.br\/2019\/wp-content\/uploads\/2020\/02\/bru20-300x225.jpg 300w, https:\/\/jorgezanoni.com.br\/2019\/wp-content\/uploads\/2020\/02\/bru20-80x60.jpg 80w, https:\/\/jorgezanoni.com.br\/2019\/wp-content\/uploads\/2020\/02\/bru20-265x198.jpg 265w, https:\/\/jorgezanoni.com.br\/2019\/wp-content\/uploads\/2020\/02\/bru20-560x420.jpg 560w\" sizes=\"auto, (max-width: 640px) 100vw, 640px\" \/>Trator destru\u00eddo afundado na lama, em Brumadinho \u2014 Foto: Marcelo Gon\u00e7alves Afonso\/Arquivo pessoal<\/p>\n<p style=\"text-align: justify;\" data-track-category=\"Link no Texto\" data-track-links=\"\"><img loading=\"lazy\" decoding=\"async\" class=\"alignnone size-full wp-image-18321\" src=\"https:\/\/jorgezanoni.com.br\/2019\/wp-content\/uploads\/2020\/02\/Bru21.jpg\" alt=\"\" width=\"1600\" height=\"1200\" srcset=\"https:\/\/jorgezanoni.com.br\/2019\/wp-content\/uploads\/2020\/02\/Bru21.jpg 1600w, https:\/\/jorgezanoni.com.br\/2019\/wp-content\/uploads\/2020\/02\/Bru21-300x225.jpg 300w, https:\/\/jorgezanoni.com.br\/2019\/wp-content\/uploads\/2020\/02\/Bru21-768x576.jpg 768w, https:\/\/jorgezanoni.com.br\/2019\/wp-content\/uploads\/2020\/02\/Bru21-1024x768.jpg 1024w, https:\/\/jorgezanoni.com.br\/2019\/wp-content\/uploads\/2020\/02\/Bru21-80x60.jpg 80w, https:\/\/jorgezanoni.com.br\/2019\/wp-content\/uploads\/2020\/02\/Bru21-265x198.jpg 265w, https:\/\/jorgezanoni.com.br\/2019\/wp-content\/uploads\/2020\/02\/Bru21-696x522.jpg 696w, https:\/\/jorgezanoni.com.br\/2019\/wp-content\/uploads\/2020\/02\/Bru21-1068x801.jpg 1068w, https:\/\/jorgezanoni.com.br\/2019\/wp-content\/uploads\/2020\/02\/Bru21-560x420.jpg 560w\" sizes=\"auto, (max-width: 1600px) 100vw, 1600px\" \/>Cabo Gibin (primeiro \u00e0 esquerda) e cabo Marcelo (segundo \u00e0 esquerda) integraram a primeira equipe de Presidente Prudente enviada a Brumadinho \u2014 Foto: Marcelo Gon\u00e7alves Afonso\/Arquivo pessoal<\/p>\n<p style=\"text-align: justify;\" data-track-category=\"Link no Texto\" data-track-links=\"\"><img loading=\"lazy\" decoding=\"async\" class=\"alignnone size-full wp-image-18322\" src=\"https:\/\/jorgezanoni.com.br\/2019\/wp-content\/uploads\/2020\/02\/bru22.jpg\" alt=\"\" width=\"640\" height=\"808\" srcset=\"https:\/\/jorgezanoni.com.br\/2019\/wp-content\/uploads\/2020\/02\/bru22.jpg 640w, https:\/\/jorgezanoni.com.br\/2019\/wp-content\/uploads\/2020\/02\/bru22-238x300.jpg 238w, https:\/\/jorgezanoni.com.br\/2019\/wp-content\/uploads\/2020\/02\/bru22-333x420.jpg 333w\" sizes=\"auto, (max-width: 640px) 100vw, 640px\" \/>Cabo Marcelo registrou o cen\u00e1rio, mostrando o pilar de uma ponte que foi destru\u00edda \u2014 Foto: Marcelo Gon\u00e7alves Afonso\/Arquivo pessoal<\/p>\n<p style=\"text-align: justify;\" data-track-category=\"Link no Texto\" data-track-links=\"\"><img loading=\"lazy\" decoding=\"async\" class=\"alignnone size-full wp-image-18323\" src=\"https:\/\/jorgezanoni.com.br\/2019\/wp-content\/uploads\/2020\/02\/bru-23.jpg\" alt=\"\" width=\"640\" height=\"480\" srcset=\"https:\/\/jorgezanoni.com.br\/2019\/wp-content\/uploads\/2020\/02\/bru-23.jpg 640w, https:\/\/jorgezanoni.com.br\/2019\/wp-content\/uploads\/2020\/02\/bru-23-300x225.jpg 300w, https:\/\/jorgezanoni.com.br\/2019\/wp-content\/uploads\/2020\/02\/bru-23-80x60.jpg 80w, https:\/\/jorgezanoni.com.br\/2019\/wp-content\/uploads\/2020\/02\/bru-23-265x198.jpg 265w, https:\/\/jorgezanoni.com.br\/2019\/wp-content\/uploads\/2020\/02\/bru-23-560x420.jpg 560w\" sizes=\"auto, (max-width: 640px) 100vw, 640px\" \/>Local ficou destru\u00eddo ap\u00f3s rompimento de barragem e muitas vidas foram perdidas \u2014 Foto: Marcelo Gon\u00e7alves Afonso\/Arquivo pessoal<\/p>\n<p style=\"text-align: justify;\" data-track-category=\"Link no Texto\" data-track-links=\"\"><img loading=\"lazy\" decoding=\"async\" class=\"alignnone size-full wp-image-18324\" src=\"https:\/\/jorgezanoni.com.br\/2019\/wp-content\/uploads\/2020\/02\/bru24.jpg\" alt=\"\" width=\"640\" height=\"800\" srcset=\"https:\/\/jorgezanoni.com.br\/2019\/wp-content\/uploads\/2020\/02\/bru24.jpg 640w, https:\/\/jorgezanoni.com.br\/2019\/wp-content\/uploads\/2020\/02\/bru24-240x300.jpg 240w, https:\/\/jorgezanoni.com.br\/2019\/wp-content\/uploads\/2020\/02\/bru24-336x420.jpg 336w\" sizes=\"auto, (max-width: 640px) 100vw, 640px\" \/>Mural com mensagens de crian\u00e7as marcou o cabo Gibin \u2014 Foto: Alexandre D\u00e1rio Gibin\/Arquivo pessoal<\/p>\n<p style=\"text-align: justify;\" data-track-category=\"Link no Texto\" data-track-links=\"\"><img loading=\"lazy\" decoding=\"async\" class=\"alignnone size-full wp-image-18325\" src=\"https:\/\/jorgezanoni.com.br\/2019\/wp-content\/uploads\/2020\/02\/bru26.jpg\" alt=\"\" width=\"640\" height=\"425\" srcset=\"https:\/\/jorgezanoni.com.br\/2019\/wp-content\/uploads\/2020\/02\/bru26.jpg 640w, https:\/\/jorgezanoni.com.br\/2019\/wp-content\/uploads\/2020\/02\/bru26-300x199.jpg 300w, https:\/\/jorgezanoni.com.br\/2019\/wp-content\/uploads\/2020\/02\/bru26-632x420.jpg 632w\" sizes=\"auto, (max-width: 640px) 100vw, 640px\" \/>Transporte at\u00e9 o local do desastre era feito em aeronaves \u2014 Foto: Arquivo pessoal\/Marcelo Gon\u00e7alves Afonso<\/p>\n<p style=\"text-align: justify;\" data-track-category=\"Link no Texto\" data-track-links=\"\"><img loading=\"lazy\" decoding=\"async\" class=\"alignnone size-full wp-image-18326\" src=\"https:\/\/jorgezanoni.com.br\/2019\/wp-content\/uploads\/2020\/02\/bru27.jpg\" alt=\"\" width=\"640\" height=\"480\" srcset=\"https:\/\/jorgezanoni.com.br\/2019\/wp-content\/uploads\/2020\/02\/bru27.jpg 640w, https:\/\/jorgezanoni.com.br\/2019\/wp-content\/uploads\/2020\/02\/bru27-300x225.jpg 300w, https:\/\/jorgezanoni.com.br\/2019\/wp-content\/uploads\/2020\/02\/bru27-80x60.jpg 80w, https:\/\/jorgezanoni.com.br\/2019\/wp-content\/uploads\/2020\/02\/bru27-265x198.jpg 265w, https:\/\/jorgezanoni.com.br\/2019\/wp-content\/uploads\/2020\/02\/bru27-560x420.jpg 560w\" sizes=\"auto, (max-width: 640px) 100vw, 640px\" \/>Bombeiros da regi\u00e3o de Presidente Prudente trabalharam em Brumadinho \u2014 Foto: Eduardo Fernando Castanho\/Arquivo pessoal<\/p>\n<p style=\"text-align: justify;\" data-track-category=\"Link no Texto\" data-track-links=\"\"><img loading=\"lazy\" decoding=\"async\" class=\"alignnone size-full wp-image-18327\" src=\"https:\/\/jorgezanoni.com.br\/2019\/wp-content\/uploads\/2020\/02\/bru28.jpg\" alt=\"\" width=\"1600\" height=\"1199\" srcset=\"https:\/\/jorgezanoni.com.br\/2019\/wp-content\/uploads\/2020\/02\/bru28.jpg 1600w, https:\/\/jorgezanoni.com.br\/2019\/wp-content\/uploads\/2020\/02\/bru28-300x225.jpg 300w, https:\/\/jorgezanoni.com.br\/2019\/wp-content\/uploads\/2020\/02\/bru28-768x576.jpg 768w, https:\/\/jorgezanoni.com.br\/2019\/wp-content\/uploads\/2020\/02\/bru28-1024x767.jpg 1024w, https:\/\/jorgezanoni.com.br\/2019\/wp-content\/uploads\/2020\/02\/bru28-80x60.jpg 80w, https:\/\/jorgezanoni.com.br\/2019\/wp-content\/uploads\/2020\/02\/bru28-265x198.jpg 265w, https:\/\/jorgezanoni.com.br\/2019\/wp-content\/uploads\/2020\/02\/bru28-696x522.jpg 696w, https:\/\/jorgezanoni.com.br\/2019\/wp-content\/uploads\/2020\/02\/bru28-1068x800.jpg 1068w, https:\/\/jorgezanoni.com.br\/2019\/wp-content\/uploads\/2020\/02\/bru28-560x420.jpg 560w\" sizes=\"auto, (max-width: 1600px) 100vw, 1600px\" \/>Bombeiros da regi\u00e3o de Presidente Prudente trabalharam em Brumadinho \u2014 Foto: Eduardo Fernando Castanho\/Arquivo pessoal<\/p>\n<p style=\"text-align: justify;\" data-track-category=\"Link no Texto\" data-track-links=\"\"><img loading=\"lazy\" decoding=\"async\" class=\"alignnone size-full wp-image-18328\" src=\"https:\/\/jorgezanoni.com.br\/2019\/wp-content\/uploads\/2020\/02\/bru29.jpg\" alt=\"\" width=\"640\" height=\"480\" srcset=\"https:\/\/jorgezanoni.com.br\/2019\/wp-content\/uploads\/2020\/02\/bru29.jpg 640w, https:\/\/jorgezanoni.com.br\/2019\/wp-content\/uploads\/2020\/02\/bru29-300x225.jpg 300w, https:\/\/jorgezanoni.com.br\/2019\/wp-content\/uploads\/2020\/02\/bru29-80x60.jpg 80w, https:\/\/jorgezanoni.com.br\/2019\/wp-content\/uploads\/2020\/02\/bru29-265x198.jpg 265w, https:\/\/jorgezanoni.com.br\/2019\/wp-content\/uploads\/2020\/02\/bru29-560x420.jpg 560w\" sizes=\"auto, (max-width: 640px) 100vw, 640px\" \/>Trabalho na trag\u00e9dia de Brumadinho marcou a vida dos bombeiros \u2014 Foto: Eduardo Fernando Castanho\/Arquivo pessoal<\/p>\n<p style=\"text-align: justify;\" data-track-category=\"Link no Texto\" data-track-links=\"\"><img loading=\"lazy\" decoding=\"async\" class=\"alignnone size-full wp-image-18329\" src=\"https:\/\/jorgezanoni.com.br\/2019\/wp-content\/uploads\/2020\/02\/bru30.jpg\" alt=\"\" width=\"640\" height=\"384\" srcset=\"https:\/\/jorgezanoni.com.br\/2019\/wp-content\/uploads\/2020\/02\/bru30.jpg 640w, https:\/\/jorgezanoni.com.br\/2019\/wp-content\/uploads\/2020\/02\/bru30-300x180.jpg 300w\" sizes=\"auto, (max-width: 640px) 100vw, 640px\" \/>Trabalho na trag\u00e9dia de Brumadinho marcou a vida dos bombeiros \u2014 Foto: Eduardo Fernando Castanho\/Arquivo pessoal<\/p>\n<p style=\"text-align: justify;\" data-track-category=\"Link no Texto\" data-track-links=\"\"><img loading=\"lazy\" decoding=\"async\" class=\"alignnone size-full wp-image-18330\" src=\"https:\/\/jorgezanoni.com.br\/2019\/wp-content\/uploads\/2020\/02\/bru31.jpg\" alt=\"\" width=\"1600\" height=\"1199\" srcset=\"https:\/\/jorgezanoni.com.br\/2019\/wp-content\/uploads\/2020\/02\/bru31.jpg 1600w, https:\/\/jorgezanoni.com.br\/2019\/wp-content\/uploads\/2020\/02\/bru31-300x225.jpg 300w, https:\/\/jorgezanoni.com.br\/2019\/wp-content\/uploads\/2020\/02\/bru31-768x576.jpg 768w, https:\/\/jorgezanoni.com.br\/2019\/wp-content\/uploads\/2020\/02\/bru31-1024x767.jpg 1024w, https:\/\/jorgezanoni.com.br\/2019\/wp-content\/uploads\/2020\/02\/bru31-80x60.jpg 80w, https:\/\/jorgezanoni.com.br\/2019\/wp-content\/uploads\/2020\/02\/bru31-265x198.jpg 265w, https:\/\/jorgezanoni.com.br\/2019\/wp-content\/uploads\/2020\/02\/bru31-696x522.jpg 696w, https:\/\/jorgezanoni.com.br\/2019\/wp-content\/uploads\/2020\/02\/bru31-1068x800.jpg 1068w, https:\/\/jorgezanoni.com.br\/2019\/wp-content\/uploads\/2020\/02\/bru31-560x420.jpg 560w\" sizes=\"auto, (max-width: 1600px) 100vw, 1600px\" \/>Trabalho na trag\u00e9dia de Brumadinho marcou a vida dos bombeiros \u2014 Foto: Eduardo Fernando Castanho\/Arquivo pessoal<\/p>\n<h3 class=\"content-entenda-o-caso__title\" style=\"text-align: justify;\">1 ANO DO DESASTRE DA VALE EM BRUMADINHO<\/h3>\n<ul class=\"content-entenda-o-caso__list\" data-track-category=\"multicontent\" data-track-action=\"entenda o caso\">\n<li class=\"content-entenda-o-caso__item\" style=\"text-align: justify;\" data-track-click=\"Posicao 1\">\n<p class=\"content-entenda-o-caso__text\"><a class=\"content-link gui-color-primary gui-color-hover\" href=\"https:\/\/g1.globo.com\/mg\/minas-gerais\/noticia\/2020\/01\/20\/brumadinho-maior-operacao-de-buscas-do-pais-completa-um-ano-sem-prazo-para-terminar.ghtml\">Maior opera\u00e7\u00e3o de buscas do pa\u00eds completa um ano sem prazo para terminar<\/a><\/p>\n<\/li>\n<li class=\"content-entenda-o-caso__item\" style=\"text-align: justify;\" data-track-click=\"Posicao 2\">\n<p class=\"content-entenda-o-caso__text\"><a class=\"content-link gui-color-primary gui-color-hover\" href=\"https:\/\/g1.globo.com\/mg\/minas-gerais\/noticia\/2020\/01\/21\/brumadinho-convive-com-adoecimento-mental-um-ano-apos-tragedia-da-vale.ghtml\">Brumadinho convive com adoecimento mental um ano ap\u00f3s trag\u00e9dia da Val<\/a><\/p>\n<\/li>\n<li class=\"content-entenda-o-caso__item\" style=\"text-align: justify;\" data-track-click=\"Posicao 3\">\n<p class=\"content-entenda-o-caso__text\"><a class=\"content-link gui-color-primary gui-color-hover\" href=\"https:\/\/g1.globo.com\/mg\/minas-gerais\/noticia\/2020\/01\/21\/mp-denuncia-ex-presidente-da-vale-mais-15-pessoas-e-duas-empresas-por-homicidio-doloso.ghtml\">MP denuncia ex-presidente da Vale, mais 15 pessoas por homic\u00eddio doloso<\/a><\/p>\n<\/li>\n<li class=\"content-entenda-o-caso__item\" style=\"text-align: justify;\" data-track-click=\"Posicao 4\">\n<p class=\"content-entenda-o-caso__text\"><a class=\"content-link gui-color-primary gui-color-hover\" href=\"https:\/\/g1.globo.com\/mg\/minas-gerais\/noticia\/2020\/01\/21\/brumadinho-mp-afirma-que-vale-e-tuv-sud-emitiam-declaracoes-falsas-de-estabilidade-de-barragens.ghtml\">MP afirma que Vale e T\u00dcV S\u00dcD emitiam declara\u00e7\u00f5es falsas de estabilidade de barragens<\/a><\/p>\n<\/li>\n<li class=\"content-entenda-o-caso__item\" style=\"text-align: justify;\" data-track-click=\"Posicao 5\">\n<p class=\"content-entenda-o-caso__text\"><a class=\"content-link gui-color-primary gui-color-hover\" href=\"https:\/\/g1.globo.com\/mg\/minas-gerais\/noticia\/2020\/01\/22\/antes-lugares-de-tranquilidade-comunidades-de-brumadinho-tem-ano-sem-paz-apos-tragedia-da-vale.ghtml\">Antes lugares de tranquilidade, comunidades de Brumadinho t\u00eam ano sem paz ap\u00f3s trag\u00e9dia da Vale<\/a><\/p>\n<\/li>\n<li class=\"content-entenda-o-caso__item\" data-track-click=\"Posicao 5\">\n<p class=\"content-entenda-o-caso__text\" style=\"text-align: justify;\">Fonte: G1<\/p>\n<\/li>\n<\/ul>\n<\/div>\n<\/div>\n<\/div>\n<\/div>\n<\/blockquote>\n<\/div>\n<\/div>\n<\/div>\n<\/div>\n<\/div>\n<\/div>\n<\/div>\n<\/div>\n<\/div>\n<\/div>\n<\/blockquote>\n<\/div>\n<\/div>\n<\/div>\n<\/div>\n<\/blockquote>\n<\/div>\n<\/div>\n","protected":false},"excerpt":{"rendered":"<p>Equipes do Oeste Paulista foram voluntariamente apoiar nas buscas em MG. Tristeza, esperan\u00e7a, uni\u00e3o, gratid\u00e3o e solidariedade s\u00e3o fatores que marcaram profissionais e deixaram &#8216;li\u00e7\u00f5es&#8217;. Bombeiros do Oeste Paulista prestaram apoio em Brumadinho (MG) \u2014 Foto: Luan Miranda Cruz\/Arquivo pessoal Quase 300 pessoas mortas e outras ainda desaparecidas. O dado \u201cpesado\u201d \u00e9 resultado da maior [&hellip;]<\/p>\n","protected":false},"author":1,"featured_media":18329,"comment_status":"closed","ping_status":"open","sticky":false,"template":"","format":"standard","meta":{"footnotes":""},"categories":[114,110],"tags":[],"class_list":["post-18300","post","type-post","status-publish","format-standard","has-post-thumbnail","hentry","category-geralecomercio","category-noticiasdestaque"],"_links":{"self":[{"href":"https:\/\/jorgezanoni.com.br\/2019\/wp-json\/wp\/v2\/posts\/18300","targetHints":{"allow":["GET"]}}],"collection":[{"href":"https:\/\/jorgezanoni.com.br\/2019\/wp-json\/wp\/v2\/posts"}],"about":[{"href":"https:\/\/jorgezanoni.com.br\/2019\/wp-json\/wp\/v2\/types\/post"}],"author":[{"embeddable":true,"href":"https:\/\/jorgezanoni.com.br\/2019\/wp-json\/wp\/v2\/users\/1"}],"replies":[{"embeddable":true,"href":"https:\/\/jorgezanoni.com.br\/2019\/wp-json\/wp\/v2\/comments?post=18300"}],"version-history":[{"count":0,"href":"https:\/\/jorgezanoni.com.br\/2019\/wp-json\/wp\/v2\/posts\/18300\/revisions"}],"wp:featuredmedia":[{"embeddable":true,"href":"https:\/\/jorgezanoni.com.br\/2019\/wp-json\/wp\/v2\/media\/18329"}],"wp:attachment":[{"href":"https:\/\/jorgezanoni.com.br\/2019\/wp-json\/wp\/v2\/media?parent=18300"}],"wp:term":[{"taxonomy":"category","embeddable":true,"href":"https:\/\/jorgezanoni.com.br\/2019\/wp-json\/wp\/v2\/categories?post=18300"},{"taxonomy":"post_tag","embeddable":true,"href":"https:\/\/jorgezanoni.com.br\/2019\/wp-json\/wp\/v2\/tags?post=18300"}],"curies":[{"name":"wp","href":"https:\/\/api.w.org\/{rel}","templated":true}]}}