{"id":18269,"date":"2020-02-09T16:05:19","date_gmt":"2020-02-09T16:05:19","guid":{"rendered":"https:\/\/jorgezanoni.com.br\/2019\/?p=18269"},"modified":"2020-02-09T16:05:19","modified_gmt":"2020-02-09T16:05:19","slug":"colisao-entre-dois-veiculos-deixa-3-vitimas-graves-e-uma-leve-proximo-a-santa-mercedes","status":"publish","type":"post","link":"https:\/\/jorgezanoni.com.br\/2019\/colisao-entre-dois-veiculos-deixa-3-vitimas-graves-e-uma-leve-proximo-a-santa-mercedes\/","title":{"rendered":"Colis\u00e3o entre dois ve\u00edculos deixa 3 v\u00edtimas graves e uma leve pr\u00f3ximo a Santa Mercedes"},"content":{"rendered":"<p>O acidente ocorreu na rodovia Com. Jo\u00e3o Ribeiro de Barros pr\u00f3ximo ao pres\u00eddio de Tupi Paulista. Os dois ve\u00edculos t\u00eam placas de Panorama. (V\u00eddeo: Emerson, Panorama Not\u00edcias)<\/p>\n<p>&nbsp;<\/p>\n<div id=\"fb-root\"><\/div>\n<p><script async=\"1\" defer=\"1\" crossorigin=\"anonymous\" src=\"https:\/\/connect.facebook.net\/en_US\/sdk.js#xfbml=1&amp;version=v6.0\"><\/script><\/p>\n<div class=\"fb-video\" data-href=\"https:\/\/www.facebook.com\/panorama.noticia\/videos\/612640725965858\/\" data-width=\"696\">\n<blockquote cite=\"https:\/\/www.facebook.com\/panorama.noticia\/videos\/612640725965858\/\" class=\"fb-xfbml-parse-ignore\"><p><a href=\"https:\/\/www.facebook.com\/panorama.noticia\/videos\/612640725965858\/\"><\/a><\/p>\n<p>PLANT\u00c3O EXCLUSIVO- COLIS\u00c3O FRONTAL ENTRE DOIS VE\u00cdCULOS, ACIDENTE GRAVE EM SANTA MERCEDESIndo para o Pres\u00eddio de Tupi Paulista. Carros s\u00e3o de Panorama. A princ\u00edpio 3 pessoas do sexo masculino ficaram feridos gravemente e uma mulher sofreu ferimentos leves.<\/p>\n<p>Posted by <a href=\"https:\/\/www.facebook.com\/panorama.noticia\/\">Panorama Not\u00edcia<\/a> on Saturday, February 8, 2020<\/p><\/blockquote>\n<\/div>\n","protected":false},"excerpt":{"rendered":"<p>O acidente ocorreu na rodovia Com. Jo\u00e3o Ribeiro de Barros pr\u00f3ximo ao pres\u00eddio de Tupi Paulista. Os dois ve\u00edculos t\u00eam placas de Panorama. (V\u00eddeo: Emerson, Panorama Not\u00edcias) &nbsp; PLANT\u00c3O EXCLUSIVO- COLIS\u00c3O FRONTAL ENTRE DOIS VE\u00cdCULOS, ACIDENTE GRAVE EM SANTA MERCEDESIndo para o Pres\u00eddio de Tupi Paulista. Carros s\u00e3o de Panorama. A princ\u00edpio 3 pessoas do [&hellip;]<\/p>\n","protected":false},"author":1,"featured_media":18270,"comment_status":"closed","ping_status":"open","sticky":false,"template":"","format":"video","meta":{"footnotes":""},"categories":[170,110,169],"tags":[],"class_list":["post-18269","post","type-post","status-publish","format-video","has-post-thumbnail","hentry","category-acidentes","category-noticiasdestaque","category-videos","post_format-post-format-video"],"_links":{"self":[{"href":"https:\/\/jorgezanoni.com.br\/2019\/wp-json\/wp\/v2\/posts\/18269","targetHints":{"allow":["GET"]}}],"collection":[{"href":"https:\/\/jorgezanoni.com.br\/2019\/wp-json\/wp\/v2\/posts"}],"about":[{"href":"https:\/\/jorgezanoni.com.br\/2019\/wp-json\/wp\/v2\/types\/post"}],"author":[{"embeddable":true,"href":"https:\/\/jorgezanoni.com.br\/2019\/wp-json\/wp\/v2\/users\/1"}],"replies":[{"embeddable":true,"href":"https:\/\/jorgezanoni.com.br\/2019\/wp-json\/wp\/v2\/comments?post=18269"}],"version-history":[{"count":0,"href":"https:\/\/jorgezanoni.com.br\/2019\/wp-json\/wp\/v2\/posts\/18269\/revisions"}],"wp:featuredmedia":[{"embeddable":true,"href":"https:\/\/jorgezanoni.com.br\/2019\/wp-json\/wp\/v2\/media\/18270"}],"wp:attachment":[{"href":"https:\/\/jorgezanoni.com.br\/2019\/wp-json\/wp\/v2\/media?parent=18269"}],"wp:term":[{"taxonomy":"category","embeddable":true,"href":"https:\/\/jorgezanoni.com.br\/2019\/wp-json\/wp\/v2\/categories?post=18269"},{"taxonomy":"post_tag","embeddable":true,"href":"https:\/\/jorgezanoni.com.br\/2019\/wp-json\/wp\/v2\/tags?post=18269"}],"curies":[{"name":"wp","href":"https:\/\/api.w.org\/{rel}","templated":true}]}}