{"id":18251,"date":"2020-02-09T03:22:02","date_gmt":"2020-02-09T03:22:02","guid":{"rendered":"https:\/\/jorgezanoni.com.br\/2019\/?p=18251"},"modified":"2020-02-09T03:22:02","modified_gmt":"2020-02-09T03:22:02","slug":"moradores-do-jardim-dos-passaros-estao-preocupados-com-cratera-aberta-na-entrada-do-bairro","status":"publish","type":"post","link":"https:\/\/jorgezanoni.com.br\/2019\/moradores-do-jardim-dos-passaros-estao-preocupados-com-cratera-aberta-na-entrada-do-bairro\/","title":{"rendered":"Moradores do jardim dos P\u00e1ssaros est\u00e3o preocupados com cratera aberta na entrada do bairro"},"content":{"rendered":"<p style=\"text-align: justify;\">Moradores do jardim dos P\u00e1ssaros est\u00e3o preocupados com a cratera que est\u00e1 se formando na entrada do bairro, exatamente na rotat\u00f3ria.<\/p>\n<p style=\"text-align: justify;\">E agora, de quem \u00e9 a responsabilidade? Da Prefeitura ou do loteador? J\u00e1 foi entregue para a Prefeitura? Os vereadores da comiss\u00e3o de novos bairros vistoriaram o local? Aprovaram ou n\u00e3o?<\/p>\n<p style=\"text-align: justify;\">A situa\u00e7\u00e3o \u00e9 preocupante e algo tem que ser feito com urg\u00eancia para resolver o problema, pois da maneira que est\u00e1, daqui a pouco vai estar intransit\u00e1vel, muitas chuvas ainda est\u00e3o por vir.<\/p>\n<p><img loading=\"lazy\" decoding=\"async\" class=\"alignnone size-full wp-image-18252\" src=\"https:\/\/jorgezanoni.com.br\/2019\/wp-content\/uploads\/2020\/02\/asfa.jpg\" alt=\"\" width=\"960\" height=\"1280\" srcset=\"https:\/\/jorgezanoni.com.br\/2019\/wp-content\/uploads\/2020\/02\/asfa.jpg 960w, https:\/\/jorgezanoni.com.br\/2019\/wp-content\/uploads\/2020\/02\/asfa-225x300.jpg 225w, https:\/\/jorgezanoni.com.br\/2019\/wp-content\/uploads\/2020\/02\/asfa-768x1024.jpg 768w, https:\/\/jorgezanoni.com.br\/2019\/wp-content\/uploads\/2020\/02\/asfa-696x928.jpg 696w, https:\/\/jorgezanoni.com.br\/2019\/wp-content\/uploads\/2020\/02\/asfa-315x420.jpg 315w\" sizes=\"auto, (max-width: 960px) 100vw, 960px\" \/> <img loading=\"lazy\" decoding=\"async\" class=\"alignnone size-full wp-image-18253\" src=\"https:\/\/jorgezanoni.com.br\/2019\/wp-content\/uploads\/2020\/02\/asfa1.jpg\" alt=\"\" width=\"960\" height=\"1280\" srcset=\"https:\/\/jorgezanoni.com.br\/2019\/wp-content\/uploads\/2020\/02\/asfa1.jpg 960w, https:\/\/jorgezanoni.com.br\/2019\/wp-content\/uploads\/2020\/02\/asfa1-225x300.jpg 225w, https:\/\/jorgezanoni.com.br\/2019\/wp-content\/uploads\/2020\/02\/asfa1-768x1024.jpg 768w, https:\/\/jorgezanoni.com.br\/2019\/wp-content\/uploads\/2020\/02\/asfa1-696x928.jpg 696w, https:\/\/jorgezanoni.com.br\/2019\/wp-content\/uploads\/2020\/02\/asfa1-315x420.jpg 315w\" sizes=\"auto, (max-width: 960px) 100vw, 960px\" \/><\/p>\n<p style=\"text-align: justify;\">Jorge Zanoni<\/p>\n<p style=\"text-align: justify;\">Fotos de Internauta<\/p>\n<p>&nbsp;<\/p>\n","protected":false},"excerpt":{"rendered":"<p>Moradores do jardim dos P\u00e1ssaros est\u00e3o preocupados com a cratera que est\u00e1 se formando na entrada do bairro, exatamente na rotat\u00f3ria. E agora, de quem \u00e9 a responsabilidade? Da Prefeitura ou do loteador? J\u00e1 foi entregue para a Prefeitura? Os vereadores da comiss\u00e3o de novos bairros vistoriaram o local? Aprovaram ou n\u00e3o? A situa\u00e7\u00e3o \u00e9 [&hellip;]<\/p>\n","protected":false},"author":1,"featured_media":18254,"comment_status":"closed","ping_status":"open","sticky":false,"template":"","format":"standard","meta":{"footnotes":""},"categories":[179,184,110],"tags":[],"class_list":["post-18251","post","type-post","status-publish","format-standard","has-post-thumbnail","hentry","category-cidadeseregiao","category-dracena","category-noticiasdestaque"],"_links":{"self":[{"href":"https:\/\/jorgezanoni.com.br\/2019\/wp-json\/wp\/v2\/posts\/18251","targetHints":{"allow":["GET"]}}],"collection":[{"href":"https:\/\/jorgezanoni.com.br\/2019\/wp-json\/wp\/v2\/posts"}],"about":[{"href":"https:\/\/jorgezanoni.com.br\/2019\/wp-json\/wp\/v2\/types\/post"}],"author":[{"embeddable":true,"href":"https:\/\/jorgezanoni.com.br\/2019\/wp-json\/wp\/v2\/users\/1"}],"replies":[{"embeddable":true,"href":"https:\/\/jorgezanoni.com.br\/2019\/wp-json\/wp\/v2\/comments?post=18251"}],"version-history":[{"count":0,"href":"https:\/\/jorgezanoni.com.br\/2019\/wp-json\/wp\/v2\/posts\/18251\/revisions"}],"wp:featuredmedia":[{"embeddable":true,"href":"https:\/\/jorgezanoni.com.br\/2019\/wp-json\/wp\/v2\/media\/18254"}],"wp:attachment":[{"href":"https:\/\/jorgezanoni.com.br\/2019\/wp-json\/wp\/v2\/media?parent=18251"}],"wp:term":[{"taxonomy":"category","embeddable":true,"href":"https:\/\/jorgezanoni.com.br\/2019\/wp-json\/wp\/v2\/categories?post=18251"},{"taxonomy":"post_tag","embeddable":true,"href":"https:\/\/jorgezanoni.com.br\/2019\/wp-json\/wp\/v2\/tags?post=18251"}],"curies":[{"name":"wp","href":"https:\/\/api.w.org\/{rel}","templated":true}]}}