{"id":18228,"date":"2020-02-08T22:46:48","date_gmt":"2020-02-08T22:46:48","guid":{"rendered":"https:\/\/jorgezanoni.com.br\/2019\/?p=18228"},"modified":"2020-02-08T22:46:48","modified_gmt":"2020-02-08T22:46:48","slug":"acidente-de-transito-deixa-tres-pessoas-feridas-em-estrada-vicinal-em-rinopolis","status":"publish","type":"post","link":"https:\/\/jorgezanoni.com.br\/2019\/acidente-de-transito-deixa-tres-pessoas-feridas-em-estrada-vicinal-em-rinopolis\/","title":{"rendered":"Acidente de tr\u00e2nsito deixa tr\u00eas pessoas feridas em estrada vicinal em Rin\u00f3polis"},"content":{"rendered":"<h2 class=\"content-head__subtitle\" style=\"text-align: justify;\"><strong>Segundo o Corpo de Bombeiros, um homem ficou preso nas ferragens, teve politraumatismo e afundamento do cr\u00e2nio e foi socorrido inconsciente.<\/strong><\/h2>\n<div class=\"mc-column content-text active-extra-styles \" data-block-type=\"unstyled\" data-block-weight=\"16\" data-block-id=\"2\">\n<p class=\"content-text__container \" style=\"text-align: justify;\" data-track-category=\"Link no Texto\" data-track-links=\"\">Um acidente de tr\u00e2nsito deixou tr\u00eas pessoas feridas, na tarde deste s\u00e1bado (8), em\u00a0<a href=\"https:\/\/g1.globo.com\/sp\/presidente-prudente-regiao\/cidade\/rinopolis\/\">Rin\u00f3polis (SP)<\/a>.<\/p>\n<\/div>\n<div class=\"wall protected-content\">\n<div class=\"mc-column content-text active-extra-styles \" style=\"text-align: justify;\" data-block-type=\"unstyled\" data-block-weight=\"18\" data-block-id=\"3\">\n<p class=\"content-text__container \" data-track-category=\"Link no Texto\" data-track-links=\"\">A colis\u00e3o entre dois carros ocorreu na estrada vicinal que faz a liga\u00e7\u00e3o entre Rin\u00f3polis e\u00a0<a href=\"https:\/\/g1.globo.com\/sp\/sao-jose-do-rio-preto-aracatuba\/cidade\/piacatu\/\">Piacatu (SP)<\/a>.<\/p>\n<\/div>\n<div class=\"mc-column content-text active-extra-styles \" style=\"text-align: justify;\" data-block-type=\"unstyled\" data-block-weight=\"17\" data-block-id=\"4\">\n<p class=\"content-text__container \" data-track-category=\"Link no Texto\" data-track-links=\"\">As v\u00edtimas, segundo o Corpo de Bombeiros de\u00a0<a href=\"https:\/\/g1.globo.com\/sp\/presidente-prudente-regiao\/cidade\/osvaldo-cruz\/\">Osvaldo Cruz (SP)<\/a>, foram duas mulheres e um homem.<\/p>\n<\/div>\n<div class=\"mc-column content-text active-extra-styles \" style=\"text-align: justify;\" data-block-type=\"unstyled\" data-block-weight=\"55\" data-block-id=\"5\">\n<p class=\"content-text__container \" data-track-category=\"Link no Texto\" data-track-links=\"\">Conforme o Corpo de Bombeiros, em um dos carros estavam um homem, como condutor, e uma mulher, como passageira. O homem, segundo o Corpo de Bombeiros, ficou preso nas ferragens, teve politraumatismo e afundamento do cr\u00e2nio e, depois de socorrido inconsciente, foi levado ao Pronto-socorro de Osvaldo Cruz, em estado grave, para receber atendimento m\u00e9dico.<\/p>\n<\/div>\n<div class=\"mc-column content-text active-extra-styles \" style=\"text-align: justify;\" data-block-type=\"unstyled\" data-block-weight=\"16\" data-block-id=\"6\">\n<p class=\"content-text__container \" data-track-category=\"Link no Texto\" data-track-links=\"\">A mulher que estava como passageira teve ferimentos leves e foi encaminhada ao Pronto-socorro de Rin\u00f3polis.<\/p>\n<\/div>\n<div class=\"mc-column content-text active-extra-styles \" style=\"text-align: justify;\" data-block-type=\"unstyled\" data-block-weight=\"16\" data-block-id=\"7\">\n<p class=\"content-text__container \" data-track-category=\"Link no Texto\" data-track-links=\"\">No outro ve\u00edculo, uma mulher teve ferimentos leves e tamb\u00e9m foi levada ao Pronto-socorro de Rin\u00f3polis.<\/p>\n<\/div>\n<div class=\"mc-column content-text active-extra-styles \" style=\"text-align: justify;\" data-block-type=\"unstyled\" data-block-weight=\"18\" data-block-id=\"8\">\n<p class=\"content-text__container \" data-track-category=\"Link no Texto\" data-track-links=\"\">Al\u00e9m do Corpo de Bombeiros de Osvaldo Cruz, tamb\u00e9m trabalharam no atendimento da ocorr\u00eancia policiais militares e rodovi\u00e1rios.<\/p>\n<\/div>\n<div class=\"mc-column content-text active-extra-styles \" style=\"text-align: justify;\" data-block-type=\"unstyled\" data-block-weight=\"16\" data-block-id=\"9\">\n<p class=\"content-text__container \" data-track-category=\"Link no Texto\" data-track-links=\"\">O homem, de 47 anos, ser\u00e1 transferido para o Hospital das Cl\u00ednicas (HC), em Mar\u00edlia (SP).<\/p>\n<\/div>\n<div class=\"mc-column content-text active-extra-styles \" data-block-type=\"unstyled\" data-block-weight=\"42\" data-block-id=\"10\">\n<p class=\"content-text__container \" style=\"text-align: justify;\" data-track-category=\"Link no Texto\" data-track-links=\"\">J\u00e1 as duas mulheres, de 23 e 32 anos, est\u00e3o internadas em observa\u00e7\u00e3o na Santa Casa de Miseric\u00f3rdia de Rin\u00f3polis. A mais velha ainda ser\u00e1 transferida para a Santa Casa de Miseric\u00f3rdia de Ara\u00e7atuba (SP) para a realiza\u00e7\u00e3o de novos exames m\u00e9dicos.<\/p>\n<p style=\"text-align: justify;\" data-track-category=\"Link no Texto\" data-track-links=\"\"><img loading=\"lazy\" decoding=\"async\" class=\"alignnone size-full wp-image-18229\" src=\"https:\/\/jorgezanoni.com.br\/2019\/wp-content\/uploads\/2020\/02\/rino-1.jpg\" alt=\"\" width=\"640\" height=\"537\" srcset=\"https:\/\/jorgezanoni.com.br\/2019\/wp-content\/uploads\/2020\/02\/rino-1.jpg 640w, https:\/\/jorgezanoni.com.br\/2019\/wp-content\/uploads\/2020\/02\/rino-1-300x252.jpg 300w, https:\/\/jorgezanoni.com.br\/2019\/wp-content\/uploads\/2020\/02\/rino-1-501x420.jpg 501w\" sizes=\"auto, (max-width: 640px) 100vw, 640px\" \/>Acidente ocorreu na vicinal que liga Rin\u00f3polis (SP) e Piacatu (SP) \u2014 Foto: Corpo de Bombeiros<\/p>\n<p style=\"text-align: justify;\" data-track-category=\"Link no Texto\" data-track-links=\"\"><img loading=\"lazy\" decoding=\"async\" class=\"alignnone size-full wp-image-18230\" src=\"https:\/\/jorgezanoni.com.br\/2019\/wp-content\/uploads\/2020\/02\/rino2.jpg\" alt=\"\" width=\"640\" height=\"853\" srcset=\"https:\/\/jorgezanoni.com.br\/2019\/wp-content\/uploads\/2020\/02\/rino2.jpg 640w, https:\/\/jorgezanoni.com.br\/2019\/wp-content\/uploads\/2020\/02\/rino2-225x300.jpg 225w, https:\/\/jorgezanoni.com.br\/2019\/wp-content\/uploads\/2020\/02\/rino2-315x420.jpg 315w\" sizes=\"auto, (max-width: 640px) 100vw, 640px\" \/><\/p>\n<div class=\"row medium-uncollapsed content-media content-photo\" data-block-type=\"backstage-photo\" data-block-id=\"13\">\n<div class=\"mc-column content-media__container\">\n<p class=\"content-media__description \" style=\"text-align: justify;\">Acidente ocorreu na vicinal que liga Rin\u00f3polis (SP) e Piacatu (SP) \u2014 Foto: Corpo de Bombeiros<\/p>\n<p style=\"text-align: justify;\"><img loading=\"lazy\" decoding=\"async\" class=\"alignnone size-full wp-image-18231\" src=\"https:\/\/jorgezanoni.com.br\/2019\/wp-content\/uploads\/2020\/02\/rino3.jpg\" alt=\"\" width=\"640\" height=\"547\" srcset=\"https:\/\/jorgezanoni.com.br\/2019\/wp-content\/uploads\/2020\/02\/rino3.jpg 640w, https:\/\/jorgezanoni.com.br\/2019\/wp-content\/uploads\/2020\/02\/rino3-300x256.jpg 300w, https:\/\/jorgezanoni.com.br\/2019\/wp-content\/uploads\/2020\/02\/rino3-491x420.jpg 491w\" sizes=\"auto, (max-width: 640px) 100vw, 640px\" \/>Acidente ocorreu na vicinal que liga Rin\u00f3polis (SP) e Piacatu (SP) \u2014 Foto: Corpo de Bombeiros<\/p>\n<p style=\"text-align: justify;\">Fonte: G1<\/p>\n<\/div>\n<\/div>\n<div class=\"row medium-uncollapsed content-media content-photo\" data-block-type=\"backstage-photo\" data-block-id=\"14\">\n<div class=\"mc-column content-media__container\">\n<div class=\"progressive-img can-open-lightbox\" data-min-size=\"1008x861\" data-min-size-url=\"https:\/\/s2.glbimg.com\/c7tfzxrNDotFRIJqPdmYHBbfgRg=\/0x107:960x927\/1008x0\/smart\/filters:strip_icc()\/i.s3.glbimg.com\/v1\/AUTH_59edd422c0c84a879bd37670ae4f538a\/internal_photos\/bs\/2020\/D\/h\/hAYZVHReWHaHgaoIFsAw\/ri-4.jpg\" data-max-size=\"1600x1366\" data-max-size-url=\"https:\/\/s2.glbimg.com\/2TnGbagyurK8Kb6qLuP23Yj5vRo=\/0x107:960x927\/1600x0\/smart\/filters:strip_icc()\/i.s3.glbimg.com\/v1\/AUTH_59edd422c0c84a879bd37670ae4f538a\/internal_photos\/bs\/2020\/D\/h\/hAYZVHReWHaHgaoIFsAw\/ri-4.jpg\" data-media-index=\"3\">\n<div class=\"placeholder-container\"><\/div>\n<\/div>\n<\/div>\n<\/div>\n<p data-track-category=\"Link no Texto\" data-track-links=\"\">\n<\/div>\n<\/div>\n","protected":false},"excerpt":{"rendered":"<p>Segundo o Corpo de Bombeiros, um homem ficou preso nas ferragens, teve politraumatismo e afundamento do cr\u00e2nio e foi socorrido inconsciente. Um acidente de tr\u00e2nsito deixou tr\u00eas pessoas feridas, na tarde deste s\u00e1bado (8), em\u00a0Rin\u00f3polis (SP). A colis\u00e3o entre dois carros ocorreu na estrada vicinal que faz a liga\u00e7\u00e3o entre Rin\u00f3polis e\u00a0Piacatu (SP). As v\u00edtimas, [&hellip;]<\/p>\n","protected":false},"author":1,"featured_media":18232,"comment_status":"closed","ping_status":"open","sticky":false,"template":"","format":"standard","meta":{"footnotes":""},"categories":[170,110],"tags":[],"class_list":["post-18228","post","type-post","status-publish","format-standard","has-post-thumbnail","hentry","category-acidentes","category-noticiasdestaque"],"_links":{"self":[{"href":"https:\/\/jorgezanoni.com.br\/2019\/wp-json\/wp\/v2\/posts\/18228","targetHints":{"allow":["GET"]}}],"collection":[{"href":"https:\/\/jorgezanoni.com.br\/2019\/wp-json\/wp\/v2\/posts"}],"about":[{"href":"https:\/\/jorgezanoni.com.br\/2019\/wp-json\/wp\/v2\/types\/post"}],"author":[{"embeddable":true,"href":"https:\/\/jorgezanoni.com.br\/2019\/wp-json\/wp\/v2\/users\/1"}],"replies":[{"embeddable":true,"href":"https:\/\/jorgezanoni.com.br\/2019\/wp-json\/wp\/v2\/comments?post=18228"}],"version-history":[{"count":0,"href":"https:\/\/jorgezanoni.com.br\/2019\/wp-json\/wp\/v2\/posts\/18228\/revisions"}],"wp:featuredmedia":[{"embeddable":true,"href":"https:\/\/jorgezanoni.com.br\/2019\/wp-json\/wp\/v2\/media\/18232"}],"wp:attachment":[{"href":"https:\/\/jorgezanoni.com.br\/2019\/wp-json\/wp\/v2\/media?parent=18228"}],"wp:term":[{"taxonomy":"category","embeddable":true,"href":"https:\/\/jorgezanoni.com.br\/2019\/wp-json\/wp\/v2\/categories?post=18228"},{"taxonomy":"post_tag","embeddable":true,"href":"https:\/\/jorgezanoni.com.br\/2019\/wp-json\/wp\/v2\/tags?post=18228"}],"curies":[{"name":"wp","href":"https:\/\/api.w.org\/{rel}","templated":true}]}}