{"id":18216,"date":"2020-02-08T21:19:58","date_gmt":"2020-02-08T21:19:58","guid":{"rendered":"https:\/\/jorgezanoni.com.br\/2019\/?p=18216"},"modified":"2020-02-08T21:19:58","modified_gmt":"2020-02-08T21:19:58","slug":"policia-civil-prende-8-homens-na-operacao-policial-carceragem-na-regiao-de-dracena","status":"publish","type":"post","link":"https:\/\/jorgezanoni.com.br\/2019\/policia-civil-prende-8-homens-na-operacao-policial-carceragem-na-regiao-de-dracena\/","title":{"rendered":"Pol\u00edcia Civil prende 8 homens na &#8220;Opera\u00e7\u00e3o Policial Carceragem&#8221; na regi\u00e3o de Dracena"},"content":{"rendered":"<p style=\"text-align: justify;\">POLICIA CIVIL PRENDE 8 HOMENS NA \u201cOPERA\u00c7\u00c3O POLICIAL CARCEREM\u201d NA REGI\u00c3O DE DRACENA<\/p>\n<p style=\"text-align: justify;\">No per\u00edodo compreendido entre os dias 03 a 06 de fevereiro do corrente ano, a Pol\u00edcia civil da \u00e1rea da Delegacia Seccional de Pol\u00edcia de Dracena realizou a Opera\u00e7\u00e3o Policial \u201cCarcerem\u201d com a finalidade de repress\u00e3o aos crimes contra a vida, patrim\u00f4nio, sa\u00fade p\u00fablica, liberdade sexual, dentre outros direitos fundamentais do Ser Humano.<br \/>\nAssim, durante o per\u00edodo anunciado, a Pol\u00edcia Civil local, em especial dos munic\u00edpios de Panorama, Paulic\u00e9ia e Santa Mercedes foi a campo com a participa\u00e7\u00e3o de 12 policiais civis chefiados por Delegados de Pol\u00edcia, utilizando, para tanto, 4 viaturas oficiais e do aparato tecnol\u00f3gico e armamento fornecidos pelo Estado, quando mais uma vez, cumpriram os seus objetivos.<br \/>\nAssim, durante o per\u00edodo citado, ocorreram buscas diversas, vistorias, fiscaliza\u00e7\u00f5es com o cumprimento de 01 mandado de pris\u00e3o civil em Ouro Verde com a pris\u00e3o de um homem de 25 anos de idade.<br \/>\nOutrossim, deu-se cumprimento a cinco mandados de pris\u00e3o preventiva contra cinco homens, sendo estes decorrentes de autua\u00e7\u00e3o em flagrante delito em Dracena, com as respectivas convers\u00f5es, ficando os presos \u00e0 disposi\u00e7\u00e3o da justi\u00e7a. Todos estes casos s\u00e3o criminais.<br \/>\nIgualmente s\u00e3o criminais as pris\u00f5es de um homem em Paulic\u00e9ia com pris\u00e3o em regime semi-aberto e um homem pela DIG de Dracena em regime aberto.<br \/>\nNo total foram 8 homens presos nesta Opera\u00e7\u00e3o Policial da Pol\u00edcia Civil de Dracena trabalhando para o bem estar da popula\u00e7\u00e3o.<\/p>\n<p>Fonte: Com. Social Pol\u00edcia Civil<\/p>\n","protected":false},"excerpt":{"rendered":"<p>POLICIA CIVIL PRENDE 8 HOMENS NA \u201cOPERA\u00c7\u00c3O POLICIAL CARCEREM\u201d NA REGI\u00c3O DE DRACENA No per\u00edodo compreendido entre os dias 03 a 06 de fevereiro do corrente ano, a Pol\u00edcia civil da \u00e1rea da Delegacia Seccional de Pol\u00edcia de Dracena realizou a Opera\u00e7\u00e3o Policial \u201cCarcerem\u201d com a finalidade de repress\u00e3o aos crimes contra a vida, patrim\u00f4nio, [&hellip;]<\/p>\n","protected":false},"author":1,"featured_media":18217,"comment_status":"closed","ping_status":"open","sticky":false,"template":"","format":"standard","meta":{"footnotes":""},"categories":[2],"tags":[],"class_list":["post-18216","post","type-post","status-publish","format-standard","has-post-thumbnail","hentry","category-policial"],"_links":{"self":[{"href":"https:\/\/jorgezanoni.com.br\/2019\/wp-json\/wp\/v2\/posts\/18216","targetHints":{"allow":["GET"]}}],"collection":[{"href":"https:\/\/jorgezanoni.com.br\/2019\/wp-json\/wp\/v2\/posts"}],"about":[{"href":"https:\/\/jorgezanoni.com.br\/2019\/wp-json\/wp\/v2\/types\/post"}],"author":[{"embeddable":true,"href":"https:\/\/jorgezanoni.com.br\/2019\/wp-json\/wp\/v2\/users\/1"}],"replies":[{"embeddable":true,"href":"https:\/\/jorgezanoni.com.br\/2019\/wp-json\/wp\/v2\/comments?post=18216"}],"version-history":[{"count":0,"href":"https:\/\/jorgezanoni.com.br\/2019\/wp-json\/wp\/v2\/posts\/18216\/revisions"}],"wp:featuredmedia":[{"embeddable":true,"href":"https:\/\/jorgezanoni.com.br\/2019\/wp-json\/wp\/v2\/media\/18217"}],"wp:attachment":[{"href":"https:\/\/jorgezanoni.com.br\/2019\/wp-json\/wp\/v2\/media?parent=18216"}],"wp:term":[{"taxonomy":"category","embeddable":true,"href":"https:\/\/jorgezanoni.com.br\/2019\/wp-json\/wp\/v2\/categories?post=18216"},{"taxonomy":"post_tag","embeddable":true,"href":"https:\/\/jorgezanoni.com.br\/2019\/wp-json\/wp\/v2\/tags?post=18216"}],"curies":[{"name":"wp","href":"https:\/\/api.w.org\/{rel}","templated":true}]}}