{"id":18177,"date":"2020-02-08T17:52:46","date_gmt":"2020-02-08T17:52:46","guid":{"rendered":"https:\/\/jorgezanoni.com.br\/2019\/?p=18177"},"modified":"2020-02-08T18:01:46","modified_gmt":"2020-02-08T18:01:46","slug":"morre-a-senhora-ivanil-esposa-do-empresario-do-ramo-de-construcao-jesus-bordim","status":"publish","type":"post","link":"https:\/\/jorgezanoni.com.br\/2019\/morre-a-senhora-ivanil-esposa-do-empresario-do-ramo-de-construcao-jesus-bordim\/","title":{"rendered":"Morre a senhora Ivanil, esposa do empres\u00e1rio do ramo de constru\u00e7\u00e3o, Jesus Bordim"},"content":{"rendered":"<h2 style=\"text-align: justify;\"><strong>Ivanil Maria da Silva Bordim de 64 anos, faleceu no in\u00edcio da tarde na Santa Casa de Dracena.<\/strong><\/h2>\n<p style=\"text-align: justify;\">A esposa do empres\u00e1rio Jesus Bordim, (Jesus Materiais de Constru\u00e7\u00e3o de Dracena) localizado no jardim das Palmeiras, faleceu no in\u00edcio da tarde dese s\u00e1bado (8) na Santa Casa de Dracena. Segundo informa\u00e7\u00f5es da funer\u00e1ria Vida Prev, Ivanil teve um infarto no per\u00edodo da manh\u00e3 e foi socorrida \u00e0 Santa Casa sendo encaminhada para a UTI, por\u00e9m n\u00e3o resistiu e faleceu.<\/p>\n<p style=\"text-align: justify;\">Ivanil deixa o esposo, filhos e demais familiares. A Vida Prev informou que est\u00e1 preparando todos os detalhes para que seja iniciado o vel\u00f3rio no Memorial Vida Prev ainda hoje e amanh\u00e3 ocorre o sepultamento.<\/p>\n<p style=\"text-align: justify;\"><img loading=\"lazy\" decoding=\"async\" class=\"alignnone size-full wp-image-18178\" src=\"https:\/\/jorgezanoni.com.br\/2019\/wp-content\/uploads\/2020\/02\/Foto.jpg\" alt=\"\" width=\"685\" height=\"914\" srcset=\"https:\/\/jorgezanoni.com.br\/2019\/wp-content\/uploads\/2020\/02\/Foto.jpg 685w, https:\/\/jorgezanoni.com.br\/2019\/wp-content\/uploads\/2020\/02\/Foto-225x300.jpg 225w, https:\/\/jorgezanoni.com.br\/2019\/wp-content\/uploads\/2020\/02\/Foto-315x420.jpg 315w\" sizes=\"auto, (max-width: 685px) 100vw, 685px\" \/>Esta foi feita com colegas da Academia JUMP, no final da tarde ontem (7), onde Ivanil, (a primeira da esquerda) praticava exerc\u00edcios.<\/p>\n<p style=\"text-align: justify;\">O Site JZ se solidariza com fam\u00edlia e amigos neste momento t\u00e3o dif\u00edcil.<\/p>\n<p style=\"text-align: justify;\">Jorge Zanoni<\/p>\n","protected":false},"excerpt":{"rendered":"<p>Ivanil Maria da Silva Bordim de 64 anos, faleceu no in\u00edcio da tarde na Santa Casa de Dracena. A esposa do empres\u00e1rio Jesus Bordim, (Jesus Materiais de Constru\u00e7\u00e3o de Dracena) localizado no jardim das Palmeiras, faleceu no in\u00edcio da tarde dese s\u00e1bado (8) na Santa Casa de Dracena. Segundo informa\u00e7\u00f5es da funer\u00e1ria Vida Prev, Ivanil [&hellip;]<\/p>\n","protected":false},"author":1,"featured_media":18179,"comment_status":"closed","ping_status":"open","sticky":false,"template":"","format":"standard","meta":{"footnotes":""},"categories":[178,110],"tags":[],"class_list":["post-18177","post","type-post","status-publish","format-standard","has-post-thumbnail","hentry","category-notadefalecimento","category-noticiasdestaque"],"_links":{"self":[{"href":"https:\/\/jorgezanoni.com.br\/2019\/wp-json\/wp\/v2\/posts\/18177","targetHints":{"allow":["GET"]}}],"collection":[{"href":"https:\/\/jorgezanoni.com.br\/2019\/wp-json\/wp\/v2\/posts"}],"about":[{"href":"https:\/\/jorgezanoni.com.br\/2019\/wp-json\/wp\/v2\/types\/post"}],"author":[{"embeddable":true,"href":"https:\/\/jorgezanoni.com.br\/2019\/wp-json\/wp\/v2\/users\/1"}],"replies":[{"embeddable":true,"href":"https:\/\/jorgezanoni.com.br\/2019\/wp-json\/wp\/v2\/comments?post=18177"}],"version-history":[{"count":0,"href":"https:\/\/jorgezanoni.com.br\/2019\/wp-json\/wp\/v2\/posts\/18177\/revisions"}],"wp:featuredmedia":[{"embeddable":true,"href":"https:\/\/jorgezanoni.com.br\/2019\/wp-json\/wp\/v2\/media\/18179"}],"wp:attachment":[{"href":"https:\/\/jorgezanoni.com.br\/2019\/wp-json\/wp\/v2\/media?parent=18177"}],"wp:term":[{"taxonomy":"category","embeddable":true,"href":"https:\/\/jorgezanoni.com.br\/2019\/wp-json\/wp\/v2\/categories?post=18177"},{"taxonomy":"post_tag","embeddable":true,"href":"https:\/\/jorgezanoni.com.br\/2019\/wp-json\/wp\/v2\/tags?post=18177"}],"curies":[{"name":"wp","href":"https:\/\/api.w.org\/{rel}","templated":true}]}}