{"id":18151,"date":"2020-02-07T22:20:17","date_gmt":"2020-02-07T22:20:17","guid":{"rendered":"https:\/\/jorgezanoni.com.br\/2019\/?p=18151"},"modified":"2020-02-07T22:39:26","modified_gmt":"2020-02-07T22:39:26","slug":"reclamacao-da-populacao-moradores-da-rua-erico-verissimo-ja-pediram-providencias-e-nao-foram-atendidos-casa-esta-abandonada","status":"publish","type":"post","link":"https:\/\/jorgezanoni.com.br\/2019\/reclamacao-da-populacao-moradores-da-rua-erico-verissimo-ja-pediram-providencias-e-nao-foram-atendidos-casa-esta-abandonada\/","title":{"rendered":"Reclama\u00e7\u00e3o da Popula\u00e7\u00e3o: Moradores da rua \u00c9rico Ver\u00edssimo j\u00e1 pediram provid\u00eancias e n\u00e3o foram atendidos, casa est\u00e1 abandonada"},"content":{"rendered":"<p>Rua \u00c9rico Ver\u00edssimo ao lado do n\u00ba 244 &#8211; Jardim Brasil\u00e2ndia.<\/p>\n<div id=\"fb-root\"><\/div>\n<p><script async=\"1\" defer=\"1\" crossorigin=\"anonymous\" src=\"https:\/\/connect.facebook.net\/en_US\/sdk.js#xfbml=1&amp;version=v6.0\"><\/script><\/p>\n<div class=\"fb-video\" data-href=\"https:\/\/www.facebook.com\/jorgezanonidracena\/videos\/2528006397453438\/\" data-width=\"696\">\n<blockquote cite=\"https:\/\/www.facebook.com\/jorgezanonidracena\/videos\/2528006397453438\/\" class=\"fb-xfbml-parse-ignore\"><p><a href=\"https:\/\/www.facebook.com\/jorgezanonidracena\/videos\/2528006397453438\/\">Reclama\u00e7\u00e3o da Popula\u00e7\u00e3o: Moradores da rua \u00c9rico Ver\u00edssimo j\u00e1 pediram provid\u00eancias e n\u00e3o foram atendidos, casa est\u00e1 abandonada<\/a><\/p>\n<p>Reclama\u00e7\u00e3o da Popula\u00e7\u00e3o: Moradores da rua \u00c9rico Ver\u00edssimo j\u00e1 pediram provid\u00eancias e n\u00e3o foram atendidos, casa est\u00e1 abandonada.<\/p>\n<p>Posted by <a href=\"https:\/\/www.facebook.com\/jorgezanonidracena\/\">Jorge Zanoni<\/a> on Friday, February 7, 2020<\/p><\/blockquote>\n<\/div>\n","protected":false},"excerpt":{"rendered":"<p>Rua \u00c9rico Ver\u00edssimo ao lado do n\u00ba 244 &#8211; Jardim Brasil\u00e2ndia. Reclama\u00e7\u00e3o da Popula\u00e7\u00e3o: Moradores da rua \u00c9rico Ver\u00edssimo j\u00e1 pediram provid\u00eancias e n\u00e3o foram atendidos, casa est\u00e1 abandonada Reclama\u00e7\u00e3o da Popula\u00e7\u00e3o: Moradores da rua \u00c9rico Ver\u00edssimo j\u00e1 pediram provid\u00eancias e n\u00e3o foram atendidos, casa est\u00e1 abandonada. Posted by Jorge Zanoni on Friday, February 7, [&hellip;]<\/p>\n","protected":false},"author":1,"featured_media":18152,"comment_status":"closed","ping_status":"open","sticky":false,"template":"","format":"video","meta":{"footnotes":""},"categories":[169],"tags":[],"class_list":["post-18151","post","type-post","status-publish","format-video","has-post-thumbnail","hentry","category-videos","post_format-post-format-video"],"_links":{"self":[{"href":"https:\/\/jorgezanoni.com.br\/2019\/wp-json\/wp\/v2\/posts\/18151","targetHints":{"allow":["GET"]}}],"collection":[{"href":"https:\/\/jorgezanoni.com.br\/2019\/wp-json\/wp\/v2\/posts"}],"about":[{"href":"https:\/\/jorgezanoni.com.br\/2019\/wp-json\/wp\/v2\/types\/post"}],"author":[{"embeddable":true,"href":"https:\/\/jorgezanoni.com.br\/2019\/wp-json\/wp\/v2\/users\/1"}],"replies":[{"embeddable":true,"href":"https:\/\/jorgezanoni.com.br\/2019\/wp-json\/wp\/v2\/comments?post=18151"}],"version-history":[{"count":0,"href":"https:\/\/jorgezanoni.com.br\/2019\/wp-json\/wp\/v2\/posts\/18151\/revisions"}],"wp:featuredmedia":[{"embeddable":true,"href":"https:\/\/jorgezanoni.com.br\/2019\/wp-json\/wp\/v2\/media\/18152"}],"wp:attachment":[{"href":"https:\/\/jorgezanoni.com.br\/2019\/wp-json\/wp\/v2\/media?parent=18151"}],"wp:term":[{"taxonomy":"category","embeddable":true,"href":"https:\/\/jorgezanoni.com.br\/2019\/wp-json\/wp\/v2\/categories?post=18151"},{"taxonomy":"post_tag","embeddable":true,"href":"https:\/\/jorgezanoni.com.br\/2019\/wp-json\/wp\/v2\/tags?post=18151"}],"curies":[{"name":"wp","href":"https:\/\/api.w.org\/{rel}","templated":true}]}}