{"id":18133,"date":"2020-02-07T14:57:41","date_gmt":"2020-02-07T14:57:41","guid":{"rendered":"https:\/\/jorgezanoni.com.br\/2019\/?p=18133"},"modified":"2020-02-07T14:57:41","modified_gmt":"2020-02-07T14:57:41","slug":"prefeito-de-dracena-concede-entrevista-ao-site-jz-e-fala-sobre-a-leishmaniose","status":"publish","type":"post","link":"https:\/\/jorgezanoni.com.br\/2019\/prefeito-de-dracena-concede-entrevista-ao-site-jz-e-fala-sobre-a-leishmaniose\/","title":{"rendered":"Prefeito de Dracena concede entrevista ao Site JZ e fala sobre a Leishmaniose"},"content":{"rendered":"<p style=\"text-align: justify;\">Na manh\u00e3 de hoje o Prefeito de Dracena falou ao Site JZ e ao Jornal Interativo, sobre o caso da Leishmaniose que vitimou uma moradora do Jardim Jussara, e quais as provid\u00eancias est\u00e3o sendo tomadas.<\/p>\n<p>Jorge Zanoni<\/p>\n<p>Veja o V\u00eddeo na \u00edntegra:<\/p>\n<div id=\"fb-root\"><\/div>\n<p><script async=\"1\" defer=\"1\" crossorigin=\"anonymous\" src=\"https:\/\/connect.facebook.net\/en_US\/sdk.js#xfbml=1&amp;version=v6.0\"><\/script><\/p>\n<div class=\"fb-video\" data-href=\"https:\/\/www.facebook.com\/jorgezanonidracena\/videos\/810166562785886\/\" data-width=\"696\">\n<blockquote cite=\"https:\/\/www.facebook.com\/jorgezanonidracena\/videos\/810166562785886\/\" class=\"fb-xfbml-parse-ignore\"><p><a href=\"https:\/\/www.facebook.com\/jorgezanonidracena\/videos\/810166562785886\/\">Prefeito de Dracena concede entrevista ao Site JZ e fala sobre a Leishmaniose<\/a><\/p>\n<p>Prefeito de Dracena concede entrevista ao Site JZ e fala sobre a Leishmaniose<\/p>\n<p>Posted by <a href=\"https:\/\/www.facebook.com\/jorgezanonidracena\/\">Jorge Zanoni<\/a> on Friday, February 7, 2020<\/p><\/blockquote>\n<\/div>\n","protected":false},"excerpt":{"rendered":"<p>Na manh\u00e3 de hoje o Prefeito de Dracena falou ao Site JZ e ao Jornal Interativo, sobre o caso da Leishmaniose que vitimou uma moradora do Jardim Jussara, e quais as provid\u00eancias est\u00e3o sendo tomadas. Jorge Zanoni Veja o V\u00eddeo na \u00edntegra: Prefeito de Dracena concede entrevista ao Site JZ e fala sobre a Leishmaniose [&hellip;]<\/p>\n","protected":false},"author":1,"featured_media":18134,"comment_status":"closed","ping_status":"open","sticky":false,"template":"","format":"video","meta":{"footnotes":""},"categories":[110,169],"tags":[],"class_list":["post-18133","post","type-post","status-publish","format-video","has-post-thumbnail","hentry","category-noticiasdestaque","category-videos","post_format-post-format-video"],"_links":{"self":[{"href":"https:\/\/jorgezanoni.com.br\/2019\/wp-json\/wp\/v2\/posts\/18133","targetHints":{"allow":["GET"]}}],"collection":[{"href":"https:\/\/jorgezanoni.com.br\/2019\/wp-json\/wp\/v2\/posts"}],"about":[{"href":"https:\/\/jorgezanoni.com.br\/2019\/wp-json\/wp\/v2\/types\/post"}],"author":[{"embeddable":true,"href":"https:\/\/jorgezanoni.com.br\/2019\/wp-json\/wp\/v2\/users\/1"}],"replies":[{"embeddable":true,"href":"https:\/\/jorgezanoni.com.br\/2019\/wp-json\/wp\/v2\/comments?post=18133"}],"version-history":[{"count":0,"href":"https:\/\/jorgezanoni.com.br\/2019\/wp-json\/wp\/v2\/posts\/18133\/revisions"}],"wp:featuredmedia":[{"embeddable":true,"href":"https:\/\/jorgezanoni.com.br\/2019\/wp-json\/wp\/v2\/media\/18134"}],"wp:attachment":[{"href":"https:\/\/jorgezanoni.com.br\/2019\/wp-json\/wp\/v2\/media?parent=18133"}],"wp:term":[{"taxonomy":"category","embeddable":true,"href":"https:\/\/jorgezanoni.com.br\/2019\/wp-json\/wp\/v2\/categories?post=18133"},{"taxonomy":"post_tag","embeddable":true,"href":"https:\/\/jorgezanoni.com.br\/2019\/wp-json\/wp\/v2\/tags?post=18133"}],"curies":[{"name":"wp","href":"https:\/\/api.w.org\/{rel}","templated":true}]}}