{"id":18121,"date":"2020-02-06T17:39:57","date_gmt":"2020-02-06T17:39:57","guid":{"rendered":"https:\/\/jorgezanoni.com.br\/2019\/?p=18121"},"modified":"2020-02-06T17:39:57","modified_gmt":"2020-02-06T17:39:57","slug":"santa-casa-de-dracena-parabeniza-medico-pelo-titulo-de-certificacao-na-area-de-cirurgia-bariatrica","status":"publish","type":"post","link":"https:\/\/jorgezanoni.com.br\/2019\/santa-casa-de-dracena-parabeniza-medico-pelo-titulo-de-certificacao-na-area-de-cirurgia-bariatrica\/","title":{"rendered":"Santa Casa de Dracena parabeniza m\u00e9dico pelo T\u00edtulo de Certifica\u00e7\u00e3o na \u00c1rea de Cirurgia Bari\u00e1trica"},"content":{"rendered":"<p style=\"text-align: justify;\"><strong>A SANTA CASA DE DRACENA PARABENIZA DOUTOR JOS\u00c9 ROBERTO TEIXEIRA JUNIOR <\/strong><strong>PELO T\u00cdTULO DE CERTIFICA\u00c7\u00c3O NA \u00c1REA DE CIRURGIA BARI\u00c1TRICA.<\/strong><\/p>\n<p style=\"text-align: justify;\">A Diretoria Administrativa recebeu not\u00edcia alvissareira dando conta da aprova\u00e7\u00e3o do m\u00e9dico Doutor JOS\u00c9 ROBERTO TEIXEIRA JUNIOR na prova de CERTIFICA\u00c7\u00c3O NA \u00c1REA DE ATUA\u00c7\u00c3O EM CIRURGIA BARI\u00c1TRICA.<\/p>\n<p style=\"text-align: justify;\">Falando, em nome da IRMANDADE DA SANTA CASA DE MISERIC\u00d3RDIA E MATERNIDADE DE DRACENA, o provedor senhor ALTAMIR ALVES DOS SANTOS, registra a import\u00e2ncia na inova\u00e7\u00e3o, na busca incessante de trazer para dentro da Santa Casa de Dracena as novas<br \/>\nt\u00e9cnicas e a renova\u00e7\u00e3o do complexo hospitalar.<\/p>\n<p style=\"text-align: justify;\">Estendeu ao m\u00e9dico os votos de que o sucesso e a colheita de bons frutos continuem sempre do seu lado, mantendo elevado esp\u00edrito profissional e inafast\u00e1vel determina\u00e7\u00e3o de<br \/>\nsempre buscar o aperfei\u00e7oamento, requisito indispens\u00e1vel para que o profissional m\u00e9dico sempre se mantenha cientificamente atualizado. Assim disse o provedor.<\/p>\n<p style=\"text-align: justify;\">Finalizando, o m\u00e9dico JOS\u00c9 ROBERTO TEIXEIRA JUNIOR foi parabenizado pelo empenho; determina\u00e7\u00e3o; garra; profissionalismo; e principalmente seu elevado esp\u00edrito de parceria, com a Santa Casa de Dracena.<\/p>\n<p style=\"text-align: justify;\">Fonte: Assessoria de Imprensa Sta. Casa<\/p>\n<p style=\"text-align: justify;\">Foto: Redes Sociais<\/p>\n","protected":false},"excerpt":{"rendered":"<p>A SANTA CASA DE DRACENA PARABENIZA DOUTOR JOS\u00c9 ROBERTO TEIXEIRA JUNIOR PELO T\u00cdTULO DE CERTIFICA\u00c7\u00c3O NA \u00c1REA DE CIRURGIA BARI\u00c1TRICA. A Diretoria Administrativa recebeu not\u00edcia alvissareira dando conta da aprova\u00e7\u00e3o do m\u00e9dico Doutor JOS\u00c9 ROBERTO TEIXEIRA JUNIOR na prova de CERTIFICA\u00c7\u00c3O NA \u00c1REA DE ATUA\u00c7\u00c3O EM CIRURGIA BARI\u00c1TRICA. Falando, em nome da IRMANDADE DA SANTA [&hellip;]<\/p>\n","protected":false},"author":1,"featured_media":18122,"comment_status":"closed","ping_status":"open","sticky":false,"template":"","format":"standard","meta":{"footnotes":""},"categories":[110,122],"tags":[],"class_list":["post-18121","post","type-post","status-publish","format-standard","has-post-thumbnail","hentry","category-noticiasdestaque","category-saudeeducacaoeconcurso"],"_links":{"self":[{"href":"https:\/\/jorgezanoni.com.br\/2019\/wp-json\/wp\/v2\/posts\/18121","targetHints":{"allow":["GET"]}}],"collection":[{"href":"https:\/\/jorgezanoni.com.br\/2019\/wp-json\/wp\/v2\/posts"}],"about":[{"href":"https:\/\/jorgezanoni.com.br\/2019\/wp-json\/wp\/v2\/types\/post"}],"author":[{"embeddable":true,"href":"https:\/\/jorgezanoni.com.br\/2019\/wp-json\/wp\/v2\/users\/1"}],"replies":[{"embeddable":true,"href":"https:\/\/jorgezanoni.com.br\/2019\/wp-json\/wp\/v2\/comments?post=18121"}],"version-history":[{"count":0,"href":"https:\/\/jorgezanoni.com.br\/2019\/wp-json\/wp\/v2\/posts\/18121\/revisions"}],"wp:featuredmedia":[{"embeddable":true,"href":"https:\/\/jorgezanoni.com.br\/2019\/wp-json\/wp\/v2\/media\/18122"}],"wp:attachment":[{"href":"https:\/\/jorgezanoni.com.br\/2019\/wp-json\/wp\/v2\/media?parent=18121"}],"wp:term":[{"taxonomy":"category","embeddable":true,"href":"https:\/\/jorgezanoni.com.br\/2019\/wp-json\/wp\/v2\/categories?post=18121"},{"taxonomy":"post_tag","embeddable":true,"href":"https:\/\/jorgezanoni.com.br\/2019\/wp-json\/wp\/v2\/tags?post=18121"}],"curies":[{"name":"wp","href":"https:\/\/api.w.org\/{rel}","templated":true}]}}