{"id":18117,"date":"2020-02-06T17:24:07","date_gmt":"2020-02-06T17:24:07","guid":{"rendered":"https:\/\/jorgezanoni.com.br\/2019\/?p=18117"},"modified":"2020-02-06T17:24:07","modified_gmt":"2020-02-06T17:24:07","slug":"concurso-publico-no-001-2020-da-prefeitura-municipal-de-dracena","status":"publish","type":"post","link":"https:\/\/jorgezanoni.com.br\/2019\/concurso-publico-no-001-2020-da-prefeitura-municipal-de-dracena\/","title":{"rendered":"Concurso P\u00fablico n\u00ba 001\/2020 da Prefeitura Municipal de Dracena"},"content":{"rendered":"<p><strong>ATEN\u00c7\u00c3O DRACENA E REGI\u00c3O<\/strong><\/p>\n<p><strong>CONCURSO P\u00daBLICO n\u00ba 001\/2020 da Prefeitura de Dracena<\/strong><\/p>\n<p>N\u00edveis Fundamental e Superior<\/p>\n<div class=\"text_exposed_show\">\n<p>Taxa de inscri\u00e7\u00e3o a partir de R$ 10,93<\/p>\n<p>Acesse o site e fa\u00e7a sua inscri\u00e7\u00e3o<\/p>\n<p><a href=\"https:\/\/l.facebook.com\/l.php?u=http%3A%2F%2Fwww.conscamweb.com.br%2F%3Ffbclid%3DIwAR2aYZwyIkvgDIzLpPfOiyRUaMl9MUz51X5R4ska-3aub_e5fe8izeKzSRs&amp;h=AT19-L0xex3tDrrIWRvo2N67EioVCl84WoDrUvwVBKTNAKqgCXkQTU1feFiB5pKwAtETPCM_6rwTOKTokotDTHwfc5bmXS8PTBp3FY_OfDJzOAxni95YjpG-AC8mUynSyHJBQQgFTb2uoKItzD3Xv1gJiFotlVuFK5IItT_BSKrRkro0fdBOosIJJGi3hkjF1kWWHVwzwzJxNqHT-lWCYVEKPDuH1LujExe2AKc3kaOjfr2fetWH2KDgOBYZuoBO5jl7dQIL7Clr3dVQ_7vSNhj3oZBYF2BHEkYsBxxewIofmtDR3zsyA7ZAaYnF7xkqXfLG_1hb802UZRSKLhzAAPGqoWinGIUH_9PiXKE_8GA0lzw6jRYcjXoeJRiPYCQs_ZbeXYMwNLi3EB7T3OOCSaEk0ydc1YMZB7z1n1Mka2pnRuZ0EbS9pf-Yk_VVppLe-UXfB__lgEZ2ZB1RASeFfV7x0KiXQiQ4N7EsWovoO7MAbMcM5s6TtxLUy2WTWbVJob5BXC2h6tqsJOrATflGbl8cXi-DdNFFKKt31XSTgzKHU2qZ2nF2isfLsfZpdcoi3UomM9rOGvCn803uTVZdzFRNp6YQG30zObDA9rd6g7g9eWWhfBSGMAsHe5TbVaqn6ER2TA\" target=\"_blank\" rel=\"noopener noreferrer\">www.conscamweb.com.br<\/a><\/p>\n<p>Inscri\u00e7\u00f5es abertas at\u00e9 o dia 19 de fevereiro de 2020.<\/p>\n<\/div>\n<div>Fonte: Diretoria de Comunica\u00e7\u00e3o<\/div>\n<div>\n<p>(18) 3821-8009<\/p>\n<p>(18) 9 9611-1516<\/p>\n<p><img loading=\"lazy\" decoding=\"async\" class=\"alignnone size-full wp-image-18118\" src=\"https:\/\/jorgezanoni.com.br\/2019\/wp-content\/uploads\/2020\/02\/Concurso-Dracena.jpg\" alt=\"\" width=\"522\" height=\"385\" srcset=\"https:\/\/jorgezanoni.com.br\/2019\/wp-content\/uploads\/2020\/02\/Concurso-Dracena.jpg 522w, https:\/\/jorgezanoni.com.br\/2019\/wp-content\/uploads\/2020\/02\/Concurso-Dracena-300x221.jpg 300w, https:\/\/jorgezanoni.com.br\/2019\/wp-content\/uploads\/2020\/02\/Concurso-Dracena-80x60.jpg 80w\" sizes=\"auto, (max-width: 522px) 100vw, 522px\" \/><\/p>\n<\/div>\n","protected":false},"excerpt":{"rendered":"<p>ATEN\u00c7\u00c3O DRACENA E REGI\u00c3O CONCURSO P\u00daBLICO n\u00ba 001\/2020 da Prefeitura de Dracena N\u00edveis Fundamental e Superior Taxa de inscri\u00e7\u00e3o a partir de R$ 10,93 Acesse o site e fa\u00e7a sua inscri\u00e7\u00e3o www.conscamweb.com.br Inscri\u00e7\u00f5es abertas at\u00e9 o dia 19 de fevereiro de 2020. Fonte: Diretoria de Comunica\u00e7\u00e3o (18) 3821-8009 (18) 9 9611-1516<\/p>\n","protected":false},"author":1,"featured_media":18119,"comment_status":"closed","ping_status":"open","sticky":false,"template":"","format":"standard","meta":{"footnotes":""},"categories":[122],"tags":[],"class_list":["post-18117","post","type-post","status-publish","format-standard","has-post-thumbnail","hentry","category-saudeeducacaoeconcurso"],"_links":{"self":[{"href":"https:\/\/jorgezanoni.com.br\/2019\/wp-json\/wp\/v2\/posts\/18117","targetHints":{"allow":["GET"]}}],"collection":[{"href":"https:\/\/jorgezanoni.com.br\/2019\/wp-json\/wp\/v2\/posts"}],"about":[{"href":"https:\/\/jorgezanoni.com.br\/2019\/wp-json\/wp\/v2\/types\/post"}],"author":[{"embeddable":true,"href":"https:\/\/jorgezanoni.com.br\/2019\/wp-json\/wp\/v2\/users\/1"}],"replies":[{"embeddable":true,"href":"https:\/\/jorgezanoni.com.br\/2019\/wp-json\/wp\/v2\/comments?post=18117"}],"version-history":[{"count":0,"href":"https:\/\/jorgezanoni.com.br\/2019\/wp-json\/wp\/v2\/posts\/18117\/revisions"}],"wp:featuredmedia":[{"embeddable":true,"href":"https:\/\/jorgezanoni.com.br\/2019\/wp-json\/wp\/v2\/media\/18119"}],"wp:attachment":[{"href":"https:\/\/jorgezanoni.com.br\/2019\/wp-json\/wp\/v2\/media?parent=18117"}],"wp:term":[{"taxonomy":"category","embeddable":true,"href":"https:\/\/jorgezanoni.com.br\/2019\/wp-json\/wp\/v2\/categories?post=18117"},{"taxonomy":"post_tag","embeddable":true,"href":"https:\/\/jorgezanoni.com.br\/2019\/wp-json\/wp\/v2\/tags?post=18117"}],"curies":[{"name":"wp","href":"https:\/\/api.w.org\/{rel}","templated":true}]}}