{"id":18109,"date":"2020-02-06T16:51:07","date_gmt":"2020-02-06T16:51:07","guid":{"rendered":"https:\/\/jorgezanoni.com.br\/2019\/?p=18109"},"modified":"2020-02-06T16:54:07","modified_gmt":"2020-02-06T16:54:07","slug":"reclamacao-da-populacao-moradores-da-rua-nacoes-unidas-reclama-de-entulho-e-mato","status":"publish","type":"post","link":"https:\/\/jorgezanoni.com.br\/2019\/reclamacao-da-populacao-moradores-da-rua-nacoes-unidas-reclama-de-entulho-e-mato\/","title":{"rendered":"Reclama\u00e7\u00e3o da Popula\u00e7\u00e3o: Moradores da rua Na\u00e7\u00f5es Unidas reclamam de entulho e mato"},"content":{"rendered":"<p style=\"text-align: justify;\">Moradores da rua Na\u00e7\u00f5es Unidas pr\u00f3ximo ao numeral 330 na Vila Correia, reclamam de entulho na cal\u00e7ada, terreno com mato e mal cheiro.<\/p>\n<p style=\"text-align: justify;\">Dizem que \u00e9 insuport\u00e1vel, que tamb\u00e9m existem escorpi\u00f5es pelo local e que os \u00f3rg\u00e3os competentes j\u00e1 foram avisados, por\u00e9m nada fizeram.<\/p>\n<p style=\"text-align: justify;\">Pedem que seja tomada alguma provid\u00eancia r\u00e1pida, pois n\u00e3o conseguem conviver com esse descaso na porta da casa deles.<\/p>\n<p><img loading=\"lazy\" decoding=\"async\" class=\"alignnone size-full wp-image-18110\" src=\"https:\/\/jorgezanoni.com.br\/2019\/wp-content\/uploads\/2020\/02\/na\u00e7\u00f5es-1.jpg\" alt=\"\" width=\"1280\" height=\"622\" srcset=\"https:\/\/jorgezanoni.com.br\/2019\/wp-content\/uploads\/2020\/02\/na\u00e7\u00f5es-1.jpg 1280w, https:\/\/jorgezanoni.com.br\/2019\/wp-content\/uploads\/2020\/02\/na\u00e7\u00f5es-1-300x146.jpg 300w, https:\/\/jorgezanoni.com.br\/2019\/wp-content\/uploads\/2020\/02\/na\u00e7\u00f5es-1-768x373.jpg 768w, https:\/\/jorgezanoni.com.br\/2019\/wp-content\/uploads\/2020\/02\/na\u00e7\u00f5es-1-1024x498.jpg 1024w, https:\/\/jorgezanoni.com.br\/2019\/wp-content\/uploads\/2020\/02\/na\u00e7\u00f5es-1-696x338.jpg 696w, https:\/\/jorgezanoni.com.br\/2019\/wp-content\/uploads\/2020\/02\/na\u00e7\u00f5es-1-1068x519.jpg 1068w, https:\/\/jorgezanoni.com.br\/2019\/wp-content\/uploads\/2020\/02\/na\u00e7\u00f5es-1-864x420.jpg 864w\" sizes=\"auto, (max-width: 1280px) 100vw, 1280px\" \/><\/p>\n<p style=\"text-align: justify;\">Jorge Zanoni<\/p>\n<p style=\"text-align: justify;\">Fotos de Internauta<\/p>\n<p style=\"text-align: justify;\">\n","protected":false},"excerpt":{"rendered":"<p>Moradores da rua Na\u00e7\u00f5es Unidas pr\u00f3ximo ao numeral 330 na Vila Correia, reclamam de entulho na cal\u00e7ada, terreno com mato e mal cheiro. Dizem que \u00e9 insuport\u00e1vel, que tamb\u00e9m existem escorpi\u00f5es pelo local e que os \u00f3rg\u00e3os competentes j\u00e1 foram avisados, por\u00e9m nada fizeram. Pedem que seja tomada alguma provid\u00eancia r\u00e1pida, pois n\u00e3o conseguem conviver [&hellip;]<\/p>\n","protected":false},"author":1,"featured_media":18111,"comment_status":"closed","ping_status":"open","sticky":false,"template":"","format":"standard","meta":{"footnotes":""},"categories":[179,184,110],"tags":[],"class_list":["post-18109","post","type-post","status-publish","format-standard","has-post-thumbnail","hentry","category-cidadeseregiao","category-dracena","category-noticiasdestaque"],"_links":{"self":[{"href":"https:\/\/jorgezanoni.com.br\/2019\/wp-json\/wp\/v2\/posts\/18109","targetHints":{"allow":["GET"]}}],"collection":[{"href":"https:\/\/jorgezanoni.com.br\/2019\/wp-json\/wp\/v2\/posts"}],"about":[{"href":"https:\/\/jorgezanoni.com.br\/2019\/wp-json\/wp\/v2\/types\/post"}],"author":[{"embeddable":true,"href":"https:\/\/jorgezanoni.com.br\/2019\/wp-json\/wp\/v2\/users\/1"}],"replies":[{"embeddable":true,"href":"https:\/\/jorgezanoni.com.br\/2019\/wp-json\/wp\/v2\/comments?post=18109"}],"version-history":[{"count":0,"href":"https:\/\/jorgezanoni.com.br\/2019\/wp-json\/wp\/v2\/posts\/18109\/revisions"}],"wp:featuredmedia":[{"embeddable":true,"href":"https:\/\/jorgezanoni.com.br\/2019\/wp-json\/wp\/v2\/media\/18111"}],"wp:attachment":[{"href":"https:\/\/jorgezanoni.com.br\/2019\/wp-json\/wp\/v2\/media?parent=18109"}],"wp:term":[{"taxonomy":"category","embeddable":true,"href":"https:\/\/jorgezanoni.com.br\/2019\/wp-json\/wp\/v2\/categories?post=18109"},{"taxonomy":"post_tag","embeddable":true,"href":"https:\/\/jorgezanoni.com.br\/2019\/wp-json\/wp\/v2\/tags?post=18109"}],"curies":[{"name":"wp","href":"https:\/\/api.w.org\/{rel}","templated":true}]}}