{"id":18084,"date":"2020-02-06T12:39:31","date_gmt":"2020-02-06T12:39:31","guid":{"rendered":"https:\/\/jorgezanoni.com.br\/2019\/?p=18084"},"modified":"2020-02-06T12:41:09","modified_gmt":"2020-02-06T12:41:09","slug":"ladrao-simula-estar-armado-foge-de-bicicleta-e-acaba-preso-apos-roubar-posto-de-combustiveis-em-dracena","status":"publish","type":"post","link":"https:\/\/jorgezanoni.com.br\/2019\/ladrao-simula-estar-armado-foge-de-bicicleta-e-acaba-preso-apos-roubar-posto-de-combustiveis-em-dracena\/","title":{"rendered":"Ladr\u00e3o simula estar armado, foge de bicicleta e acaba preso ap\u00f3s roubar posto de combust\u00edveis em Dracena"},"content":{"rendered":"<h2 class=\"content-head__subtitle\" style=\"text-align: justify;\"><strong>Suspeito chegou a p\u00e9 ao local, na madrugada desta quinta-feira (6), e anunciou o assalto. Ele chegou a escapar, mas foi localizado.<\/strong><\/h2>\n<div class=\"mc-column content-text active-extra-styles \" data-block-type=\"unstyled\" data-block-weight=\"22\" data-block-id=\"2\">\n<p class=\"content-text__container \" style=\"text-align: justify;\" data-track-category=\"Link no Texto\" data-track-links=\"\">Um homem foi preso em flagrante ap\u00f3s roubar um posto de combust\u00edveis na madrugada desta quinta-feira (6), na Vila Barros, em\u00a0<a href=\"http:\/\/g1.globo.com\/sp\/presidente-prudente-regiao\/cidade\/dracena.html\">Dracena<\/a>.<\/p>\n<\/div>\n<div class=\"wall protected-content\">\n<div class=\"mc-column content-text active-extra-styles \" style=\"text-align: justify;\" data-block-type=\"unstyled\" data-block-weight=\"23\" data-block-id=\"3\">\n<p class=\"content-text__container \" data-track-category=\"Link no Texto\" data-track-links=\"\">O suspeito chegou ao local a p\u00e9, por volta das 1h20, e anunciou o assalto, simulando estar armando e dizendo &#8220;perdeu, perdeu&#8221;.<\/p>\n<\/div>\n<div class=\"mc-column content-text active-extra-styles \" style=\"text-align: justify;\" data-block-type=\"unstyled\" data-block-weight=\"14\" data-block-id=\"4\">\n<p class=\"content-text__container \" data-track-category=\"Link no Texto\" data-track-links=\"\">O frentista, conforme informa\u00e7\u00f5es da pol\u00edcia, entregou R$ 100 que tinha no bolso.<\/p>\n<\/div>\n<div class=\"mc-column content-text active-extra-styles \" style=\"text-align: justify;\" data-block-type=\"unstyled\" data-block-weight=\"17\" data-block-id=\"5\">\n<p class=\"content-text__container \" data-track-category=\"Link no Texto\" data-track-links=\"\">Ap\u00f3s o assalto, o homem fugiu em uma bicicleta que havia deixado nas imedia\u00e7\u00f5es do posto.<\/p>\n<\/div>\n<div class=\"mc-column content-text active-extra-styles \" data-block-type=\"unstyled\" data-block-weight=\"18\" data-block-id=\"6\">\n<p class=\"content-text__container \" style=\"text-align: justify;\" data-track-category=\"Link no Texto\" data-track-links=\"\">No entanto, durante as buscas feitas pela Pol\u00edcia Militar, ele acabou detido e permanece \u00e0 disposi\u00e7\u00e3o da Justi\u00e7a.<\/p>\n<p data-track-category=\"Link no Texto\" data-track-links=\"\">Fonte: G1<\/p>\n<\/div>\n<\/div>\n","protected":false},"excerpt":{"rendered":"<p>Suspeito chegou a p\u00e9 ao local, na madrugada desta quinta-feira (6), e anunciou o assalto. Ele chegou a escapar, mas foi localizado. Um homem foi preso em flagrante ap\u00f3s roubar um posto de combust\u00edveis na madrugada desta quinta-feira (6), na Vila Barros, em\u00a0Dracena. O suspeito chegou ao local a p\u00e9, por volta das 1h20, e [&hellip;]<\/p>\n","protected":false},"author":1,"featured_media":18085,"comment_status":"closed","ping_status":"open","sticky":false,"template":"","format":"standard","meta":{"footnotes":""},"categories":[110,2],"tags":[],"class_list":["post-18084","post","type-post","status-publish","format-standard","has-post-thumbnail","hentry","category-noticiasdestaque","category-policial"],"_links":{"self":[{"href":"https:\/\/jorgezanoni.com.br\/2019\/wp-json\/wp\/v2\/posts\/18084","targetHints":{"allow":["GET"]}}],"collection":[{"href":"https:\/\/jorgezanoni.com.br\/2019\/wp-json\/wp\/v2\/posts"}],"about":[{"href":"https:\/\/jorgezanoni.com.br\/2019\/wp-json\/wp\/v2\/types\/post"}],"author":[{"embeddable":true,"href":"https:\/\/jorgezanoni.com.br\/2019\/wp-json\/wp\/v2\/users\/1"}],"replies":[{"embeddable":true,"href":"https:\/\/jorgezanoni.com.br\/2019\/wp-json\/wp\/v2\/comments?post=18084"}],"version-history":[{"count":0,"href":"https:\/\/jorgezanoni.com.br\/2019\/wp-json\/wp\/v2\/posts\/18084\/revisions"}],"wp:featuredmedia":[{"embeddable":true,"href":"https:\/\/jorgezanoni.com.br\/2019\/wp-json\/wp\/v2\/media\/18085"}],"wp:attachment":[{"href":"https:\/\/jorgezanoni.com.br\/2019\/wp-json\/wp\/v2\/media?parent=18084"}],"wp:term":[{"taxonomy":"category","embeddable":true,"href":"https:\/\/jorgezanoni.com.br\/2019\/wp-json\/wp\/v2\/categories?post=18084"},{"taxonomy":"post_tag","embeddable":true,"href":"https:\/\/jorgezanoni.com.br\/2019\/wp-json\/wp\/v2\/tags?post=18084"}],"curies":[{"name":"wp","href":"https:\/\/api.w.org\/{rel}","templated":true}]}}