{"id":18049,"date":"2020-02-05T22:41:45","date_gmt":"2020-02-05T22:41:45","guid":{"rendered":"https:\/\/jorgezanoni.com.br\/2019\/?p=18049"},"modified":"2020-02-05T22:41:45","modified_gmt":"2020-02-05T22:41:45","slug":"dupla-e-presa-em-flagrante-apos-furtar-materiais-de-pesca-de-residencia-em-dracena","status":"publish","type":"post","link":"https:\/\/jorgezanoni.com.br\/2019\/dupla-e-presa-em-flagrante-apos-furtar-materiais-de-pesca-de-residencia-em-dracena\/","title":{"rendered":"Dupla \u00e9 presa em flagrante ap\u00f3s furtar materiais de pesca de resid\u00eancia em Dracena"},"content":{"rendered":"<h2 class=\"content-head__subtitle\" style=\"text-align: justify;\"><strong>Porta do im\u00f3vel foi arrombada durante o crime, no Jardim It\u00e1lia. Inicialmente, suspeitos alegaram que encontraram as mercadorias em uma ca\u00e7amba, mas depois confessaram o furto.<\/strong><\/h2>\n<div class=\"mc-column content-text active-extra-styles \" data-block-type=\"unstyled\" data-block-weight=\"29\" data-block-id=\"2\">\n<p class=\"content-text__container \" style=\"text-align: justify;\" data-track-category=\"Link no Texto\" data-track-links=\"\">Dois homens, de 25 e 46 anos, foram presos em flagrante ap\u00f3s furtarem materiais de pesca de uma resid\u00eancia no Jardim It\u00e1lia, em\u00a0<a href=\"https:\/\/g1.globo.com\/sp\/presidente-prudente-regiao\/cidade\/dracena\/\">Dracena<\/a>, na tarde desta quarta-feira (5).<\/p>\n<\/div>\n<div class=\"wall protected-content\">\n<div class=\"mc-column content-text active-extra-styles \" style=\"text-align: justify;\" data-block-type=\"unstyled\" data-block-weight=\"33\" data-block-id=\"3\">\n<p class=\"content-text__container \" data-track-category=\"Link no Texto\" data-track-links=\"\">A Pol\u00edcia Militar foi acionada para atender uma ocorr\u00eancia de furto a resid\u00eancia, onde um dos ladr\u00f5es pulou o muro e o outro ficou do lado de fora observando a movimenta\u00e7\u00e3o de pessoas.<\/p>\n<\/div>\n<div class=\"mc-column content-text active-extra-styles \" style=\"text-align: justify;\" data-block-type=\"unstyled\" data-block-weight=\"19\" data-block-id=\"4\">\n<p class=\"content-text__container \" data-track-category=\"Link no Texto\" data-track-links=\"\">Os militares viram os suspeitos fugindo e conseguiram abord\u00e1-los. Um estava com uma caixa e outro com uma sacola.<\/p>\n<\/div>\n<div class=\"mc-column content-text active-extra-styles \" style=\"text-align: justify;\" data-block-type=\"unstyled\" data-block-weight=\"32\" data-block-id=\"5\">\n<p class=\"content-text__container \" data-track-category=\"Link no Texto\" data-track-links=\"\">Nas embalagens haviam 50 varas de pesca, 25 molinetes, duas carretilhas e 20 cartelas contendo dez unidades de isqueiro cada. Todos esses itens eram produtos do furto no im\u00f3vel, segundo a PM.<\/p>\n<\/div>\n<div class=\"mc-column content-text active-extra-styles \" style=\"text-align: justify;\" data-block-type=\"unstyled\" data-block-weight=\"21\" data-block-id=\"6\">\n<p class=\"content-text__container \" data-track-category=\"Link no Texto\" data-track-links=\"\">Questionados inicialmente, os suspeitos disseram que encontraram as mercadorias em uma ca\u00e7amba, mas depois confessaram o furto e indicaram a resid\u00eancia.<\/p>\n<\/div>\n<div class=\"mc-column content-text active-extra-styles \" style=\"text-align: justify;\" data-block-type=\"unstyled\" data-block-weight=\"20\" data-block-id=\"7\">\n<p class=\"content-text__container \" data-track-category=\"Link no Texto\" data-track-links=\"\">A dupla ainda relatou aos policiais que pulou o muro e arrombou uma porta do im\u00f3vel para cometer o crime.<\/p>\n<\/div>\n<div class=\"mc-column content-text active-extra-styles \" style=\"text-align: justify;\" data-block-type=\"unstyled\" data-block-weight=\"11\" data-block-id=\"8\">\n<p class=\"content-text__container \" data-track-category=\"Link no Texto\" data-track-links=\"\">O propriet\u00e1rio da casa foi localizado e reconheceu os produtos furtados.<\/p>\n<\/div>\n<div class=\"mc-column content-text active-extra-styles \" data-block-type=\"unstyled\" data-block-weight=\"13\" data-block-id=\"9\">\n<p class=\"content-text__container \" style=\"text-align: justify;\" data-track-category=\"Link no Texto\" data-track-links=\"\">Os dois suspeitos foram presos em flagrante e permaneceram \u00e0 disposi\u00e7\u00e3o da Justi\u00e7a.<\/p>\n<p style=\"text-align: justify;\" data-track-category=\"Link no Texto\" data-track-links=\"\">Fonte: G1 e Com. Social 25\u00ba BPM\/I<\/p>\n<\/div>\n<\/div>\n","protected":false},"excerpt":{"rendered":"<p>Porta do im\u00f3vel foi arrombada durante o crime, no Jardim It\u00e1lia. Inicialmente, suspeitos alegaram que encontraram as mercadorias em uma ca\u00e7amba, mas depois confessaram o furto. Dois homens, de 25 e 46 anos, foram presos em flagrante ap\u00f3s furtarem materiais de pesca de uma resid\u00eancia no Jardim It\u00e1lia, em\u00a0Dracena, na tarde desta quarta-feira (5). A [&hellip;]<\/p>\n","protected":false},"author":1,"featured_media":18050,"comment_status":"closed","ping_status":"open","sticky":false,"template":"","format":"standard","meta":{"footnotes":""},"categories":[110,2],"tags":[],"class_list":["post-18049","post","type-post","status-publish","format-standard","has-post-thumbnail","hentry","category-noticiasdestaque","category-policial"],"_links":{"self":[{"href":"https:\/\/jorgezanoni.com.br\/2019\/wp-json\/wp\/v2\/posts\/18049","targetHints":{"allow":["GET"]}}],"collection":[{"href":"https:\/\/jorgezanoni.com.br\/2019\/wp-json\/wp\/v2\/posts"}],"about":[{"href":"https:\/\/jorgezanoni.com.br\/2019\/wp-json\/wp\/v2\/types\/post"}],"author":[{"embeddable":true,"href":"https:\/\/jorgezanoni.com.br\/2019\/wp-json\/wp\/v2\/users\/1"}],"replies":[{"embeddable":true,"href":"https:\/\/jorgezanoni.com.br\/2019\/wp-json\/wp\/v2\/comments?post=18049"}],"version-history":[{"count":0,"href":"https:\/\/jorgezanoni.com.br\/2019\/wp-json\/wp\/v2\/posts\/18049\/revisions"}],"wp:featuredmedia":[{"embeddable":true,"href":"https:\/\/jorgezanoni.com.br\/2019\/wp-json\/wp\/v2\/media\/18050"}],"wp:attachment":[{"href":"https:\/\/jorgezanoni.com.br\/2019\/wp-json\/wp\/v2\/media?parent=18049"}],"wp:term":[{"taxonomy":"category","embeddable":true,"href":"https:\/\/jorgezanoni.com.br\/2019\/wp-json\/wp\/v2\/categories?post=18049"},{"taxonomy":"post_tag","embeddable":true,"href":"https:\/\/jorgezanoni.com.br\/2019\/wp-json\/wp\/v2\/tags?post=18049"}],"curies":[{"name":"wp","href":"https:\/\/api.w.org\/{rel}","templated":true}]}}