{"id":18034,"date":"2020-02-05T17:37:11","date_gmt":"2020-02-05T17:37:11","guid":{"rendered":"https:\/\/jorgezanoni.com.br\/2019\/?p=18034"},"modified":"2020-02-05T17:37:11","modified_gmt":"2020-02-05T17:37:11","slug":"coronavirus-bauru-apura-caso-suspeito-e-paciente-segue-em-isolamento-social","status":"publish","type":"post","link":"https:\/\/jorgezanoni.com.br\/2019\/coronavirus-bauru-apura-caso-suspeito-e-paciente-segue-em-isolamento-social\/","title":{"rendered":"Coronav\u00edrus: Bauru apura caso suspeito e paciente segue em isolamento social"},"content":{"rendered":"<h2 style=\"text-align: justify;\"><strong>Jovem de 18 anos foi atendida com sintomas leves e segue isolada em casa com fam\u00edlia; resultado sair\u00e1 em at\u00e9 10 dias.<\/strong><\/h2>\n<div class=\"content-noticia\" style=\"text-align: justify;\">\n<p class=\"texto\">A Secretaria Municipal de Sa\u00fade confirmou, nesta ter\u00e7a-feira (4), que Bauru possui um caso suspeito de coronav\u00edrus e a paciente foi orientada ao isolamento social em casa. O dado oficial deve ser computado na tarde desta quarta (5) pelo Minist\u00e9rio da Sa\u00fade, que at\u00e9 ontem registrava 13 casos suspeitos e 16 descartados em todo o Pa\u00eds.<\/p>\n<p class=\"texto\">O exame que confirmar\u00e1 ou descartar\u00e1 a suspeita em Bauru \u00e9 feito pelo Instituto Adolfo Lutz e o resultado deve sair em at\u00e9 10 dias.<\/p>\n<p class=\"texto\">Trata-se de uma jovem de 18 anos, a mesma citada em reportagem do JC nesta segunda (3), quando o hospital particular que ela procurou se posicionou sobre o atendimento.<\/p>\n<p class=\"texto\">A garota retornou da China h\u00e1 cerca de 15 dias e apresentou o in\u00edcio dos sintomas no \u00faltimo domingo (2). A identifica\u00e7\u00e3o \u00e9 mantida em sigilo pelo poder p\u00fablico.<\/p>\n<p class=\"texto\">Segundo a secretaria, ela teve febre baixa (37,8 graus), tosse e coriza. Ap\u00f3s o atendimento na unidade m\u00e9dica, a paciente foi liberada para seguir para o isolamento social at\u00e9 a remiss\u00e3o dos sintomas.<\/p>\n<p class=\"texto\">Tanto ela quanto os pais dela receberam atestados m\u00e9dicos para permanecerem em casa e foram orientados a n\u00e3o frequentarem aglomera\u00e7\u00f5es.<\/p>\n<p class=\"texto\">O tema tem gerado manifesta\u00e7\u00f5es na internet e informa\u00e7\u00f5es falsas t\u00eam sido propagadas. Para esclarecer o assunto, o JC entrevistou Ezequiel Santos, diretor da Vigil\u00e2ncia Epidemiol\u00f3gica de Bauru.<\/p>\n<p class=\"texto\">JC &#8211; Pacientes suspeitos com quadros considerados leves t\u00eam sido liberados em todo o Pa\u00eds, o que diz o protocolo?<\/p>\n<p class=\"texto\">Ezequiel &#8211; O protocolo do coronav\u00edrus \u00e9 semelhante ao da Influenza, \u00e9 recomendada a interna\u00e7\u00e3o quando o paciente tem a S\u00edndrome Aguda Grave, apresentando, por exemplo, falta de ar ou necessidade de uso de suporte ventilat\u00f3rio ou de oxig\u00eanio, al\u00e9m dos outros sintomas. A paciente em quest\u00e3o entrou com quadro de s\u00edndrome gripal leve e, nestes casos, a interna\u00e7\u00e3o n\u00e3o \u00e9 aconselh\u00e1vel. Trata-se de um protocolo preconizado pelo Minist\u00e9rio da Sa\u00fade e Organiza\u00e7\u00e3o Mundial de Sa\u00fade.<\/p>\n<p class=\"texto\">JC &#8211; Qual seria o problema na interna\u00e7\u00e3o de pacientes com quadro leve, por\u00e9m suspeito para o coronav\u00edrus?<\/p>\n<p class=\"texto\">Ezequiel &#8211; Voc\u00ea acaba expondo a pr\u00f3pria pessoa, porque h\u00e1 mais risco de ela adquirir outras infec\u00e7\u00f5es no hospital. Al\u00e9m do mais, a nossa Constitui\u00e7\u00e3o n\u00e3o prev\u00ea o isolamento compuls\u00f3rio. S\u00f3 se interna com indica\u00e7\u00e3o m\u00e9dica, e na s\u00edndrome gripal leve n\u00e3o h\u00e1 essa indica\u00e7\u00e3o. Se isso acontecesse, seria fazer dos pacientes prisioneiros. E estar\u00edamos colocando as pessoas em risco.<\/p>\n<p class=\"texto\">JC &#8211; Por que \u00e9 recomendado o isolamento social e n\u00e3o a quarentena?<\/p>\n<p class=\"texto\">Ezequiel &#8211; Outros pa\u00edses como a Fran\u00e7a, Estados Unidos e Canad\u00e1 s\u00f3 colocam em quarentena as pessoas que estavam em Wuhan, epicentro da doen\u00e7a. As demais n\u00e3o ficam em quarentena, apenas isolamento. O Brasil quer instituir para os brasileiros que est\u00e3o em Wuhan, mas n\u00e3o h\u00e1 previs\u00e3o legal ainda. O que fazemos \u00e9 uma orienta\u00e7\u00e3o para que a pessoa permane\u00e7a em casa e evite aglomera\u00e7\u00f5es at\u00e9 que haja remiss\u00e3o dos sintomas,. N\u00e3o podemos proibir ningu\u00e9m de ir e vir.<\/p>\n<p class=\"texto\">JC &#8211; E quanto \u00e0 transmiss\u00e3o? Quais as formas e per\u00edodos?<\/p>\n<p class=\"texto\">Ezequiel &#8211; Conhecemos pouco sobre o coronav\u00edrus, mas acreditamos que a transmiss\u00e3o possa acontecer entre 7 a 8 dias, ap\u00f3s o in\u00edcio dos sintomas. Ali\u00e1s, n\u00e3o existe a transmiss\u00e3o no per\u00edodo de incuba\u00e7\u00e3o. Ela s\u00f3 \u00e9 poss\u00edvel ap\u00f3s o in\u00edcio dos sintomas, pois \u00e9 transmitida por secre\u00e7\u00f5es e este \u00e9 momento em que o v\u00edrus come\u00e7a a se multiplicar e a ser expelido pelas vias superiores.<\/p>\n<p class=\"texto\">JC &#8211; Se confirmado o coronav\u00edrus na paciente em Bauru, que novas medidas ser\u00e3o adotadas?<\/p>\n<p class=\"texto\">Ezequiel &#8211; Ser\u00e1 um caso importado confirmado, n\u00e3o aut\u00f3ctone. Os cuidados n\u00e3o mudam, mas levantaremos todas as pessoas que ela teve contato a partir do in\u00edcio dos sintomas, al\u00e9m dos pais que j\u00e1 est\u00e3o com atestado. Ent\u00e3o, passaremos a monitorar se essas pessoas tamb\u00e9m ficar\u00e3o doentes.<\/p>\n<p class=\"texto\">JC &#8211; Quantas pessoas v\u00e3o e voltam da China para Bauru em m\u00e9dia?<\/p>\n<p class=\"texto\">Ezequiel &#8211; N\u00e3o tenho um dado local, mas s\u00e3o muitas. No Estado de S\u00e3o Paulo, por dia, 240 pessoas v\u00e3o e voltam da China, usando o aeroporto de S\u00e3o Paulo.<\/p>\n<p class=\"texto\">JC &#8211; Voc\u00ea acredita que o bauruense tem mais motivos para se preocupar com o H1N1 do que com o coronav\u00edrus. Por qu\u00ea?<\/p>\n<p class=\"texto\">Ezequiel &#8211; Em 2018, tivemos 20% de letalidade do H1N1 na cidade. J\u00e1 o coronav\u00edrus tem apresentado \u00edndice de 2% de letalidade. E n\u00e3o houve morte no Brasil, por enquanto. Pessoas idosas e portadoras de doen\u00e7as respirat\u00f3rias, diabetes, hipertens\u00e3o, assim como no H1N1, s\u00e3o as mais afetadas.<\/p>\n<p class=\"texto\">JC &#8211; Como se proteger do coronav\u00edrus?<\/p>\n<p class=\"texto\">Ezequiel &#8211; \u00c9 uma regra que vale para qualquer doen\u00e7a respirat\u00f3ria. Evitar grandes aglomera\u00e7\u00f5es, lavar bem as m\u00e3os, com \u00e1gua e sab\u00e3o de prefer\u00eancia (ou \u00e1lcool gel), sempre que voltar da rua ou pegar em dinheiro. Abrir janelas para circula\u00e7\u00e3o do ar tamb\u00e9m \u00e9 recomend\u00e1vel. Ao tossir e espirrar, devemos colocar o cotovelo na frente do nariz ou um len\u00e7o de papel.<\/p>\n<\/div>\n<div class=\"content-noticia\">\n<h4 style=\"text-align: justify;\">Manifesta\u00e7\u00f5es de \u00f3dio podem ajudar subnotifica\u00e7\u00e3o<\/h4>\n<p class=\"texto\" style=\"text-align: justify;\">O diretor da Vigil\u00e2ncia Epidemiol\u00f3gica alerta que\u00a0cr\u00edticas\u00a0e manifesta\u00e7\u00f5es de \u00f3dio na internet\u00a0 podem ajudar na poss\u00edvel subnotifica\u00e7\u00e3o de casos.<\/p>\n<p class=\"texto\" style=\"text-align: justify;\">&#8220;Se ficar doente, a pessoa pode acabar desistindo de procurar um m\u00e9dico por medo das rea\u00e7\u00f5es e preconceito&#8221;, cita. A Ouvidoria da prefeitura recebeu, nas \u00faltimas semanas, pedidos para que fosse impedida a entrada de viajantes da China na cidade.<\/p>\n<p class=\"texto\" style=\"text-align: justify;\">&#8220;\u00c9 um\u00a0momento em que as pessoas precisam\u00a0ter\u00a0compaix\u00e3o umas com as outras. Todos merecem respeito, \u00e9 uma doen\u00e7a s\u00e9ria. A pessoa por si s\u00f3 j\u00e1 fica fragilizada e, amanh\u00e3, pode ser qualquer um de n\u00f3s, ou um familiar nosso nessa situa\u00e7\u00e3o&#8221;, finaliza.<\/p>\n<\/div>\n<p>Fonte: https:\/\/www.jcnet.com.br\/<\/p>\n","protected":false},"excerpt":{"rendered":"<p>Jovem de 18 anos foi atendida com sintomas leves e segue isolada em casa com fam\u00edlia; resultado sair\u00e1 em at\u00e9 10 dias. A Secretaria Municipal de Sa\u00fade confirmou, nesta ter\u00e7a-feira (4), que Bauru possui um caso suspeito de coronav\u00edrus e a paciente foi orientada ao isolamento social em casa. O dado oficial deve ser computado [&hellip;]<\/p>\n","protected":false},"author":1,"featured_media":18035,"comment_status":"closed","ping_status":"open","sticky":false,"template":"","format":"standard","meta":{"footnotes":""},"categories":[110,122],"tags":[],"class_list":["post-18034","post","type-post","status-publish","format-standard","has-post-thumbnail","hentry","category-noticiasdestaque","category-saudeeducacaoeconcurso"],"_links":{"self":[{"href":"https:\/\/jorgezanoni.com.br\/2019\/wp-json\/wp\/v2\/posts\/18034","targetHints":{"allow":["GET"]}}],"collection":[{"href":"https:\/\/jorgezanoni.com.br\/2019\/wp-json\/wp\/v2\/posts"}],"about":[{"href":"https:\/\/jorgezanoni.com.br\/2019\/wp-json\/wp\/v2\/types\/post"}],"author":[{"embeddable":true,"href":"https:\/\/jorgezanoni.com.br\/2019\/wp-json\/wp\/v2\/users\/1"}],"replies":[{"embeddable":true,"href":"https:\/\/jorgezanoni.com.br\/2019\/wp-json\/wp\/v2\/comments?post=18034"}],"version-history":[{"count":0,"href":"https:\/\/jorgezanoni.com.br\/2019\/wp-json\/wp\/v2\/posts\/18034\/revisions"}],"wp:featuredmedia":[{"embeddable":true,"href":"https:\/\/jorgezanoni.com.br\/2019\/wp-json\/wp\/v2\/media\/18035"}],"wp:attachment":[{"href":"https:\/\/jorgezanoni.com.br\/2019\/wp-json\/wp\/v2\/media?parent=18034"}],"wp:term":[{"taxonomy":"category","embeddable":true,"href":"https:\/\/jorgezanoni.com.br\/2019\/wp-json\/wp\/v2\/categories?post=18034"},{"taxonomy":"post_tag","embeddable":true,"href":"https:\/\/jorgezanoni.com.br\/2019\/wp-json\/wp\/v2\/tags?post=18034"}],"curies":[{"name":"wp","href":"https:\/\/api.w.org\/{rel}","templated":true}]}}