{"id":1803,"date":"2019-07-23T00:56:20","date_gmt":"2019-07-23T00:56:20","guid":{"rendered":"http:\/\/jorgezanoni.com.br\/2019\/?p=1803"},"modified":"2019-07-23T00:56:20","modified_gmt":"2019-07-23T00:56:20","slug":"artigo-o-novo-do-velho","status":"publish","type":"post","link":"https:\/\/jorgezanoni.com.br\/2019\/artigo-o-novo-do-velho\/","title":{"rendered":"Artigo &#8220;O novo do velho&#8221;"},"content":{"rendered":"<p>J\u00e1 escreveu Lu\u00eds Fernando Ver\u00edssimo: \u201cquando achamos que temos todas as<br \/>\nrespostas, vem a vida e muda todas as perguntas\u201d. Feliz \u00e9 aquele que chega \u00e0<br \/>\nvelhice. Mas n\u00e3o \u00e9 s\u00f3. Temos que alcan\u00e7ar a terceira idade com o m\u00ednimo<br \/>\nposs\u00edvel de mazelas. A popula\u00e7\u00e3o brasileira est\u00e1 envelhecendo. A nossa<br \/>\nsociedade caminha para venerar o idoso, como \u00e9 na cultura japonesa. O idoso<br \/>\nn\u00e3o pode ser considerado como uma pessoa incapaz. Traz consigo a sabedoria<br \/>\ne a experi\u00eancia de toda uma vida. Mas certamente h\u00e1 aqueles que cometem os<br \/>\nmesmos erros uma vida inteira e chamam a isso de experi\u00eancia. Ali\u00e1s, os<br \/>\nfac\u00ednoras tamb\u00e9m envelhecem. Enfim, a velhice \u00e9 uma etapa natural da vida que<br \/>\nquase todas as pessoas ir\u00e3o passar. Isso mesmo, passar. Pois ao chegar para<br \/>\na terceira idade, come\u00e7amos uma nova etapa da vida. Com ela acontecem as<br \/>\nmudan\u00e7as f\u00edsicas e tamb\u00e9m ps\u00edquicas: rugas, tremores, esquecimentos,<br \/>\ndiminui\u00e7\u00e3o dos reflexos\/for\u00e7a, audi\u00e7\u00e3o, vis\u00e3o, cogni\u00e7\u00e3o, racioc\u00ednio etc. Nessa<br \/>\netapa do envelhecimento \u00e9 que mais precisamos dos nossos pares. Infelizmente<br \/>\nassistimos notici\u00e1rios dando conta das dificuldades econ\u00f4micas de idosos, seja<br \/>\nporque as pessoas pr\u00f3ximas se locupletaram dos seus recursos ou at\u00e9 mesmo<br \/>\nporque n\u00e3o se prepararam para a chegada da velhice. S\u00e3o discrimina\u00e7\u00f5es do<br \/>\nmeio social e tamb\u00e9m do familiar. Muito triste. A nossa Constitui\u00e7\u00e3o Federal<br \/>\ndetermina ser dever da fam\u00edlia, da sociedade e do Estado o amparo as pessoas<br \/>\nidosas, prote\u00e7\u00e3o tamb\u00e9m assegurada pelo Estatuto do Idoso. A estimativa \u00e9 que<br \/>\nem nosso pa\u00eds os 21 milh\u00f5es de idosos atuais chegue ao patamar de 34 milh\u00f5es<br \/>\nem 2025 e 63 milh\u00f5es em 2050 (IBGE), alcan\u00e7ando o Brasil a 6.\u00aa posi\u00e7\u00e3o<br \/>\nmundial na lista dos que possuem o maior n\u00famero de pessoais idosas, segundo<br \/>\na Organiza\u00e7\u00e3o Mundial de Sa\u00fade. Por isso a import\u00e2ncia da implanta\u00e7\u00e3o de<br \/>\npol\u00edticas p\u00fablicas, sociais e familiares para essa \u201cnova realidade da velhice\u201d.<br \/>\nNesse aspecto \u00e9 importante que na forma\u00e7\u00e3o do jovem haja a inclus\u00e3o de<br \/>\ndisciplinas que se atentem a gerontologia (ci\u00eancia do envelhecimento), nas<br \/>\nfaculdades de medicina o fortalecimento da disciplina de geriatria (sa\u00fade do<br \/>\nidoso) e nas faculdades de direito maior aten\u00e7\u00e3o aos mecanismos de prote\u00e7\u00e3o.<br \/>\nPrecisamos buscar um envelhecimento digno. A velhice n\u00e3o \u00e9 doen\u00e7a. O<br \/>\nimportante \u00e9 reconhecer que a idade \u00e9 relevante e saber prosseguir em nossas<br \/>\ncaminhadas, mantendo as atividades f\u00edsicas e intelectuais e que a sociedade<br \/>\naproveite os benef\u00edcios da experi\u00eancia dos mais velhos. Que todos possamos<br \/>\nalcan\u00e7ar algo novo do velho. At\u00e9 a pr\u00f3xima semana.<\/p>\n<p>Autor: Andr\u00e9 Lu\u00eds Luengo.<\/p>\n","protected":false},"excerpt":{"rendered":"<p>J\u00e1 escreveu Lu\u00eds Fernando Ver\u00edssimo: \u201cquando achamos que temos todas as respostas, vem a vida e muda todas as perguntas\u201d. Feliz \u00e9 aquele que chega \u00e0 velhice. Mas n\u00e3o \u00e9 s\u00f3. Temos que alcan\u00e7ar a terceira idade com o m\u00ednimo poss\u00edvel de mazelas. A popula\u00e7\u00e3o brasileira est\u00e1 envelhecendo. A nossa sociedade caminha para venerar o [&hellip;]<\/p>\n","protected":false},"author":1,"featured_media":1805,"comment_status":"open","ping_status":"open","sticky":false,"template":"","format":"standard","meta":{"footnotes":""},"categories":[175],"tags":[],"class_list":["post-1803","post","type-post","status-publish","format-standard","has-post-thumbnail","hentry","category-artigos"],"_links":{"self":[{"href":"https:\/\/jorgezanoni.com.br\/2019\/wp-json\/wp\/v2\/posts\/1803","targetHints":{"allow":["GET"]}}],"collection":[{"href":"https:\/\/jorgezanoni.com.br\/2019\/wp-json\/wp\/v2\/posts"}],"about":[{"href":"https:\/\/jorgezanoni.com.br\/2019\/wp-json\/wp\/v2\/types\/post"}],"author":[{"embeddable":true,"href":"https:\/\/jorgezanoni.com.br\/2019\/wp-json\/wp\/v2\/users\/1"}],"replies":[{"embeddable":true,"href":"https:\/\/jorgezanoni.com.br\/2019\/wp-json\/wp\/v2\/comments?post=1803"}],"version-history":[{"count":0,"href":"https:\/\/jorgezanoni.com.br\/2019\/wp-json\/wp\/v2\/posts\/1803\/revisions"}],"wp:featuredmedia":[{"embeddable":true,"href":"https:\/\/jorgezanoni.com.br\/2019\/wp-json\/wp\/v2\/media\/1805"}],"wp:attachment":[{"href":"https:\/\/jorgezanoni.com.br\/2019\/wp-json\/wp\/v2\/media?parent=1803"}],"wp:term":[{"taxonomy":"category","embeddable":true,"href":"https:\/\/jorgezanoni.com.br\/2019\/wp-json\/wp\/v2\/categories?post=1803"},{"taxonomy":"post_tag","embeddable":true,"href":"https:\/\/jorgezanoni.com.br\/2019\/wp-json\/wp\/v2\/tags?post=1803"}],"curies":[{"name":"wp","href":"https:\/\/api.w.org\/{rel}","templated":true}]}}