{"id":18027,"date":"2020-02-05T17:22:20","date_gmt":"2020-02-05T17:22:20","guid":{"rendered":"https:\/\/jorgezanoni.com.br\/2019\/?p=18027"},"modified":"2020-02-05T17:22:21","modified_gmt":"2020-02-05T17:22:21","slug":"aviao-sai-da-pista-e-fuselagem-se-parte-em-aeroporto-na-turquia","status":"publish","type":"post","link":"https:\/\/jorgezanoni.com.br\/2019\/aviao-sai-da-pista-e-fuselagem-se-parte-em-aeroporto-na-turquia\/","title":{"rendered":"Avi\u00e3o sai da pista e fuselagem se parte em aeroporto na Turquia"},"content":{"rendered":"<h2 class=\"content-head__subtitle\" style=\"text-align: justify;\"><strong>Minist\u00e9rio dos Transportes afirma que a aeronave com 177 passageiros e 6 tripulantes fez um &#8216;pouso for\u00e7ado&#8217;. Segundo o governo, ningu\u00e9m morreu.<\/strong><\/h2>\n<div class=\"mc-column content-text active-extra-styles \" style=\"text-align: justify;\" data-block-type=\"unstyled\" data-block-weight=\"42\" data-block-id=\"2\">\n<p class=\"content-text__container \" data-track-category=\"Link no Texto\" data-track-links=\"\">Um avi\u00e3o saiu da pista ao aterrissar no aeroporto de Sabiha Gokcen, em Istambul, na\u00a0<a href=\"https:\/\/g1.globo.com\/tudo-sobre\/turquia\/\">Turquia<\/a>, nesta quarta-feira (5). Imagens divulgadas pela imprensa local mostraram a fuselagem do avi\u00e3o quebrada em v\u00e1rias partes e os passageiros sendo retirados pelas equipes de emerg\u00eancia.<\/p>\n<\/div>\n<div class=\"wall protected-content\">\n<div class=\"mc-column content-text active-extra-styles \" data-block-type=\"unstyled\" data-block-weight=\"18\" data-block-id=\"3\">\n<p class=\"content-text__container \" style=\"text-align: justify;\" data-track-category=\"Link no Texto\" data-track-links=\"\">O Minist\u00e9rio dos Transportes afirma que a aeronave fez um &#8220;pouso for\u00e7ado&#8221;. Segundo o governo, ningu\u00e9m morreu.<\/p>\n<p style=\"text-align: justify;\" data-track-category=\"Link no Texto\" data-track-links=\"\"><img loading=\"lazy\" decoding=\"async\" class=\"alignnone size-full wp-image-18028\" src=\"https:\/\/jorgezanoni.com.br\/2019\/wp-content\/uploads\/2020\/02\/avi\u00e3o.jpg\" alt=\"\" width=\"1262\" height=\"841\" srcset=\"https:\/\/jorgezanoni.com.br\/2019\/wp-content\/uploads\/2020\/02\/avi\u00e3o.jpg 1262w, https:\/\/jorgezanoni.com.br\/2019\/wp-content\/uploads\/2020\/02\/avi\u00e3o-300x200.jpg 300w, https:\/\/jorgezanoni.com.br\/2019\/wp-content\/uploads\/2020\/02\/avi\u00e3o-768x512.jpg 768w, https:\/\/jorgezanoni.com.br\/2019\/wp-content\/uploads\/2020\/02\/avi\u00e3o-1024x682.jpg 1024w, https:\/\/jorgezanoni.com.br\/2019\/wp-content\/uploads\/2020\/02\/avi\u00e3o-696x464.jpg 696w, https:\/\/jorgezanoni.com.br\/2019\/wp-content\/uploads\/2020\/02\/avi\u00e3o-1068x712.jpg 1068w, https:\/\/jorgezanoni.com.br\/2019\/wp-content\/uploads\/2020\/02\/avi\u00e3o-630x420.jpg 630w\" sizes=\"auto, (max-width: 1262px) 100vw, 1262px\" \/>Avi\u00e3o da Pegasus se acidentou em Istambul \u2014 Foto: AFP\/Demir<\/p>\n<div class=\"mc-column content-text active-extra-styles\" style=\"text-align: justify;\" data-block-type=\"raw\" data-block-weight=\"26\" data-block-id=\"5\">\n<blockquote class=\"content-blockquote theme-border-color-primary-before\"><p>&#8220;N\u00e3o houve perda de vidas, os passageiros feridos est\u00e3o sendo retirados do avi\u00e3o e levados para os hospitais&#8221;, disse o ministro turco dos Transportes, Cahit Turan.<\/p><\/blockquote>\n<\/div>\n<div class=\"mc-column content-text active-extra-styles \" data-block-type=\"unstyled\" data-block-weight=\"28\" data-block-id=\"6\">\n<p class=\"content-text__container \" style=\"text-align: justify;\" data-track-category=\"Link no Texto\" data-track-links=\"\">O avi\u00e3o, da companhia a\u00e9rea de baixo custo Pegasus Airlines, com 177 passageiros e seis tripulantes, havia decolado da cidade de Izmir, no oeste do pa\u00eds.<\/p>\n<div class=\"mc-column content-text active-extra-styles \" style=\"text-align: justify;\" data-block-type=\"unstyled\" data-block-weight=\"15\" data-block-id=\"8\">\n<p class=\"content-text__container \" data-track-category=\"Link no Texto\" data-track-links=\"\">O site de rastreamento de voos Flightradar24 afirma que a aeronave \u00e9 um Boeing 737.<\/p>\n<\/div>\n<div class=\"mc-column content-text active-extra-styles \" data-block-type=\"unstyled\" data-block-weight=\"12\" data-block-id=\"9\">\n<p class=\"content-text__container \" style=\"text-align: justify;\" data-track-category=\"Link no Texto\" data-track-links=\"\">Ap\u00f3s o acidente, o aeroporto foi fechado e voos foram desviados.<\/p>\n<p style=\"text-align: justify;\" data-track-category=\"Link no Texto\" data-track-links=\"\"><img loading=\"lazy\" decoding=\"async\" class=\"alignnone size-full wp-image-18029\" src=\"https:\/\/jorgezanoni.com.br\/2019\/wp-content\/uploads\/2020\/02\/aviao1.jpg\" alt=\"\" width=\"640\" height=\"853\" srcset=\"https:\/\/jorgezanoni.com.br\/2019\/wp-content\/uploads\/2020\/02\/aviao1.jpg 640w, https:\/\/jorgezanoni.com.br\/2019\/wp-content\/uploads\/2020\/02\/aviao1-225x300.jpg 225w, https:\/\/jorgezanoni.com.br\/2019\/wp-content\/uploads\/2020\/02\/aviao1-315x420.jpg 315w\" sizes=\"auto, (max-width: 640px) 100vw, 640px\" \/><\/p>\n<div class=\"row medium-uncollapsed content-media content-photo\" style=\"text-align: justify;\" data-block-type=\"backstage-photo\" data-block-id=\"10\">\n<div class=\"mc-column content-media__container\">\n<p class=\"content-media__description \">Avi\u00e3o da companhia Pegasus se acidentou logo ap\u00f3s pousar em Istambul \u2014 Foto: Demir\/AFP<\/p>\n<\/div>\n<\/div>\n<div class=\"mc-column content-text active-extra-styles\" style=\"text-align: justify;\" data-block-type=\"raw\" data-block-weight=\"1\" data-block-id=\"11\">\n<div class=\"content-intertitle\">\n<h2>Aeroporto<\/h2>\n<\/div>\n<\/div>\n<div class=\"mc-column content-text active-extra-styles \" style=\"text-align: justify;\" data-block-type=\"unstyled\" data-block-weight=\"61\" data-block-id=\"12\">\n<p class=\"content-text__container \" data-track-category=\"Link no Texto\" data-track-links=\"\">O Aeroporto Sabiha Gokcen \u00e9 o segundo maior de Istambul. Ele foi inaugurado para aliviar o tr\u00e1fego ao Aeroporto Internacional Ataturk, no come\u00e7o dos anos 2000. Desde ent\u00e3o, o Aeroporto Ataturk foi fechado para voos de passageiros e foi inaugurado o Aeroporto Internacional de Istambul, um dos maiores do mundo. O Sabiha Gokcen, assim, manteve-se como o segundo da cidade.<\/p>\n<\/div>\n<div class=\"row medium-uncollapsed content-media content-photo\" style=\"text-align: justify;\" data-block-type=\"backstage-photo\" data-block-id=\"13\">\n<div class=\"mc-column content-media__container\">\n<div class=\"progressive-img can-open-lightbox\" data-min-size=\"1008x844\" data-min-size-url=\"https:\/\/s2.glbimg.com\/lYyZMzRi5gXKYMbcjsD6Kj75MGM=\/0x0:561x470\/1008x0\/smart\/filters:strip_icc()\/i.s3.glbimg.com\/v1\/AUTH_59edd422c0c84a879bd37670ae4f538a\/internal_photos\/bs\/2020\/8\/e\/78HdTRRDe3tcoq7mB0oA\/istambul.jpg\" data-max-size=\"1600x1340\" data-max-size-url=\"https:\/\/s2.glbimg.com\/yPxUP-VyYbt3hSP932d1ZGSlg-4=\/0x0:561x470\/1600x0\/smart\/filters:strip_icc()\/i.s3.glbimg.com\/v1\/AUTH_59edd422c0c84a879bd37670ae4f538a\/internal_photos\/bs\/2020\/8\/e\/78HdTRRDe3tcoq7mB0oA\/istambul.jpg\" data-media-index=\"2\">\n<div class=\"placeholder-container\"><\/div>\n<p><img decoding=\"async\" class=\"progressive-draft\" title=\"Local do acidente de avi\u00e3o na Turquia \u2014 Foto: G1 \" src=\"data:image\/jpeg;base64,\/9j\/4AAQSkZJRgABAQAAAQABAAD\/2wBDAAMCAgMCAgMDAwMEAwMEBQgFBQQEBQoHBwYIDAoMDAsKCwsNDhIQDQ4RDgsLEBYQERMUFRUVDA8XGBYUGBIUFRT\/2wBDAQMEBAUEBQkFBQkUDQsNFBQUFBQUFBQUFBQUFBQUFBQUFBQUFBQUFBQUFBQUFBQUFBQUFBQUFBQUFBQUFBQUFBT\/wgARCAAVABkDASIAAhEBAxEB\/8QAGgAAAwADAQAAAAAAAAAAAAAAAAMEAQIFCP\/EABcBAQEBAQAAAAAAAAAAAAAAAAMAAQL\/2gAMAwEAAhADEAAAAfRcVOdNrl7VyWh2d9oG\/wD\/xAAcEAACAwADAQAAAAAAAAAAAAACAwABEwQREhT\/2gAIAQEAAQUCwXOR5WauUTJ9lQ33lStSJAHMAmXd0shpYX3P\/8QAGBEAAwEBAAAAAAAAAAAAAAAAAAERISL\/2gAIAQMBAT8BbuI6II\/\/xAAYEQACAwAAAAAAAAAAAAAAAAAAIQEQMf\/aAAgBAgEBPwGFor\/\/xAAfEAABBAICAwAAAAAAAAAAAAABAAIRIRIxAxAiMqH\/2gAIAQEABj8CPj9KbiLF7Ul0Ab11k1B5giFbVor2pQOSESXZdf\/EAB8QAQACAgICAwAAAAAAAAAAAAEAESFBMWFx8ZGh8P\/aAAgBAQABPyG9w1v3SiGcyzX3P1T2fE7n4hAJa03qDZ6MQrCVsxPbQajyLVbl0A6IBnY3qVP\/2gAMAwEAAgADAAAAEG04ov\/EABgRAQEBAQEAAAAAAAAAAAAAAAEAIREx\/9oACAEDAQE\/EEPXYBlwOXi\/\/8QAGBEBAQEBAQAAAAAAAAAAAAAAAQARITH\/2gAIAQIBAT8QHqarVnrf\/8QAIBABAAICAgEFAAAAAAAAAAAAAREhAFEQQTFhcaHh8f\/aAAgBAQABPxAEAOfcUzmeJjpTxSj1y\/owhLpZDelSzxMphHbQ9bzpZcozuvN7yCwqhF8Z+1xgkYHZEl6y3KjH2YuyiAQQ1Fcf\/9k=\" alt=\"Local do acidente de avi\u00e3o na Turquia \u2014 Foto: G1 \" \/><picture><source srcset=\"https:\/\/s2.glbimg.com\/RIIUZeHfI8Gfe5DXHOWmNqDrnY4=\/0x0:561x470\/600x0\/smart\/filters:strip_icc()\/i.s3.glbimg.com\/v1\/AUTH_59edd422c0c84a879bd37670ae4f538a\/internal_photos\/bs\/2020\/8\/e\/78HdTRRDe3tcoq7mB0oA\/istambul.jpg 1x, https:\/\/s2.glbimg.com\/DNF_EUpSpvkJ1UQTx70t5jPavlo=\/0x0:561x470\/1200x0\/smart\/filters:strip_icc()\/i.s3.glbimg.com\/v1\/AUTH_59edd422c0c84a879bd37670ae4f538a\/internal_photos\/bs\/2020\/8\/e\/78HdTRRDe3tcoq7mB0oA\/istambul.jpg 2x\" media=\"(max-width: 1024px)\" data-src=\"https:\/\/s2.glbimg.com\/RIIUZeHfI8Gfe5DXHOWmNqDrnY4=\/0x0:561x470\/600x0\/smart\/filters:strip_icc()\/i.s3.glbimg.com\/v1\/AUTH_59edd422c0c84a879bd37670ae4f538a\/internal_photos\/bs\/2020\/8\/e\/78HdTRRDe3tcoq7mB0oA\/istambul.jpg 1x, https:\/\/s2.glbimg.com\/DNF_EUpSpvkJ1UQTx70t5jPavlo=\/0x0:561x470\/1200x0\/smart\/filters:strip_icc()\/i.s3.glbimg.com\/v1\/AUTH_59edd422c0c84a879bd37670ae4f538a\/internal_photos\/bs\/2020\/8\/e\/78HdTRRDe3tcoq7mB0oA\/istambul.jpg 2x\" \/><source srcset=\"https:\/\/s2.glbimg.com\/5x4qRp9NDxE66W0cW9Uh4Up7E1w=\/0x0:561x470\/640x0\/smart\/filters:strip_icc()\/i.s3.glbimg.com\/v1\/AUTH_59edd422c0c84a879bd37670ae4f538a\/internal_photos\/bs\/2020\/8\/e\/78HdTRRDe3tcoq7mB0oA\/istambul.jpg 1x, https:\/\/s2.glbimg.com\/YLBhZUyZMpIr3vG0t0g2Er8ymQ0=\/0x0:561x470\/1280x0\/smart\/filters:strip_icc()\/i.s3.glbimg.com\/v1\/AUTH_59edd422c0c84a879bd37670ae4f538a\/internal_photos\/bs\/2020\/8\/e\/78HdTRRDe3tcoq7mB0oA\/istambul.jpg 2x\" media=\"(max-width: 1280px)\" data-src=\"https:\/\/s2.glbimg.com\/5x4qRp9NDxE66W0cW9Uh4Up7E1w=\/0x0:561x470\/640x0\/smart\/filters:strip_icc()\/i.s3.glbimg.com\/v1\/AUTH_59edd422c0c84a879bd37670ae4f538a\/internal_photos\/bs\/2020\/8\/e\/78HdTRRDe3tcoq7mB0oA\/istambul.jpg 1x, https:\/\/s2.glbimg.com\/YLBhZUyZMpIr3vG0t0g2Er8ymQ0=\/0x0:561x470\/1280x0\/smart\/filters:strip_icc()\/i.s3.glbimg.com\/v1\/AUTH_59edd422c0c84a879bd37670ae4f538a\/internal_photos\/bs\/2020\/8\/e\/78HdTRRDe3tcoq7mB0oA\/istambul.jpg 2x\" \/><source srcset=\"https:\/\/s2.glbimg.com\/LztGzoNZSFwQHR0eh8tnolAn8Qw=\/0x0:561x470\/984x0\/smart\/filters:strip_icc()\/i.s3.glbimg.com\/v1\/AUTH_59edd422c0c84a879bd37670ae4f538a\/internal_photos\/bs\/2020\/8\/e\/78HdTRRDe3tcoq7mB0oA\/istambul.jpg 1x, https:\/\/s2.glbimg.com\/PmuyzKt_M8t9qwNYsV_E5V29-2w=\/0x0:561x470\/1968x0\/smart\/filters:strip_icc()\/i.s3.glbimg.com\/v1\/AUTH_59edd422c0c84a879bd37670ae4f538a\/internal_photos\/bs\/2020\/8\/e\/78HdTRRDe3tcoq7mB0oA\/istambul.jpg 2x\" media=\"(max-width: 1360px)\" data-src=\"https:\/\/s2.glbimg.com\/LztGzoNZSFwQHR0eh8tnolAn8Qw=\/0x0:561x470\/984x0\/smart\/filters:strip_icc()\/i.s3.glbimg.com\/v1\/AUTH_59edd422c0c84a879bd37670ae4f538a\/internal_photos\/bs\/2020\/8\/e\/78HdTRRDe3tcoq7mB0oA\/istambul.jpg 1x, https:\/\/s2.glbimg.com\/PmuyzKt_M8t9qwNYsV_E5V29-2w=\/0x0:561x470\/1968x0\/smart\/filters:strip_icc()\/i.s3.glbimg.com\/v1\/AUTH_59edd422c0c84a879bd37670ae4f538a\/internal_photos\/bs\/2020\/8\/e\/78HdTRRDe3tcoq7mB0oA\/istambul.jpg 2x\" \/><source srcset=\"https:\/\/s2.glbimg.com\/2xNR6A3sHK8YKGQokEDR1kj6NEQ=\/0x0:561x470\/1000x0\/smart\/filters:strip_icc()\/i.s3.glbimg.com\/v1\/AUTH_59edd422c0c84a879bd37670ae4f538a\/internal_photos\/bs\/2020\/8\/e\/78HdTRRDe3tcoq7mB0oA\/istambul.jpg 1x, https:\/\/s2.glbimg.com\/S52Sjkruft2sQdq5nbEaA-UTk-8=\/0x0:561x470\/2000x0\/smart\/filters:strip_icc()\/i.s3.glbimg.com\/v1\/AUTH_59edd422c0c84a879bd37670ae4f538a\/internal_photos\/bs\/2020\/8\/e\/78HdTRRDe3tcoq7mB0oA\/istambul.jpg 2x\" media=\"(min-width: 1361px)\" data-src=\"https:\/\/s2.glbimg.com\/2xNR6A3sHK8YKGQokEDR1kj6NEQ=\/0x0:561x470\/1000x0\/smart\/filters:strip_icc()\/i.s3.glbimg.com\/v1\/AUTH_59edd422c0c84a879bd37670ae4f538a\/internal_photos\/bs\/2020\/8\/e\/78HdTRRDe3tcoq7mB0oA\/istambul.jpg 1x, https:\/\/s2.glbimg.com\/S52Sjkruft2sQdq5nbEaA-UTk-8=\/0x0:561x470\/2000x0\/smart\/filters:strip_icc()\/i.s3.glbimg.com\/v1\/AUTH_59edd422c0c84a879bd37670ae4f538a\/internal_photos\/bs\/2020\/8\/e\/78HdTRRDe3tcoq7mB0oA\/istambul.jpg 2x\" \/><source srcset=\"https:\/\/s2.glbimg.com\/LztGzoNZSFwQHR0eh8tnolAn8Qw=\/0x0:561x470\/984x0\/smart\/filters:strip_icc()\/i.s3.glbimg.com\/v1\/AUTH_59edd422c0c84a879bd37670ae4f538a\/internal_photos\/bs\/2020\/8\/e\/78HdTRRDe3tcoq7mB0oA\/istambul.jpg\" data-src=\"https:\/\/s2.glbimg.com\/LztGzoNZSFwQHR0eh8tnolAn8Qw=\/0x0:561x470\/984x0\/smart\/filters:strip_icc()\/i.s3.glbimg.com\/v1\/AUTH_59edd422c0c84a879bd37670ae4f538a\/internal_photos\/bs\/2020\/8\/e\/78HdTRRDe3tcoq7mB0oA\/istambul.jpg\" \/><img decoding=\"async\" class=\"image content-media__image progressive-loaded\" title=\"Local do acidente de avi\u00e3o na Turquia \u2014 Foto: G1 \" src=\"https:\/\/s2.glbimg.com\/LztGzoNZSFwQHR0eh8tnolAn8Qw=\/0x0:561x470\/984x0\/smart\/filters:strip_icc()\/i.s3.glbimg.com\/v1\/AUTH_59edd422c0c84a879bd37670ae4f538a\/internal_photos\/bs\/2020\/8\/e\/78HdTRRDe3tcoq7mB0oA\/istambul.jpg\" alt=\"Local do acidente de avi\u00e3o na Turquia \u2014 Foto: G1 \" data-src=\"https:\/\/s2.glbimg.com\/LztGzoNZSFwQHR0eh8tnolAn8Qw=\/0x0:561x470\/984x0\/smart\/filters:strip_icc()\/i.s3.glbimg.com\/v1\/AUTH_59edd422c0c84a879bd37670ae4f538a\/internal_photos\/bs\/2020\/8\/e\/78HdTRRDe3tcoq7mB0oA\/istambul.jpg\" \/><\/picture><\/div>\n<p class=\"content-media__description \">Local do acidente de avi\u00e3o na Turquia \u2014 Foto: G1<\/p>\n<p><img loading=\"lazy\" decoding=\"async\" class=\"alignnone size-full wp-image-18030\" src=\"https:\/\/jorgezanoni.com.br\/2019\/wp-content\/uploads\/2020\/02\/avi\u00e3o2.jpg\" alt=\"\" width=\"640\" height=\"360\" srcset=\"https:\/\/jorgezanoni.com.br\/2019\/wp-content\/uploads\/2020\/02\/avi\u00e3o2.jpg 640w, https:\/\/jorgezanoni.com.br\/2019\/wp-content\/uploads\/2020\/02\/avi\u00e3o2-300x169.jpg 300w\" sizes=\"auto, (max-width: 640px) 100vw, 640px\" \/>Fuselagem de avi\u00e3o ficou partida em aeroporto de Istambul, na Turquia \u2014 Foto: Reprodu\u00e7\u00e3o\/ Globonews<\/p>\n<p><img loading=\"lazy\" decoding=\"async\" class=\"alignnone size-full wp-image-18031\" src=\"https:\/\/jorgezanoni.com.br\/2019\/wp-content\/uploads\/2020\/02\/avi\u00e3o3.jpg\" alt=\"\" width=\"640\" height=\"352\" srcset=\"https:\/\/jorgezanoni.com.br\/2019\/wp-content\/uploads\/2020\/02\/avi\u00e3o3.jpg 640w, https:\/\/jorgezanoni.com.br\/2019\/wp-content\/uploads\/2020\/02\/avi\u00e3o3-300x165.jpg 300w\" sizes=\"auto, (max-width: 640px) 100vw, 640px\" \/><\/p>\n<p>Avi\u00e3o se partiu em peda\u00e7os ap\u00f3s o pouso na Turquia \u2014 Foto: NBC<\/p>\n<p>Fonte: G1<\/p>\n<\/div>\n<\/div>\n<div class=\"row medium-uncollapsed content-media content-photo\" data-block-type=\"backstage-photo\" data-block-id=\"14\">\n<div class=\"mc-column content-media__container\">\n<div class=\"progressive-img can-open-lightbox\" style=\"text-align: justify;\" data-min-size=\"1008x567\" data-min-size-url=\"https:\/\/s2.glbimg.com\/6hUM-w54QyGyvp_8SQzZwZuqTDo=\/0x0:1920x1080\/1008x0\/smart\/filters:strip_icc()\/i.s3.glbimg.com\/v1\/AUTH_59edd422c0c84a879bd37670ae4f538a\/internal_photos\/bs\/2020\/W\/c\/xBek52QJSU69AtBxBMRg\/aviaoturquia3.jpg\" data-max-size=\"1600x900\" data-max-size-url=\"https:\/\/s2.glbimg.com\/0rROMCMS09sd34QJHt1OqC3GpoA=\/0x0:1920x1080\/1600x0\/smart\/filters:strip_icc()\/i.s3.glbimg.com\/v1\/AUTH_59edd422c0c84a879bd37670ae4f538a\/internal_photos\/bs\/2020\/W\/c\/xBek52QJSU69AtBxBMRg\/aviaoturquia3.jpg\" data-media-index=\"3\"><\/div>\n<\/div>\n<\/div>\n<\/div>\n<\/div>\n<\/div>\n<\/div>\n","protected":false},"excerpt":{"rendered":"<p>Minist\u00e9rio dos Transportes afirma que a aeronave com 177 passageiros e 6 tripulantes fez um &#8216;pouso for\u00e7ado&#8217;. Segundo o governo, ningu\u00e9m morreu. Um avi\u00e3o saiu da pista ao aterrissar no aeroporto de Sabiha Gokcen, em Istambul, na\u00a0Turquia, nesta quarta-feira (5). Imagens divulgadas pela imprensa local mostraram a fuselagem do avi\u00e3o quebrada em v\u00e1rias partes e [&hellip;]<\/p>\n","protected":false},"author":1,"featured_media":18032,"comment_status":"closed","ping_status":"open","sticky":false,"template":"","format":"standard","meta":{"footnotes":""},"categories":[170,110],"tags":[],"class_list":["post-18027","post","type-post","status-publish","format-standard","has-post-thumbnail","hentry","category-acidentes","category-noticiasdestaque"],"_links":{"self":[{"href":"https:\/\/jorgezanoni.com.br\/2019\/wp-json\/wp\/v2\/posts\/18027","targetHints":{"allow":["GET"]}}],"collection":[{"href":"https:\/\/jorgezanoni.com.br\/2019\/wp-json\/wp\/v2\/posts"}],"about":[{"href":"https:\/\/jorgezanoni.com.br\/2019\/wp-json\/wp\/v2\/types\/post"}],"author":[{"embeddable":true,"href":"https:\/\/jorgezanoni.com.br\/2019\/wp-json\/wp\/v2\/users\/1"}],"replies":[{"embeddable":true,"href":"https:\/\/jorgezanoni.com.br\/2019\/wp-json\/wp\/v2\/comments?post=18027"}],"version-history":[{"count":0,"href":"https:\/\/jorgezanoni.com.br\/2019\/wp-json\/wp\/v2\/posts\/18027\/revisions"}],"wp:featuredmedia":[{"embeddable":true,"href":"https:\/\/jorgezanoni.com.br\/2019\/wp-json\/wp\/v2\/media\/18032"}],"wp:attachment":[{"href":"https:\/\/jorgezanoni.com.br\/2019\/wp-json\/wp\/v2\/media?parent=18027"}],"wp:term":[{"taxonomy":"category","embeddable":true,"href":"https:\/\/jorgezanoni.com.br\/2019\/wp-json\/wp\/v2\/categories?post=18027"},{"taxonomy":"post_tag","embeddable":true,"href":"https:\/\/jorgezanoni.com.br\/2019\/wp-json\/wp\/v2\/tags?post=18027"}],"curies":[{"name":"wp","href":"https:\/\/api.w.org\/{rel}","templated":true}]}}