{"id":18024,"date":"2020-02-05T17:04:09","date_gmt":"2020-02-05T17:04:09","guid":{"rendered":"https:\/\/jorgezanoni.com.br\/2019\/?p=18024"},"modified":"2020-02-05T17:04:09","modified_gmt":"2020-02-05T17:04:09","slug":"justica-manda-soltar-padre-acusado-de-estupro-de-vulneravel-contra-coroinhas-em-presidente-epitacio","status":"publish","type":"post","link":"https:\/\/jorgezanoni.com.br\/2019\/justica-manda-soltar-padre-acusado-de-estupro-de-vulneravel-contra-coroinhas-em-presidente-epitacio\/","title":{"rendered":"Justi\u00e7a manda soltar padre acusado de estupro de vulner\u00e1vel contra coroinhas em Presidente Epit\u00e1cio"},"content":{"rendered":"<h2 class=\"content-head__subtitle\" style=\"text-align: justify;\"><strong>Casos teriam ocorrido entre 2015 e 2017, dentro da casa paroquial. Homem foi preso em 2019 e estava no Centro de Reabilita\u00e7\u00e3o (CR) de Montalv\u00e3o, em Presidente Prudente.<\/strong><\/h2>\n<div class=\"mc-column content-text active-extra-styles \" data-block-type=\"unstyled\" data-block-weight=\"46\" data-block-id=\"2\">\n<p class=\"content-text__container \" style=\"text-align: justify;\" data-track-category=\"Link no Texto\" data-track-links=\"\">Um padre de\u00a0<a href=\"http:\/\/g1.globo.com\/sp\/presidente-prudente-regiao\/cidade\/presidente-epitacio.html\">Presidente Epit\u00e1cio (SP)<\/a>, que foi preso no ano passado por estupro de vulner\u00e1vel e pedofilia, foi solto na noite desta ter\u00e7a-feira (4). Cl\u00e1udio C\u00e2ndido Rosa cumpria uma pris\u00e3o preventiva no Centro de Reabilita\u00e7\u00e3o (CR) localizado no distrito de Montalv\u00e3o, em Presidente Prudente (SP).<\/p>\n<\/div>\n<div class=\"wall protected-content\">\n<div class=\"mc-column content-text active-extra-styles \" style=\"text-align: justify;\" data-block-type=\"unstyled\" data-block-weight=\"48\" data-block-id=\"3\">\n<p class=\"content-text__container \" data-track-category=\"Link no Texto\" data-track-links=\"\">A defesa dele conseguiu um<em>\u00a0habeas corpus<\/em>\u00a0na Justi\u00e7a. A alega\u00e7\u00e3o foi de que ele estava preso havia muito tempo sem ser julgado. O pedido foi aceito pelo Tribunal de Justi\u00e7a do Estado de S\u00e3o Paulo (TJ-SP) nesta segunda-feira (3) e determinou a expedi\u00e7\u00e3o de mandado de soltura.<\/p>\n<\/div>\n<div class=\"mc-column content-text active-extra-styles\" style=\"text-align: justify;\" data-block-type=\"raw\" data-block-weight=\"31\" data-block-id=\"4\">\n<ul class=\"content-unordered-list\">\n<li><a href=\"https:\/\/g1.globo.com\/sp\/presidente-prudente-regiao\/noticia\/2019\/03\/02\/padre-e-preso-por-abusar-sexualmente-de-dois-coroinhas-menores-de-14-anos-em-presidente-epitacio.ghtml\">Padre \u00e9 preso por abusar sexualmente de dois coroinhas, menores de 14 anos, em Presidente Epit\u00e1cio<\/a><\/li>\n<li><a href=\"https:\/\/g1.globo.com\/sp\/presidente-prudente-regiao\/noticia\/2019\/03\/05\/igreja-catolica-diz-que-afastou-padre-preso-por-estupro-de-vulneravel-no-inicio-das-investigacoes.ghtml\">Igreja Cat\u00f3lica diz que afastou padre preso por estupro de vulner\u00e1vel no in\u00edcio das investiga\u00e7\u00f5es<\/a><\/li>\n<\/ul>\n<\/div>\n<div class=\"mc-column content-text active-extra-styles \" style=\"text-align: justify;\" data-block-type=\"unstyled\" data-block-weight=\"38\" data-block-id=\"5\">\n<p class=\"content-text__container \" data-track-category=\"Link no Texto\" data-track-links=\"\">Acusado de abusar de dois coroinhas, que na \u00e9poca tinham menos de 13 anos,\u00a0<a href=\"https:\/\/g1.globo.com\/sp\/presidente-prudente-regiao\/noticia\/2019\/03\/02\/padre-e-preso-por-abusar-sexualmente-de-dois-coroinhas-menores-de-14-anos-em-presidente-epitacio.ghtml\">o padre estava preso desde 28 de fevereiro do ano passado<\/a>. Os casos teriam ocorrido entre 2015 e 2017 dentro da casa paroquial.<\/p>\n<\/div>\n<div class=\"mc-column content-text active-extra-styles \" style=\"text-align: justify;\" data-block-type=\"unstyled\" data-block-weight=\"14\" data-block-id=\"6\">\n<p class=\"content-text__container \" data-track-category=\"Link no Texto\" data-track-links=\"\">O padre comandava a Par\u00f3quia de S\u00e3o Pedro, a principal de Presidente Epit\u00e1cio.<\/p>\n<\/div>\n<div class=\"mc-column content-text active-extra-styles \" style=\"text-align: justify;\" data-block-type=\"unstyled\" data-block-weight=\"42\" data-block-id=\"7\">\n<p class=\"content-text__container \" data-track-category=\"Link no Texto\" data-track-links=\"\">Durante as investiga\u00e7\u00f5es, a pol\u00edcia encontrou com um outro adolescente uma foto do padre nu, tirada dentro do quarto dele. No computador usado por ele, tamb\u00e9m foi encontrado material pornogr\u00e1fico, mas de conte\u00fado adulto. Ouvido pela pol\u00edcia, o padre negou os abusos.<\/p>\n<p class=\"content-text__container \" data-track-category=\"Link no Texto\" data-track-links=\"\"><span style=\"font-family: inherit; font-size: inherit; font-style: inherit; font-variant-ligatures: inherit; font-variant-caps: inherit; font-weight: inherit; text-align: center;\">\u00c0 \u00e9poca das den\u00fancias, em 2017, a Igreja Cat\u00f3lica chegou a divulgar que o padre estava se afastando por motivos de sa\u00fade. Depois, revelou que tinha sido suspenso e se mudado para Goi\u00e1s.<\/span><\/p>\n<\/div>\n<div class=\"mc-column content-text active-extra-styles \" style=\"text-align: justify;\" data-block-type=\"unstyled\" data-block-weight=\"18\" data-block-id=\"10\">\n<p class=\"content-text__container \" data-track-category=\"Link no Texto\" data-track-links=\"\">A defesa alegou que prefere n\u00e3o se manifestar neste momento, porque o caso corre em segredo de Justi\u00e7a.<\/p>\n<\/div>\n<div class=\"mc-column content-text active-extra-styles \" style=\"text-align: justify;\" data-block-type=\"unstyled\" data-block-weight=\"17\" data-block-id=\"11\">\n<p class=\"content-text__container \" data-track-category=\"Link no Texto\" data-track-links=\"\">A Diocese de Presidente Prudente pontuou que prefere aguardar o julgamento do caso para, ent\u00e3o, se pronunciar.<\/p>\n<\/div>\n<div class=\"mc-column content-text active-extra-styles \" data-block-type=\"unstyled\" data-block-weight=\"35\" data-block-id=\"12\">\n<p class=\"content-text__container \" style=\"text-align: justify;\" data-track-category=\"Link no Texto\" data-track-links=\"\">O\u00a0<strong>G1\u00a0<\/strong>solicitou nesta ter\u00e7a-feira (4) um posicionamento do TJ-SP sobre o caso, mas a corte paulista respondeu, em nota, que \u201co processo tramita em segredo de Justi\u00e7a e, desta maneira, n\u00e3o h\u00e1 informa\u00e7\u00f5es dispon\u00edveis\u201d.<\/p>\n<p style=\"text-align: justify;\" data-track-category=\"Link no Texto\" data-track-links=\"\">Fonte: G1<\/p>\n<p data-track-category=\"Link no Texto\" data-track-links=\"\">Imagem Ilustrativa<\/p>\n<\/div>\n<\/div>\n","protected":false},"excerpt":{"rendered":"<p>Casos teriam ocorrido entre 2015 e 2017, dentro da casa paroquial. Homem foi preso em 2019 e estava no Centro de Reabilita\u00e7\u00e3o (CR) de Montalv\u00e3o, em Presidente Prudente. Um padre de\u00a0Presidente Epit\u00e1cio (SP), que foi preso no ano passado por estupro de vulner\u00e1vel e pedofilia, foi solto na noite desta ter\u00e7a-feira (4). Cl\u00e1udio C\u00e2ndido Rosa [&hellip;]<\/p>\n","protected":false},"author":1,"featured_media":18025,"comment_status":"closed","ping_status":"open","sticky":false,"template":"","format":"standard","meta":{"footnotes":""},"categories":[110,2],"tags":[],"class_list":["post-18024","post","type-post","status-publish","format-standard","has-post-thumbnail","hentry","category-noticiasdestaque","category-policial"],"_links":{"self":[{"href":"https:\/\/jorgezanoni.com.br\/2019\/wp-json\/wp\/v2\/posts\/18024","targetHints":{"allow":["GET"]}}],"collection":[{"href":"https:\/\/jorgezanoni.com.br\/2019\/wp-json\/wp\/v2\/posts"}],"about":[{"href":"https:\/\/jorgezanoni.com.br\/2019\/wp-json\/wp\/v2\/types\/post"}],"author":[{"embeddable":true,"href":"https:\/\/jorgezanoni.com.br\/2019\/wp-json\/wp\/v2\/users\/1"}],"replies":[{"embeddable":true,"href":"https:\/\/jorgezanoni.com.br\/2019\/wp-json\/wp\/v2\/comments?post=18024"}],"version-history":[{"count":0,"href":"https:\/\/jorgezanoni.com.br\/2019\/wp-json\/wp\/v2\/posts\/18024\/revisions"}],"wp:featuredmedia":[{"embeddable":true,"href":"https:\/\/jorgezanoni.com.br\/2019\/wp-json\/wp\/v2\/media\/18025"}],"wp:attachment":[{"href":"https:\/\/jorgezanoni.com.br\/2019\/wp-json\/wp\/v2\/media?parent=18024"}],"wp:term":[{"taxonomy":"category","embeddable":true,"href":"https:\/\/jorgezanoni.com.br\/2019\/wp-json\/wp\/v2\/categories?post=18024"},{"taxonomy":"post_tag","embeddable":true,"href":"https:\/\/jorgezanoni.com.br\/2019\/wp-json\/wp\/v2\/tags?post=18024"}],"curies":[{"name":"wp","href":"https:\/\/api.w.org\/{rel}","templated":true}]}}